{"id":7196,"date":"2019-07-25T17:58:33","date_gmt":"2019-07-25T20:58:33","guid":{"rendered":"https:\/\/hostnetart.com.br\/baixada\/nao-ha-crime-em-veiculo-de-comunicacao-receber-informacoes-vazadas\/"},"modified":"2019-07-25T17:58:33","modified_gmt":"2019-07-25T20:58:33","slug":"nao-ha-crime-em-veiculo-de-comunicacao-receber-informacoes-vazadas","status":"publish","type":"post","link":"https:\/\/hostnetart.com.br\/baixada\/nao-ha-crime-em-veiculo-de-comunicacao-receber-informacoes-vazadas\/","title":{"rendered":"N\u00e3o h\u00e1 crime em ve\u00edculo de comunica\u00e7\u00e3o receber informa\u00e7\u00f5es vazadas"},"content":{"rendered":"<p>A pris\u00e3o de quatro supostos hackers que\u00a0<a href=\"https:\/\/www.redebrasilatual.com.br\/destaques\/2019\/07\/as-lacunas-e-contradicoes-de-moro-e-da-operacao-que-prendeu-seus-hackers\/\">teriam invadido celulares<\/a>\u00a0do ex-juiz e atual ministro da Justi\u00e7a, Sergio Moro, entre outras personalidades pol\u00edticas, n\u00e3o muda o fato de que a conduta do ex-juiz e do coordenador da Opera\u00e7\u00e3o Lava Jato, Deltan Dalagnol, precisam ser investigadas. Tamb\u00e9m n\u00e3o torna ilegal a divulga\u00e7\u00e3o do conte\u00fado por qualquer ve\u00edculo de comunica\u00e7\u00e3o. A avalia\u00e7\u00e3o \u00e9 do defensor p\u00fablico Mateus Oliveira Moro \u2013 que, apesar do sobrenome, n\u00e3o tem nenhum parentesco com o ex-juiz \u2013 , em entrevista \u00e0\u00a0<strong>R\u00e1dio Brasil Atual<\/strong>. \u201cIndependentemente se fosse ceder para algum ve\u00edculo, r\u00e1dio ou site, a Constitui\u00e7\u00e3o fala em sigilo da fonte. Tudo que est\u00e1 sendo desvendado tem que ser colocado as claras porque \u00e9 a democracia que est\u00e1 em xeque\u201d, disse Mateus.<\/p>\n<p>Pouco depois da\u00a0<a href=\"https:\/\/www.redebrasilatual.com.br\/politica\/2019\/07\/policia-federal-afirma-ter-prendido-quatro-suspeitos-de-serem-os-hackers-dos-celulares-de-moro-e-dallagnol\/\">pris\u00e3o, na tarde da ter\u00e7a-feira (23)<\/a>, foram vazados depoimentos e documentos dos presos com supostas revela\u00e7\u00f5es de inten\u00e7\u00e3o de repassar as mensagens obtidas ao PT e ao site\u00a0<em><a href=\"https:\/\/theintercept.com\/2019\/06\/09\/editorial-chats-telegram-lava-jato-moro\/\" target=\"_blank\" rel=\"noopener noreferrer\">The Intercept Brasil<\/a>,<\/em>\u00a0que vem revelando as mensagens desde o in\u00edcio de junho. O ministro da Justi\u00e7a usou as redes sociais para\u00a0<a href=\"https:\/\/www.redebrasilatual.com.br\/politica\/2019\/07\/hackers-falta-de-explicacoes-vaza-jato\/\" target=\"_blank\" rel=\"noopener noreferrer\">comemorar as pris\u00f5es e insinuar<\/a>\u00a0que os quatro detidos \u2013 Gustavo Henrique Elias Santos, Suelen Priscila de Oliveira, Walter Delgatti Neto e Danilo Cristiano Marques \u2013 seriam as fontes do site.<\/p>\n<p>\u201cO caso \u00e9 t\u00e3o grave que eu n\u00e3o consigo confiar em nada que o ministro fale. A gente vive a era da p\u00f3s verdade, uma guerra de discursos em que a Constitui\u00e7\u00e3o \u00e9 rasgada. Quando o Moro vazou ilegalmente uma conversa entre a ent\u00e3o presidenta Dilma Rousseff e o ex-presidente Luiz In\u00e1cio Lula da Silva, ele disse ter feito isso a bem do interesse p\u00fablico. Pau que bate em Chico n\u00e3o bate no Sergio? \u00c9 muita contradi\u00e7\u00e3o\u201d, disse Mateus.<\/p>\n<p>O defensor p\u00fablico destacou que o crime pelo qual os quatro s\u00e3o acusados sequer \u00e9 considerado um crime grave no direito penal brasileiro. E que a pris\u00e3o pode nem se justificar. \u201c\u00c9 um crime que a gente chama de pequeno potencial ofensivo, com pena de tr\u00eas meses a um ano. Para esse tipo de conduta voc\u00ea pode ter transi\u00e7\u00e3o penal, uma suspens\u00e3o condicional do processo ou mesmo a condena\u00e7\u00e3o em regime aberto\u201d, explicou.<\/p>\n<p>Para Mateus, mais importante que a invas\u00e3o dos celulares \u00e9 a\u00a0<a href=\"https:\/\/www.redebrasilatual.com.br\/destaques\/2019\/07\/sergio-amadeu-hackers-spoofing\/\" target=\"_blank\" rel=\"noopener noreferrer\">apura\u00e7\u00e3o da conduta de Moro<\/a>\u00a0e dos procuradores, que utilizaram o judici\u00e1rio para interferir na democracia brasileira. \u201cEle (Moro) n\u00e3o devia estar l\u00e1. Nitidamente ele, como juiz, atuou como pol\u00edtico. Prendeu de forma ilegal, e v\u00e1rios vazamentos est\u00e3o demonstrando isso, o ex-presidente, que liderava as pesquisas. E o segundo colocado, que \u00e9 o atual presidente, ganhou a elei\u00e7\u00e3o. Podemos dizer que ele contribuiu para elei\u00e7\u00e3o do chefe dele. O pr\u00f3prio parceiro dele, Dallagnol, admitiu isso. E os outros procuradores tamb\u00e9m. E eles nunca negaram o conte\u00fado\u201d, afirmou.<\/p>\n<p><strong>Fonte: Rede Brasil Atual<\/strong><\/p>\n","protected":false},"excerpt":{"rendered":"<p>A pris\u00e3o de quatro supostos hackers que\u00a0teriam invadido celulares\u00a0do ex-juiz e atual ministro da Justi\u00e7a, Sergio Moro, entre outras personalidades pol\u00edticas, n\u00e3o muda o fato de que a conduta do ex-juiz e do coordenador da Opera\u00e7\u00e3o Lava Jato, Deltan Dalagnol, precisam ser investigadas. Tamb\u00e9m n\u00e3o torna ilegal a divulga\u00e7\u00e3o do conte\u00fado por qualquer ve\u00edculo de [&hellip;]<\/p>\n","protected":false},"author":2,"featured_media":7195,"comment_status":"","ping_status":"","sticky":false,"template":"","format":"standard","meta":{"footnotes":""},"categories":[3],"tags":[],"class_list":["post-7196","post","type-post","status-publish","format-standard","has-post-thumbnail","hentry","category-noticias"],"_links":{"self":[{"href":"https:\/\/hostnetart.com.br\/baixada\/wp-json\/wp\/v2\/posts\/7196","targetHints":{"allow":["GET"]}}],"collection":[{"href":"https:\/\/hostnetart.com.br\/baixada\/wp-json\/wp\/v2\/posts"}],"about":[{"href":"https:\/\/hostnetart.com.br\/baixada\/wp-json\/wp\/v2\/types\/post"}],"author":[{"embeddable":true,"href":"https:\/\/hostnetart.com.br\/baixada\/wp-json\/wp\/v2\/users\/2"}],"replies":[{"embeddable":true,"href":"https:\/\/hostnetart.com.br\/baixada\/wp-json\/wp\/v2\/comments?post=7196"}],"version-history":[{"count":0,"href":"https:\/\/hostnetart.com.br\/baixada\/wp-json\/wp\/v2\/posts\/7196\/revisions"}],"wp:featuredmedia":[{"embeddable":true,"href":"https:\/\/hostnetart.com.br\/baixada\/wp-json\/wp\/v2\/media\/7195"}],"wp:attachment":[{"href":"https:\/\/hostnetart.com.br\/baixada\/wp-json\/wp\/v2\/media?parent=7196"}],"wp:term":[{"taxonomy":"category","embeddable":true,"href":"https:\/\/hostnetart.com.br\/baixada\/wp-json\/wp\/v2\/categories?post=7196"},{"taxonomy":"post_tag","embeddable":true,"href":"https:\/\/hostnetart.com.br\/baixada\/wp-json\/wp\/v2\/tags?post=7196"}],"curies":[{"name":"wp","href":"https:\/\/api.w.org\/{rel}","templated":true}]}}