{"id":7184,"date":"2019-07-24T13:32:31","date_gmt":"2019-07-24T16:32:31","guid":{"rendered":"https:\/\/hostnetart.com.br\/baixada\/fmi-revisa-para-baixo-crescimento-da-economia-brasileira-e-aponta-pessimismo\/"},"modified":"2019-07-24T13:32:31","modified_gmt":"2019-07-24T16:32:31","slug":"fmi-revisa-para-baixo-crescimento-da-economia-brasileira-e-aponta-pessimismo","status":"publish","type":"post","link":"https:\/\/hostnetart.com.br\/baixada\/fmi-revisa-para-baixo-crescimento-da-economia-brasileira-e-aponta-pessimismo\/","title":{"rendered":"FMI revisa para baixo crescimento da economia brasileira e aponta pessimismo"},"content":{"rendered":"<p>A previs\u00e3o de crescimento da economia brasileira foi cortada a menos da metade pelo Fundo Monet\u00e1rio Internacional (<strong>FMI<\/strong>). Em relat\u00f3rio divulgado nesta ter\u00e7a-feira (23), o fundo rebaixou, pela terceira vez consecutiva, a estimativa sobre a expans\u00e3o do Produto Interno Bruto (PIB) em 2019. Em janeiro, o FMI previa um crescimento de 2,5%, que caiu para 2,1% em abril, e agora foi a 0,8%.<\/p>\n<p>\u201cUma queda bastante acentuada\u201d, avalia o diretor-t\u00e9cnico do Dieese, Clemente Ganz L\u00facio, na\u00a0<strong>R\u00e1dio Brasil Atual<\/strong>. Em\u00a0<a href=\"https:\/\/www.redebrasilatual.com.br\/economia\/2019\/07\/a-crise-do-capitalismo-sem-consumidores-e-tema-de-debate-do-entre-vistas-com-ladislau-dowbor\/\" target=\"_blank\" rel=\"noopener noreferrer\">n\u00edvel global, o cen\u00e1rio econ\u00f4mico tamb\u00e9m n\u00e3o \u00e9 positivo<\/a>: a previs\u00e3o de crescimento tamb\u00e9m foi rebaixa pelo fundo, mas em um patamar bem menor que o Brasil \u2013 de 3,3% para 3,2%. As<a href=\"https:\/\/www.redebrasilatual.com.br\/destaques\/2019\/06\/sem-plano-economico-brasil-de-bolsonaro-segue-sem-perspectiva-de-crescimento\/\" target=\"_blank\" rel=\"noopener noreferrer\">\u00a0proje\u00e7\u00f5es mais pessimistas<\/a>\u00a0sobre a economia brasileira se alinham \u00e0s estimativas feitas por outras institui\u00e7\u00f5es como o Banco Central, que, em seu relat\u00f3rio semanal\u00a0<em>Focus<\/em>, prev\u00ea a expans\u00e3o de 0,82% para o PIB.<\/p>\n<p>\u201cIsso ocorre porque n\u00f3s temos um travamento estrutural para o nosso crescimento, desemprego extremamente elevado, uma queda nos sal\u00e1rios e na massa salarial, uma diminui\u00e7\u00e3o no poder de consumo das fam\u00edlias. H\u00e1 uma queda nos investimentos tanto p\u00fablicos como privados, como uma diminui\u00e7\u00e3o nos cortes dos gastos do governo\u201d, aponta Clemente \u00e0 jornalista Marilu Caba\u00f1as.<\/p>\n<p>O FMI diz, no entanto, que a\u00a0<a href=\"https:\/\/www.redebrasilatual.com.br\/economia\/2019\/06\/bolsonaro-confianca-comerciantes\/\" target=\"_blank\" rel=\"noopener noreferrer\">expectativa se enfraqueceu<\/a>\u00a0diante das incertezas que pairam sobre a aprova\u00e7\u00e3o da\u00a0<a href=\"https:\/\/www.redebrasilatual.com.br\/economia\/2019\/07\/reforma-da-previdencia-a-quem-interessa-aumentar-a-desigualdade\/\" target=\"_blank\" rel=\"noopener noreferrer\">\u201creforma\u201d da Previd\u00eancia<\/a>\u00a0e de outras \u201c<a href=\"https:\/\/www.redebrasilatual.com.br\/economia\/2019\/07\/reforma-previdencia-economia-bancos\/\" target=\"_blank\" rel=\"noopener noreferrer\">reformas\u201d estruturais<\/a>. \u201cAcentuar todas essas causas em cima dessa dimens\u00e3o \u00e9 na verdade nos enganar\u201d, rebate o diretor-t\u00e9cnico do Dieese.<\/p>\n<p>De acordo com Clemente, \u201c\u00e9 evidente que a confian\u00e7a \u00e9 elemento fundamental\u201d, mas o que garante uma economia pujante para recepcionar os investimentos \u00e9 a\u00a0<a href=\"https:\/\/www.redebrasilatual.com.br\/economia\/2019\/06\/com-mercado-de-trabalho-fragil-numero-de-autonomos-subutilizados-e-desalentados-e-recorde\/\" target=\"_blank\" rel=\"noopener noreferrer\">capacidade de consumo<\/a>. Nesse sentido, o analista diz que as medidas do governo Bolsonaro como\u00a0<a href=\"https:\/\/news.google.com\/articles\/CBMibWh0dHBzOi8vd3d3LmNhcnRhY2FwaXRhbC5jb20uYnIvcG9saXRpY2EvZ292ZXJuby1hbnVuY2lhLWJsb3F1ZWlvLWRlLTE0LWJpbGhhby1kZS1yZWFpcy1uby1vcmNhbWVudG8tZGUtMjAxOS_SAXFodHRwczovL3d3dy5jYXJ0YWNhcGl0YWwuY29tLmJyL3BvbGl0aWNhL2dvdmVybm8tYW51bmNpYS1ibG9xdWVpby1kZS0xNC1iaWxoYW8tZGUtcmVhaXMtbm8tb3JjYW1lbnRvLWRlLTIwMTkvYW1wLw?hl=pt-BR&amp;gl=BR&amp;ceid=BR%3Apt-419\" target=\"_blank\" rel=\"noopener noreferrer\">contingenciamento de or\u00e7amentos p\u00fablicos,<\/a>\u00a0para fazer frente \u00e0 receita do pa\u00eds, \u201cn\u00e3o s\u00e3o adequadas\u201d.\u201dO essencial \u00e9 efetivamente em termos de emprego, sal\u00e1rio, consumo, capacidade de investimento e capacidade de consumo do governo, dimens\u00f5es todas essas que n\u00f3s n\u00e3o estamos vendo operar e funcionar de forma adequada para o pa\u00eds sair dessa crise econ\u00f4mica\u201d, afirma Clemente. Para a economia de 2020, j\u00e1 h\u00e1 tamb\u00e9m um recuo anunciado: a expectativa de crescimento passou de 2,5% para 2,4%.<\/p>\n<p><strong>Fonte: Rede Brasil Atual<\/strong><\/p>\n","protected":false},"excerpt":{"rendered":"<p>A previs\u00e3o de crescimento da economia brasileira foi cortada a menos da metade pelo Fundo Monet\u00e1rio Internacional (FMI). Em relat\u00f3rio divulgado nesta ter\u00e7a-feira (23), o fundo rebaixou, pela terceira vez consecutiva, a estimativa sobre a expans\u00e3o do Produto Interno Bruto (PIB) em 2019. Em janeiro, o FMI previa um crescimento de 2,5%, que caiu para [&hellip;]<\/p>\n","protected":false},"author":2,"featured_media":7183,"comment_status":"","ping_status":"","sticky":false,"template":"","format":"standard","meta":{"footnotes":""},"categories":[3],"tags":[],"class_list":["post-7184","post","type-post","status-publish","format-standard","has-post-thumbnail","hentry","category-noticias"],"_links":{"self":[{"href":"https:\/\/hostnetart.com.br\/baixada\/wp-json\/wp\/v2\/posts\/7184","targetHints":{"allow":["GET"]}}],"collection":[{"href":"https:\/\/hostnetart.com.br\/baixada\/wp-json\/wp\/v2\/posts"}],"about":[{"href":"https:\/\/hostnetart.com.br\/baixada\/wp-json\/wp\/v2\/types\/post"}],"author":[{"embeddable":true,"href":"https:\/\/hostnetart.com.br\/baixada\/wp-json\/wp\/v2\/users\/2"}],"replies":[{"embeddable":true,"href":"https:\/\/hostnetart.com.br\/baixada\/wp-json\/wp\/v2\/comments?post=7184"}],"version-history":[{"count":0,"href":"https:\/\/hostnetart.com.br\/baixada\/wp-json\/wp\/v2\/posts\/7184\/revisions"}],"wp:featuredmedia":[{"embeddable":true,"href":"https:\/\/hostnetart.com.br\/baixada\/wp-json\/wp\/v2\/media\/7183"}],"wp:attachment":[{"href":"https:\/\/hostnetart.com.br\/baixada\/wp-json\/wp\/v2\/media?parent=7184"}],"wp:term":[{"taxonomy":"category","embeddable":true,"href":"https:\/\/hostnetart.com.br\/baixada\/wp-json\/wp\/v2\/categories?post=7184"},{"taxonomy":"post_tag","embeddable":true,"href":"https:\/\/hostnetart.com.br\/baixada\/wp-json\/wp\/v2\/tags?post=7184"}],"curies":[{"name":"wp","href":"https:\/\/api.w.org\/{rel}","templated":true}]}}