{"id":718,"date":"2015-04-01T18:22:00","date_gmt":"2015-04-01T21:22:00","guid":{"rendered":"https:\/\/hostnetart.com.br\/baixada\/procuradores-do-trabalho-lancam-abaixo-assinado-para-derrubar-pl-4330\/"},"modified":"2015-04-01T18:22:00","modified_gmt":"2015-04-01T21:22:00","slug":"procuradores-do-trabalho-lancam-abaixo-assinado-para-derrubar-pl-4330","status":"publish","type":"post","link":"https:\/\/hostnetart.com.br\/baixada\/procuradores-do-trabalho-lancam-abaixo-assinado-para-derrubar-pl-4330\/","title":{"rendered":"Procuradores do Trabalho lan\u00e7am abaixo-assinado para derrubar PL 4330"},"content":{"rendered":"<p><span style=\"color: #464646;\">A Associa\u00e7\u00e3o Nacional dos Procuradores do Trabalho (ANPT) lan\u00e7ou uma campanha contra a aprova\u00e7\u00e3o do Projeto de Lei (PL) 4.330\/2004, em tramita\u00e7\u00e3o na C\u00e2mara dos Deputados, que permite a pr\u00e1tica da terceiriza\u00e7\u00e3o de servi\u00e7os em todas as atividades das empresas, sem as limita\u00e7\u00f5es atualmente existentes.<\/span><br style=\"color: #464646;\" \/><br style=\"color: #464646;\" \/><span style=\"color: #464646;\">A campanha consiste em um abaixo-assinado contra o projeto e distribui\u00e7\u00e3o de panfletos informando \u00e0 popula\u00e7\u00e3o os preju\u00edzos da terceiriza\u00e7\u00e3o tanto na quest\u00e3o da precariza\u00e7\u00e3o trabalhista como na perda da qualidade dos servi\u00e7os no setor privado e p\u00fablico. O projeto est\u00e1 previsto para ser votado no dia 7 de abril.<\/span><br style=\"color: #464646;\" \/><br style=\"color: #464646;\" \/><span style=\"color: #464646;\">O PL pretende acabar com os limites \u00e0 terceiriza\u00e7\u00e3o, que s\u00f3 \u00e9 admitida na atividade-meio das empresas e desde que inexistente a subordina\u00e7\u00e3o e a pessoalidade, incitando sua pr\u00e1tica de forma indiscriminada.\u00a0<\/span><br style=\"color: #464646;\" \/><br style=\"color: #464646;\" \/><span style=\"color: #464646;\">Para a ANPT, caso o projeto venha a ser aprovado da maneira como est\u00e1, representar\u00e1, na pr\u00e1tica, mais acidentes de trabalho, mais rotatividade no mercado, mais precariza\u00e7\u00e3o, menos direitos, menos sal\u00e1rio e menos respeito aos trabalhadores.<\/span><br style=\"color: #464646;\" \/><br style=\"color: #464646;\" \/><span style=\"color: #464646;\">O procurador-geral do Trabalho, Lu\u00eds Camargo, ressalta que a aprova\u00e7\u00e3o de um projeto como esse revela pouca preocupa\u00e7\u00e3o com a \u00e9tica e a solidariedade porque coloca o trabalhador em uma situa\u00e7\u00e3o de grande desprote\u00e7\u00e3o social. \u201cSe for aprovado caminharemos na dire\u00e7\u00e3o de destruir pilares importantes dos direitos trabalhistas\u201d, afirmou.<\/span><br style=\"color: #464646;\" \/><br style=\"color: #464646;\" \/><span style=\"color: #464646;\">Para participar da campanha \u201cDiga N\u00c3O \u00e0 terceiriza\u00e7\u00e3o sem limite!\u201d, acesse a p\u00e1gina do abaixo-assinado no portal www.change.org\u00a0<\/span><br style=\"color: #464646;\" \/><br style=\"color: #464646;\" \/><span style=\"color: #464646;\">&gt; Clique\u00a0<\/span><a style=\"color: #969696;\" href=\"http:\/\/portal.mpt.gov.br\/wps\/portal\/portal_do_mpt\/comunicacao\/noticias\/conteudo_noticia\/%21ut\/p\/c5\/04_SB8K8xLLM9MSSzPy8xBz9CP0os3hH92BPJydDRwN_E3cjA88QU1N3L7OgsFBfM6B8pFm8AQ7gaEBAt5d-VHpOfhLQnnCQzbjVOppC5PHY5OeRn5uqX5AbURkckK4IAFiz3fc%21\/dl3\/d3\/L2dJQSEvUUt3QS9ZQnZ3LzZfQUdTSUJCMUEwTzRHMjBJVDU1R0o2UlZKRzI%21\/?WCM_GLOBAL_CONTEXT=\/wps\/wcm\/connect\/mpt\/portal+do+mpt\/comunicacao\/noticias\/abaixo+assinado+pretende+derrubar+pl+da+terceirizacao\" target=\"_blank\" rel=\"noopener noreferrer\">aqui<\/a><span style=\"color: #464646;\">\u00a0para acessar o abaixo-assinado.<\/span><br style=\"color: #464646;\" \/><br style=\"color: #464646;\" \/><br style=\"color: #464646;\" \/><span style=\"color: #464646;\">Fonte: MPT<\/span><\/p>\n","protected":false},"excerpt":{"rendered":"<p>A Associa\u00e7\u00e3o Nacional dos Procuradores do Trabalho (ANPT) lan\u00e7ou uma campanha contra a aprova\u00e7\u00e3o do Projeto de Lei (PL) 4.330\/2004, em tramita\u00e7\u00e3o na C\u00e2mara dos Deputados, que permite a pr\u00e1tica da terceiriza\u00e7\u00e3o de servi\u00e7os em todas as atividades das empresas, sem as limita\u00e7\u00f5es atualmente existentes.A campanha consiste em um abaixo-assinado contra o projeto e distribui\u00e7\u00e3o [&hellip;]<\/p>\n","protected":false},"author":1,"featured_media":0,"comment_status":"","ping_status":"","sticky":false,"template":"","format":"standard","meta":{"footnotes":""},"categories":[3],"tags":[],"class_list":["post-718","post","type-post","status-publish","format-standard","hentry","category-noticias"],"_links":{"self":[{"href":"https:\/\/hostnetart.com.br\/baixada\/wp-json\/wp\/v2\/posts\/718","targetHints":{"allow":["GET"]}}],"collection":[{"href":"https:\/\/hostnetart.com.br\/baixada\/wp-json\/wp\/v2\/posts"}],"about":[{"href":"https:\/\/hostnetart.com.br\/baixada\/wp-json\/wp\/v2\/types\/post"}],"author":[{"embeddable":true,"href":"https:\/\/hostnetart.com.br\/baixada\/wp-json\/wp\/v2\/users\/1"}],"replies":[{"embeddable":true,"href":"https:\/\/hostnetart.com.br\/baixada\/wp-json\/wp\/v2\/comments?post=718"}],"version-history":[{"count":0,"href":"https:\/\/hostnetart.com.br\/baixada\/wp-json\/wp\/v2\/posts\/718\/revisions"}],"wp:attachment":[{"href":"https:\/\/hostnetart.com.br\/baixada\/wp-json\/wp\/v2\/media?parent=718"}],"wp:term":[{"taxonomy":"category","embeddable":true,"href":"https:\/\/hostnetart.com.br\/baixada\/wp-json\/wp\/v2\/categories?post=718"},{"taxonomy":"post_tag","embeddable":true,"href":"https:\/\/hostnetart.com.br\/baixada\/wp-json\/wp\/v2\/tags?post=718"}],"curies":[{"name":"wp","href":"https:\/\/api.w.org\/{rel}","templated":true}]}}