{"id":7176,"date":"2019-07-24T13:29:14","date_gmt":"2019-07-24T16:29:14","guid":{"rendered":"https:\/\/hostnetart.com.br\/baixada\/trabalhadores-cobram-explicacoes-do-itau-por-demissao-de-afastados\/"},"modified":"2019-07-24T13:29:14","modified_gmt":"2019-07-24T16:29:14","slug":"trabalhadores-cobram-explicacoes-do-itau-por-demissao-de-afastados","status":"publish","type":"post","link":"https:\/\/hostnetart.com.br\/baixada\/trabalhadores-cobram-explicacoes-do-itau-por-demissao-de-afastados\/","title":{"rendered":"Trabalhadores cobram explica\u00e7\u00f5es do Ita\u00fa por demiss\u00e3o de afastados"},"content":{"rendered":"<p>O movimento sindical foi pego de surpresas com dezenas de demiss\u00f5es que est\u00e3o ocorrendo no Ita\u00fa por todo o Brasil. Depois da regulamenta\u00e7\u00e3o do\u00a0<a href=\"https:\/\/contrafcut.com.br\/noticias\/governo-regulamenta-pente-fino-no-inss\/\" target=\"_blank\" rel=\"noopener noreferrer\">Programa de Revis\u00e3o de Benef\u00edcios por Incapacidade<\/a>, tamb\u00e9m conhecida como opera\u00e7\u00e3o pente-fino nos benef\u00edcios pagos pelo Instituto Nacional de Seguro Social (INSS), diversos trabalhadores afastados tiveram que voltar ao seu local de trabalho.<\/p>\n<p>Depois de passar o prazo de estabilidade, o banco tem demitido esses trabalhadores. \u201cN\u00f3s fomos pegos de surpresa. Queremos saber qual o motivo da demiss\u00e3o unilateral em massa. Alguns trabalhadores acreditavam que iriam voltar ao trabalho. Outros nem tem essa condi\u00e7\u00e3o\u00b4. Todos est\u00e3o sendo demitidos, sem nenhum crit\u00e9rio negociado com o movimento sindical\u201d, disse Jair Alves, coordenador da Comiss\u00e3o de Organiza\u00e7\u00e3o Empresa (COE) do Ita\u00fa.<\/p>\n<p>Uma banc\u00e1ria demitida, que n\u00e3o quis se identificar, declarou. \u201cPensei que fosse voltar ao trabalho, mas, quando cheguei l\u00e1, era para assinar minha demiss\u00e3o, n\u00e3o assinei. Acreditei que seria realocada.\u201d<\/p>\n<p><strong>Fonte: Contraf-CUT<\/strong><\/p>\n","protected":false},"excerpt":{"rendered":"<p>O movimento sindical foi pego de surpresas com dezenas de demiss\u00f5es que est\u00e3o ocorrendo no Ita\u00fa por todo o Brasil. Depois da regulamenta\u00e7\u00e3o do\u00a0Programa de Revis\u00e3o de Benef\u00edcios por Incapacidade, tamb\u00e9m conhecida como opera\u00e7\u00e3o pente-fino nos benef\u00edcios pagos pelo Instituto Nacional de Seguro Social (INSS), diversos trabalhadores afastados tiveram que voltar ao seu local de [&hellip;]<\/p>\n","protected":false},"author":2,"featured_media":7175,"comment_status":"","ping_status":"","sticky":false,"template":"","format":"standard","meta":{"footnotes":""},"categories":[3],"tags":[],"class_list":["post-7176","post","type-post","status-publish","format-standard","has-post-thumbnail","hentry","category-noticias"],"_links":{"self":[{"href":"https:\/\/hostnetart.com.br\/baixada\/wp-json\/wp\/v2\/posts\/7176","targetHints":{"allow":["GET"]}}],"collection":[{"href":"https:\/\/hostnetart.com.br\/baixada\/wp-json\/wp\/v2\/posts"}],"about":[{"href":"https:\/\/hostnetart.com.br\/baixada\/wp-json\/wp\/v2\/types\/post"}],"author":[{"embeddable":true,"href":"https:\/\/hostnetart.com.br\/baixada\/wp-json\/wp\/v2\/users\/2"}],"replies":[{"embeddable":true,"href":"https:\/\/hostnetart.com.br\/baixada\/wp-json\/wp\/v2\/comments?post=7176"}],"version-history":[{"count":0,"href":"https:\/\/hostnetart.com.br\/baixada\/wp-json\/wp\/v2\/posts\/7176\/revisions"}],"wp:featuredmedia":[{"embeddable":true,"href":"https:\/\/hostnetart.com.br\/baixada\/wp-json\/wp\/v2\/media\/7175"}],"wp:attachment":[{"href":"https:\/\/hostnetart.com.br\/baixada\/wp-json\/wp\/v2\/media?parent=7176"}],"wp:term":[{"taxonomy":"category","embeddable":true,"href":"https:\/\/hostnetart.com.br\/baixada\/wp-json\/wp\/v2\/categories?post=7176"},{"taxonomy":"post_tag","embeddable":true,"href":"https:\/\/hostnetart.com.br\/baixada\/wp-json\/wp\/v2\/tags?post=7176"}],"curies":[{"name":"wp","href":"https:\/\/api.w.org\/{rel}","templated":true}]}}