{"id":7172,"date":"2019-07-23T18:40:20","date_gmt":"2019-07-23T21:40:20","guid":{"rendered":"https:\/\/hostnetart.com.br\/baixada\/13-de-agosto-sera-o-dia-nacional-contra-a-reforma-da-previdencia\/"},"modified":"2019-07-23T18:40:20","modified_gmt":"2019-07-23T21:40:20","slug":"13-de-agosto-sera-o-dia-nacional-contra-a-reforma-da-previdencia","status":"publish","type":"post","link":"https:\/\/hostnetart.com.br\/baixada\/13-de-agosto-sera-o-dia-nacional-contra-a-reforma-da-previdencia\/","title":{"rendered":"13 de agosto ser\u00e1 o Dia Nacional contra a Reforma da Previd\u00eancia"},"content":{"rendered":"<p>A Central \u00danica dos Trabalhadores (CUT) decidiu se somar \u00e0 mobiliza\u00e7\u00e3o da Confedera\u00e7\u00e3o Nacional dos Trabalhadores da Educa\u00e7\u00e3o (CNTE) no dia 13 de agosto,\u00a0<a href=\"https:\/\/pe.cut.org.br\/noticias\/cut-decide-13-de-agosto-sera-dia-nacional-de-luta-contra-reforma-da-previdencia-049a\" target=\"_blank\" rel=\"noopener noreferrer\">Dia Nacional de Mobiliza\u00e7\u00e3o, Paralisa\u00e7\u00f5es, Assembleias e Greves Contra a Reforma da Previd\u00eancia, em Defesa da Educa\u00e7\u00e3o P\u00fablica e por Empregos<\/a>. A ideia \u00e9 repetir as grandes mobiliza\u00e7\u00f5es que a CUT, demais centrais, UNE e movimentos sociais v\u00eam fazendo desde abril contra a\u00a0<a href=\"https:\/\/contrafcut.com.br\/?s=reforma+da+previd%C3%AAncia\" target=\"_blank\" rel=\"noopener noreferrer\">Proposta de Emenda \u00e0 Constitui\u00e7\u00e3o (PEC) n\u00ba 06\/2019<\/a>\u00a0e cortes na educa\u00e7\u00e3o, nos \u00faltimos meses.<\/p>\n<p>Segundo o secret\u00e1rio-geral da CUT, S\u00e9rgio Nobre, ficou claro que a press\u00e3o e a luta feitas at\u00e9 agora foram importantes para amenizar as maldades do governo de Jair Bolsonaro (PSL) contra a classe trabalhadora, mas a reforma ainda tem pontos muito cru\u00e9is e a luta precisa continuar. \u201cE para fazer uma grande mobiliza\u00e7\u00e3o no dia 13 \u00e9 preciso manter o ritmo de press\u00e3o nos parlamentares em suas bases, nos munic\u00edpios onde eles moram e foram eleitos, nos aeroportos e no Congresso Nacional\u201d, refor\u00e7ou S\u00e9rgio.<\/p>\n<p>O dirigente disse, ainda, que \u00e9 preciso continuar intensificando a coleta de assinaturas para o abaixo-assinado contra a reforma da Previd\u00eancia porque \u00e9 uma ferramenta importante de di\u00e1logo com a popula\u00e7\u00e3o.<\/p>\n<p>Segundo S\u00e9rgio, nas conversas com a sociedade os dirigentes e militantes n\u00e3o podem dizer apenas que a reforma da Previd\u00eancia \u00e9 ruim, tem de dar detalhes, exemplos de como as mudan\u00e7as podem afetar a vida de cada um.<\/p>\n<h3>Confira 5 pontos da reforma da Previd\u00eancia que v\u00e3o tirar dinheiro do seu bolso<\/h3>\n<p>O<a href=\"https:\/\/www.cut.org.br\/noticias\/confira-5-pontos-da-reforma-da-previdencia-que-vao-tirar-dinheiro-do-seu-bolso-ac72\" target=\"_blank\" rel=\"noopener noreferrer\">\u00a0Portal CUT\u00a0<\/a>selecionou os cinco pontos mais cru\u00e9is do texto aprovado na C\u00e2mara dos Deputados no primeiro turno da vota\u00e7\u00e3o: fim da aposentadoria por tempo de contribui\u00e7\u00e3o e idade m\u00ednima obrigat\u00f3ria, fim do abono salarial do PIS\/Pasep para quem ganha mais de R$ 1. 364,43; redu\u00e7\u00e3o no valor da aposentadoria por invalidez, no aux\u00edlio doen\u00e7a e na pens\u00e3o de vi\u00favas, vi\u00favos e \u00f3rf\u00e3os.<\/p>\n<p>Para entrar em vigor, as mudan\u00e7as t\u00eam de ser votadas duas vezes na C\u00e2mara dos Deputados e duas vezes no Senado. Em agosto, tem vota\u00e7\u00e3o em segundo turno na C\u00e2mara e os senadores ainda precisam avalizar ou n\u00e3o a reforma de Bolsonaro, lembra o presidente da CUT, Vagner Freitas.<\/p>\n<p>\u201cAinda d\u00e1 tempo de reverter a trag\u00e9dia e salvar os direitos da classe trabalhadora\u201d, alerta Vagner, que convoca todos os trabalhadores e trabalhadoras e a sociedade para a luta no dia 13 de agosto Dia Nacional de Mobiliza\u00e7\u00f5es, Paralisa\u00e7\u00f5es e Greves contra a Reforma da Previd\u00eancia.<\/p>\n<h3>Bolsonaro fortalece Dia Nacional<\/h3>\n<p>O Dia Nacional de Mobiliza\u00e7\u00f5es, Paralisa\u00e7\u00f5es e Greves contra a Reforma da Previd\u00eancia e em Defesa da Educa\u00e7\u00e3o, em 13 de agosto, que come\u00e7ou com a Confedera\u00e7\u00e3o Nacional da Educa\u00e7\u00e3o (CNTE) convocando uma greve nacional da educa\u00e7\u00e3o,\u00a0<a href=\"https:\/\/www.cut.org.br\/noticias\/medidas-de-bolsonaro-contra-educacao-aumentam-mobilizacao-para-dia-13-de-agosto-76f9\" target=\"_blank\" rel=\"noopener noreferrer\">ganha mais for\u00e7a e ades\u00f5es cada vez que o governo de Jair Bolsonaro (PSL) anuncia uma nova medida contra educa\u00e7\u00e3o p\u00fablica e os direitos da classe trabalhadora<\/a>. O Minist\u00e9rio da Educa\u00e7\u00e3o e Cultura (MEC) anunciou no \u00faltimo dia 17 de julho o programa Future-se, que planeja privatizar todo ensino universit\u00e1rio, e a C\u00e2mara dos Deputados aprovou em primeira vota\u00e7\u00e3o a reforma da Previd\u00eancia, intensificando a organiza\u00e7\u00e3o e mobiliza\u00e7\u00f5es para o dia 13.<\/p>\n<p><strong>Fonte: Contraf-CUT<\/strong><\/p>\n","protected":false},"excerpt":{"rendered":"<p>A Central \u00danica dos Trabalhadores (CUT) decidiu se somar \u00e0 mobiliza\u00e7\u00e3o da Confedera\u00e7\u00e3o Nacional dos Trabalhadores da Educa\u00e7\u00e3o (CNTE) no dia 13 de agosto,\u00a0Dia Nacional de Mobiliza\u00e7\u00e3o, Paralisa\u00e7\u00f5es, Assembleias e Greves Contra a Reforma da Previd\u00eancia, em Defesa da Educa\u00e7\u00e3o P\u00fablica e por Empregos. A ideia \u00e9 repetir as grandes mobiliza\u00e7\u00f5es que a CUT, demais [&hellip;]<\/p>\n","protected":false},"author":2,"featured_media":7171,"comment_status":"","ping_status":"","sticky":false,"template":"","format":"standard","meta":{"footnotes":""},"categories":[3],"tags":[],"class_list":["post-7172","post","type-post","status-publish","format-standard","has-post-thumbnail","hentry","category-noticias"],"_links":{"self":[{"href":"https:\/\/hostnetart.com.br\/baixada\/wp-json\/wp\/v2\/posts\/7172","targetHints":{"allow":["GET"]}}],"collection":[{"href":"https:\/\/hostnetart.com.br\/baixada\/wp-json\/wp\/v2\/posts"}],"about":[{"href":"https:\/\/hostnetart.com.br\/baixada\/wp-json\/wp\/v2\/types\/post"}],"author":[{"embeddable":true,"href":"https:\/\/hostnetart.com.br\/baixada\/wp-json\/wp\/v2\/users\/2"}],"replies":[{"embeddable":true,"href":"https:\/\/hostnetart.com.br\/baixada\/wp-json\/wp\/v2\/comments?post=7172"}],"version-history":[{"count":0,"href":"https:\/\/hostnetart.com.br\/baixada\/wp-json\/wp\/v2\/posts\/7172\/revisions"}],"wp:featuredmedia":[{"embeddable":true,"href":"https:\/\/hostnetart.com.br\/baixada\/wp-json\/wp\/v2\/media\/7171"}],"wp:attachment":[{"href":"https:\/\/hostnetart.com.br\/baixada\/wp-json\/wp\/v2\/media?parent=7172"}],"wp:term":[{"taxonomy":"category","embeddable":true,"href":"https:\/\/hostnetart.com.br\/baixada\/wp-json\/wp\/v2\/categories?post=7172"},{"taxonomy":"post_tag","embeddable":true,"href":"https:\/\/hostnetart.com.br\/baixada\/wp-json\/wp\/v2\/tags?post=7172"}],"curies":[{"name":"wp","href":"https:\/\/api.w.org\/{rel}","templated":true}]}}