{"id":7166,"date":"2019-07-23T13:49:59","date_gmt":"2019-07-23T16:49:59","guid":{"rendered":"https:\/\/hostnetart.com.br\/baixada\/conferencia-interestadual-realizada-pela-fetraf-rj-es-e-marcada-pela-unidade\/"},"modified":"2019-07-23T13:49:59","modified_gmt":"2019-07-23T16:49:59","slug":"conferencia-interestadual-realizada-pela-fetraf-rj-es-e-marcada-pela-unidade","status":"publish","type":"post","link":"https:\/\/hostnetart.com.br\/baixada\/conferencia-interestadual-realizada-pela-fetraf-rj-es-e-marcada-pela-unidade\/","title":{"rendered":"Confer\u00eancia Interestadual realizada pela Fetraf RJ\/ES \u00e9 marcada pela unidade"},"content":{"rendered":"<p>A Federa\u00e7\u00e3o dos Trabalhadores do Ramo Financeiro dos Estados do Rio de Janeiro e Esp\u00edrito Santo (Fetraf-RJ\/ES ) realizou nos dias 19 e 20 de Julho a<a href=\"https:\/\/contrafcut.com.br\/noticias\/bancarios-do-rio-de-janeiro-e-do-espirito-santo-participam-da-21a-conferencia-interestadual\/\" target=\"_blank\" rel=\"noopener noreferrer\">\u00a021\u00aa Confer\u00eancia Interestadual<\/a>, no audit\u00f3rio do\u00a0<a href=\"https:\/\/www.bancariosrio.org.br\/index.php\/component\/k2\/item\/3511-bancarios-aprovam-unidade-e-mobilizacao-em-defesa-dos-direitos-e-contra-ataques-do-governo\" target=\"_blank\" rel=\"noopener noreferrer\">Sindicato dos Banc\u00e1rios do Rio de Janeiro<\/a>, e reuniu diversas banc\u00e1rias e banc\u00e1rios dos dois estados.<\/p>\n<p>O evento foi marcado pela pluralidade de opini\u00f5es que, somadas \u00e0 unidade da categoria, s\u00e3o essenciais diante um quadro t\u00e3o adverso como o que se apresenta atualmente como os ataques aos direitos dos trabalhadores, Reforma Trabalhista, terceiriza\u00e7\u00e3o irrestrita, PEC do Teto de Gastos e, agora, com a Reforma da Previd\u00eancia.<\/p>\n<p>\u201cNosso papel, mais que nunca, se faz necess\u00e1rio contra este desmonte promovido pelo atual governo e a mobiliza\u00e7\u00e3o da categoria banc\u00e1ria \u00e9 de fundamental import\u00e2ncia\u201d, declarou p oresidente da Fetraf-RJ\/ES, Nilton Esperan\u00e7a, que ainda completou: \u201cDemiss\u00f5es, terceiriza\u00e7\u00f5es e precariza\u00e7\u00e3o nos servi\u00e7os s\u00e3o a t\u00f4nica dos banqueiros e temos a obriga\u00e7\u00e3o, como sempre, em manter todas as nossas conquistas e barrar as tentativas de ataque\u201d.<\/p>\n<p>Para ele, as a\u00e7\u00f5es conservadoras e neoliberais do Governo tamb\u00e9m t\u00eam gerado retrocessos nas liberdades democr\u00e1ticas e amea\u00e7as aos direitos da classe trabalhadora, cuja implementa\u00e7\u00e3o depende a sobreviv\u00eancia do pr\u00f3prio governo. \u201cCom isso teremos como objetivo organizar uma metodologia de amplo e profundo debate, para al\u00e9m da nossa categoria. Os desafios s\u00e3o grandes, mas o movimento sindical j\u00e1 superou outros momentos de crise e ir\u00e1 superar o atual.\u201d<\/p>\n<h3>Estrutura Sindical<\/h3>\n<p>Na mesa sobre a\u00a0<a href=\"https:\/\/www.bancariosrio.org.br\/index.php\/noticias\/item\/3501-estrutura-sindical-tem-como-desafio-dar-resposta-as-mudancas-do-mundo-do-trabalho\" target=\"_blank\" rel=\"noopener noreferrer\">Estrutura Sindical<\/a>, o secret\u00e1rio Geral da CUT Nacional, S\u00e9rgio Nobre, falou dos desafios do movimento sindical para enfrentar n\u00e3o somente a atual conjuntura pol\u00edtica adversa, mas tamb\u00e9m as transforma\u00e7\u00f5es do capitalismo e do mundo do trabalho. Para o cutista \u00e9 necess\u00e1rio pensar em um novo modelo de campanha salarial, que v\u00e1 al\u00e9m das quest\u00f5es econ\u00f4micas e da data-base.<\/p>\n<h3>Recess\u00e3o econ\u00f4mica<\/h3>\n<p>Em consequ\u00eancia da pol\u00edtica econ\u00f4mica do governo Bolsonaro,\u00a0<a href=\"https:\/\/www.bancariosrio.org.br\/index.php\/noticias\/item\/3500-politica-economica-do-governo-leva-a-recessao-da-economia\" target=\"_blank\" rel=\"noopener noreferrer\">a economia brasileira tende a se contrair cada vez mais<\/a>, a curto e m\u00e9dio prazos, trazendo queda da produ\u00e7\u00e3o e da oferta de emprego. Mesmo que o ministro da Economia, Paulo Guedes, tome medidas de incentivo ao consumo que sempre criticou, os efeitos, se houver, s\u00f3 ser\u00e3o sentidos daqui a dois anos.<\/p>\n<p>A avalia\u00e7\u00e3o foi feita pelo economista e ex-t\u00e9cnico do Departamento Intersindical de Estat\u00edsticas e Estudos Socioecon\u00f4micos (Dieese), Adhemar Mineiro, em palestra neste s\u00e1bado, pela manh\u00e3, no segundo dia da 21\u00ba Confer\u00eancia Interestadual dos Trabalhadores do Ramo Financeiro do Rio e Esp\u00edrito Santo. O encontro teve in\u00edcio na sexta-feira (19\/7), no audit\u00f3rio do Sindicato dos Banc\u00e1rios do Munic\u00edpio do Rio.<\/p>\n<h3>M\u00eddia Alternativa<\/h3>\n<p>O banc\u00e1rio e jornalista Paulo Salvador, editor da Rede Brasil Atual, lembrou que todo trabalhador \u00e9 tamb\u00e9m consumidor das informa\u00e7\u00f5es massificadas pela grande m\u00eddia e, mais recentemente, das redes sociais, especialmente o whatsapp e que \u00e9 preciso fortalecer a chamada\u00a0<a href=\"https:\/\/www.bancariosrio.org.br\/index.php\/component\/k2\/item\/3504-midia-alternativa-precisa-dialogar-mais-com-os-trabalhadores\" target=\"_blank\" rel=\"noopener noreferrer\">m\u00eddia alternativa<\/a>, do campo progressista, para disputar as narrativas das vers\u00f5es dos fatos. Ele citou como exemplo de manipula\u00e7\u00e3o da imprensa tradicional, o chamado \u201cn\u00e3o-fato\u201d, ou seja, fatos que a m\u00eddia esconde das pautas do notici\u00e1rio cotidiano. Um exemplo citado pelo palestrante foi a pr\u00f3pria Confer\u00eancia dos banc\u00e1rios. Segundo ele, \u201cn\u00e3o interessa a imprensa burguesa divulgar o que os trabalhadores est\u00e3o pensando da conjuntura pol\u00edtica e econ\u00f4mica do pa\u00eds\u201d, ent\u00e3o este acontecimento simplesmente passa \u201ca n\u00e3o existir\u201d para a opini\u00e3o p\u00fablica.\u00a0<\/p>\n<p>No evento, ficaram definidas\u00a0<a href=\"https:\/\/www.bancariosrio.org.br\/index.php\/noticias\/item\/3502-conferencia-dos-bancarios-aprova-eixos-da-campanha-deste-ano\" target=\"_blank\" rel=\"noopener noreferrer\">pautas priorit\u00e1rias<\/a>:<\/p>\n<p>\u2013 Defesa da democracia e soberania nacional;<\/p>\n<p>\u2013 Defesa dos bancos p\u00fablicos;<\/p>\n<p>\u2013 Defesa da previd\u00eancia social p\u00fablica;<\/p>\n<p>\u2013 Defesa dos direitos dos trabalhadores;<\/p>\n<p>\u2013 Resist\u00eancia contra as privatiza\u00e7\u00f5es.<\/p>\n<p>\u00a0<\/p>\n<p><strong>Fonte: Contraf-CUT<\/strong><\/p>\n","protected":false},"excerpt":{"rendered":"<p>A Federa\u00e7\u00e3o dos Trabalhadores do Ramo Financeiro dos Estados do Rio de Janeiro e Esp\u00edrito Santo (Fetraf-RJ\/ES ) realizou nos dias 19 e 20 de Julho a\u00a021\u00aa Confer\u00eancia Interestadual, no audit\u00f3rio do\u00a0Sindicato dos Banc\u00e1rios do Rio de Janeiro, e reuniu diversas banc\u00e1rias e banc\u00e1rios dos dois estados. O evento foi marcado pela pluralidade de opini\u00f5es [&hellip;]<\/p>\n","protected":false},"author":2,"featured_media":7165,"comment_status":"","ping_status":"","sticky":false,"template":"","format":"standard","meta":{"footnotes":""},"categories":[3],"tags":[],"class_list":["post-7166","post","type-post","status-publish","format-standard","has-post-thumbnail","hentry","category-noticias"],"_links":{"self":[{"href":"https:\/\/hostnetart.com.br\/baixada\/wp-json\/wp\/v2\/posts\/7166","targetHints":{"allow":["GET"]}}],"collection":[{"href":"https:\/\/hostnetart.com.br\/baixada\/wp-json\/wp\/v2\/posts"}],"about":[{"href":"https:\/\/hostnetart.com.br\/baixada\/wp-json\/wp\/v2\/types\/post"}],"author":[{"embeddable":true,"href":"https:\/\/hostnetart.com.br\/baixada\/wp-json\/wp\/v2\/users\/2"}],"replies":[{"embeddable":true,"href":"https:\/\/hostnetart.com.br\/baixada\/wp-json\/wp\/v2\/comments?post=7166"}],"version-history":[{"count":0,"href":"https:\/\/hostnetart.com.br\/baixada\/wp-json\/wp\/v2\/posts\/7166\/revisions"}],"wp:featuredmedia":[{"embeddable":true,"href":"https:\/\/hostnetart.com.br\/baixada\/wp-json\/wp\/v2\/media\/7165"}],"wp:attachment":[{"href":"https:\/\/hostnetart.com.br\/baixada\/wp-json\/wp\/v2\/media?parent=7166"}],"wp:term":[{"taxonomy":"category","embeddable":true,"href":"https:\/\/hostnetart.com.br\/baixada\/wp-json\/wp\/v2\/categories?post=7166"},{"taxonomy":"post_tag","embeddable":true,"href":"https:\/\/hostnetart.com.br\/baixada\/wp-json\/wp\/v2\/tags?post=7166"}],"curies":[{"name":"wp","href":"https:\/\/api.w.org\/{rel}","templated":true}]}}