{"id":7162,"date":"2019-07-23T13:35:55","date_gmt":"2019-07-23T16:35:55","guid":{"rendered":"https:\/\/hostnetart.com.br\/baixada\/jovens-da-caixa-debatem-inovacao-tecnologica-e-forca-do-coletivo\/"},"modified":"2019-07-23T13:35:55","modified_gmt":"2019-07-23T16:35:55","slug":"jovens-da-caixa-debatem-inovacao-tecnologica-e-forca-do-coletivo","status":"publish","type":"post","link":"https:\/\/hostnetart.com.br\/baixada\/jovens-da-caixa-debatem-inovacao-tecnologica-e-forca-do-coletivo\/","title":{"rendered":"Jovens da Caixa debatem inova\u00e7\u00e3o tecnol\u00f3gica e for\u00e7a do coletivo"},"content":{"rendered":"<p>Em encontro realizado pelos jovens empregados da Caixa de at\u00e9 35 anos de idade, no \u00faltimo dia 20, em Bras\u00edlia, o\u00a0<a href=\"https:\/\/www.fenae.org.br\/portal\/fenae-portal\/noticias\/prontofalei-fenae-realiza-evento-para-ouvir-e-trocar-experiencia-com-o-empregado-caixa-de-ate-35-anos.htm\">#prontofalei<\/a>, promovido pela Federa\u00e7\u00e3o Nacional das Associa\u00e7\u00f5es do Pessoal da Caixa Econ\u00f4mica Federal (Fenae), em parceira com as Apcefs, destacou a reflex\u00e3o dos\u00a0<a href=\"https:\/\/www.fenae.org.br\/portal\/fenae-portal\/noticias\/impactos-da-inovacao-tecnologica-sao-debatidos-por-empregados-caixa.htm\">impactos da inova\u00e7\u00e3o tecnol\u00f3gica na vida da sociedade<\/a>\u00a0e os desafios da\u00a0<a href=\"https:\/\/www.fenae.org.br\/portal\/fenae-portal\/noticias\/a-forca-do-coletivo-fecha-debates-do-prontofalei.htm\">experi\u00eancia coletiva<\/a>.<\/p>\n<p>Segundo o presidente da Fenae, Jair Pedro Ferreira, o evento foi um importante mecanismo de troca de experi\u00eancias com o p\u00fablico mais jovem. \u201cO #prontofalei \u00e9 esse grande projeto pensado para os jovens trabalhadores e trabalhadoras da Caixa\u201d, disse. Para ele foi um espa\u00e7o para falar sobre tecnologia, futuro, comunica\u00e7\u00e3o, inova\u00e7\u00e3o e para saber o que pensam os jovens empregados Caixa que comp\u00f5em o quadro de quase 85 mil profissionais do banco p\u00fablico.\u00a0<\/p>\n<p>Com o objetivo de instigar os participantes a pensarem sobre o futuro e conhecer melhor o jovem que faz o banco 100% p\u00fablico acontecer, o encontro come\u00e7ou com uma rodada de entrevistas cheias de provoca\u00e7\u00f5es feitas pelos convidados sobre internet das coisas, o impacto de transforma\u00e7\u00f5es no futuro, comunica\u00e7\u00e3o digital, comportamento social e intelig\u00eancia artificial, o apresentador de televis\u00e3o e jornalista Serginho Groisman abriu o evento. \u201cEstamos vivendo um momento de muitas inova\u00e7\u00f5es tecnol\u00f3gicas e transforma\u00e7\u00f5es. E \u00e9 sobre isso que vamos falar hoje aqui\u201d, disse Serginho. O evento foi transmitido, ao vivo, pelo youtube.\u00a0<\/p>\n<p>Bem ao estilo do programa \u201cAltas Horas\u201d, Groisman chamou os especialistas convidados e intermediou as perguntas feitas, ao vivo, pelo p\u00fablico aos entrevistados. Segundo a diretora de Juventude da Fenae, Rachel Weber, esse evento n\u00e3o \u00e9 apenas uma demonstra\u00e7\u00e3o de que a Fenae quer abrir espa\u00e7o para o jovem da Caixa, at\u00e9 porque esse espa\u00e7o j\u00e1 \u00e9 nosso, \u201cmas \u00e9 uma demonstra\u00e7\u00e3o que queremos interagir mais\u201d, disse.<\/p>\n<p>A inova\u00e7\u00e3o nas rela\u00e7\u00f5es interpessoais e trabalho foi o assunto do primeiro bloco, onde foram entrevistados: a publicit\u00e1ria formada em tecnologia e empreendedorismo, Daniela Klaiman, o soci\u00f3logo brasileiro, S\u00e9rgio Amadeu da Silveira, e a secret\u00e1ria de Juventude Confedera\u00e7\u00e3o Nacional dos Trabalhadores do Ramo Financeiro da CUT (Contraf-CUT), Fernanda Oliveira.<\/p>\n<p>O questionamento apresentado por, Fernanda Oliveira, da Contraf-CUT, aos empregados da Caixa foi sobre o impacto das startups financeiras e novas tecnologias no trabalho dos banc\u00e1rios, al\u00e9m da import\u00e2ncia da manuten\u00e7\u00e3o do papel da Caixa como banco p\u00fablico. \u201cComo vai ser o nosso futuro? Voc\u00eas acham que essas empresas v\u00e3o acabar com o nosso emprego?\u201d, questionou.<\/p>\n<p>O soci\u00f3logo S\u00e9rgio Amadeu disse acreditar que as pol\u00edticas dos bancos p\u00fablicos est\u00e3o bem evolu\u00eddas no mundo. \u201cTreinamos e usamos muitas tecnologias. A preocupa\u00e7\u00e3o que a Caixa tem com os dados \u00e9 impressionante. Temos preocupa\u00e7\u00e3o com o que far\u00e3o com esses dados. N\u00f3s trabalhamos com tecnologia de ponta. O problema \u00e9 que n\u00e3o chega na ponta\u201d, opinou Murilo Timo, 34 anos, Bras\u00edlia.<\/p>\n<p>O vice-presidente da Fenae,\u00a0<a href=\"https:\/\/contrafcut.com.br\/?s=takemoto\" target=\"_blank\" rel=\"noopener noreferrer\">S\u00e9rgio Takemoto<\/a>, a designer com mestrado em comunica\u00e7\u00e3o e semi\u00f3tica e com mais de 12 anos de experi\u00eancia de mercado Carla de Bona e a instrutora oficial LinkedIn Learning e Top Voice, Fl\u00e1via Gamonar desenvolveram a tem\u00e1tica \u201cMundo digital e comportamento social: da comunica\u00e7\u00e3o a educa\u00e7\u00e3o digital\u201d.<\/p>\n<p>Carla de Bona, falou sobre os novos empregos que surgem, a cada dia, e o despreparo da educa\u00e7\u00e3o para lidar com as novas tecnologias e transforma\u00e7\u00f5es.\u00a0<\/p>\n<p>Segundo S\u00e9rgio Takemoto, a Caixa tamb\u00e9m sofre ataques nas redes e que a comunica\u00e7\u00e3o \u00e9 algo que precisa estar alinhada para n\u00e3o gerar ru\u00eddos. \u201cNa Caixa estamos sendo muito atacados. O presidente diz que vai fortalecer a empresa e ao mesmo tempo diz que vai vender parte da Caixa. Temos que ser respons\u00e1veis por fazer a nossa narrativa e temos que mostrar isso para a sociedade\u201d, apontou.<\/p>\n<p>Com a tem\u00e1tica \u201cO futuro e o trabalho\u201d, os especialistas falaram sobre tend\u00eancias, mudan\u00e7as que est\u00e3o acontecendo e como elas afetam o mundo do trabalho, do trabalhador e suas conquistas ao longo da hist\u00f3ria.<\/p>\n<h3>A for\u00e7a do coletivo<\/h3>\n<p>A for\u00e7a do coletivo foi o destaque dos debates finais do #prontofalei. As mudan\u00e7as previstas para o mundo corporativo, como trabalho remoto, trouxeram importantes questionamentos na plateia formada por jovens trabalhadores da Caixa. Entre os palestrantes, a resposta foi un\u00e2nime: as mudan\u00e7as s\u00e3o inevit\u00e1veis, mas o trabalho coletivo pode reduzir os impactos.\u00a0<\/p>\n<p>Quem refor\u00e7ou o pensamento foi o soci\u00f3logo e supervisor t\u00e9cnico do Departamento Intersindical de Estat\u00edstica e Estudos Socioecon\u00f4micos (Dieese), Victor Pagani. Para ele \u00e9 preciso resgatar os princ\u00edpios da coletividade e da solidariedade e uma sa\u00edda a curto prazo \u00e9 a Uni\u00e3o das pessoas. \u201cN\u00e3o existe sa\u00edda sem o coletivo, temos que resgatar tudo isso\u201d. Victor afirmou ainda que Caixa cumpre o papel de ajudar o coletivo. \u201cA Caixa tem esse papel, diferente do banco p\u00fablico, n\u00e3o apenas gerar lucro, mas ter um compromisso social com o pa\u00eds.\u201d<\/p>\n<p>O professor de hist\u00f3ria e representante do Movimento dos Trabalhadores Sem-Teto (MTST), Gabriel Simeone, questionou ao p\u00fablico se a sociedade \u00e9 capaz de trazer o sucesso individual para todos. Para Simeone, \u00e9 preciso ter pessoas que lutem para que todos conquistem seus direitos. \u201cO que transforma o coletivo \u00e9 a esperan\u00e7a e aceitar o pensamento do outro. Entender que outras pessoas pensam diferente de voc\u00ea\u201d, afirmou.<\/p>\n<p>O p\u00fablico apoiou a defesa da Caixa e o apoio do coletivo. T\u00e1cio Pinheiro, 27 anos, de Macei\u00f3, questionou o que os empregados est\u00e3o fazendo para apoiar a institui\u00e7\u00e3o. \u201cEssa defesa \u00e9 a partir do coletivo, de n\u00f3s. As pessoas que mais reclamam s\u00e3o aquelas que nunca aparecem em um encontro, no sindicato ou nas Apcefs. Se ficarmos esperando as outras pessoas resolverem, tudo vai acontecer sem a gente saber. A mudan\u00e7a vem de n\u00f3s\u201d, refor\u00e7ou o empregado. Al\u00e9m de ter servido como um evento de capacita\u00e7\u00e3o, no espa\u00e7o totalmente interativo, o jovem empregado Caixa participou de din\u00e2micas, intera\u00e7\u00f5es nas redes sociais, interven\u00e7\u00f5es e bate-papos.<\/p>\n<p><strong>Fonte: Contraf-CUT<\/strong><\/p>\n","protected":false},"excerpt":{"rendered":"<p>Em encontro realizado pelos jovens empregados da Caixa de at\u00e9 35 anos de idade, no \u00faltimo dia 20, em Bras\u00edlia, o\u00a0#prontofalei, promovido pela Federa\u00e7\u00e3o Nacional das Associa\u00e7\u00f5es do Pessoal da Caixa Econ\u00f4mica Federal (Fenae), em parceira com as Apcefs, destacou a reflex\u00e3o dos\u00a0impactos da inova\u00e7\u00e3o tecnol\u00f3gica na vida da sociedade\u00a0e os desafios da\u00a0experi\u00eancia coletiva. Segundo [&hellip;]<\/p>\n","protected":false},"author":2,"featured_media":7161,"comment_status":"","ping_status":"","sticky":false,"template":"","format":"standard","meta":{"footnotes":""},"categories":[3],"tags":[],"class_list":["post-7162","post","type-post","status-publish","format-standard","has-post-thumbnail","hentry","category-noticias"],"_links":{"self":[{"href":"https:\/\/hostnetart.com.br\/baixada\/wp-json\/wp\/v2\/posts\/7162","targetHints":{"allow":["GET"]}}],"collection":[{"href":"https:\/\/hostnetart.com.br\/baixada\/wp-json\/wp\/v2\/posts"}],"about":[{"href":"https:\/\/hostnetart.com.br\/baixada\/wp-json\/wp\/v2\/types\/post"}],"author":[{"embeddable":true,"href":"https:\/\/hostnetart.com.br\/baixada\/wp-json\/wp\/v2\/users\/2"}],"replies":[{"embeddable":true,"href":"https:\/\/hostnetart.com.br\/baixada\/wp-json\/wp\/v2\/comments?post=7162"}],"version-history":[{"count":0,"href":"https:\/\/hostnetart.com.br\/baixada\/wp-json\/wp\/v2\/posts\/7162\/revisions"}],"wp:featuredmedia":[{"embeddable":true,"href":"https:\/\/hostnetart.com.br\/baixada\/wp-json\/wp\/v2\/media\/7161"}],"wp:attachment":[{"href":"https:\/\/hostnetart.com.br\/baixada\/wp-json\/wp\/v2\/media?parent=7162"}],"wp:term":[{"taxonomy":"category","embeddable":true,"href":"https:\/\/hostnetart.com.br\/baixada\/wp-json\/wp\/v2\/categories?post=7162"},{"taxonomy":"post_tag","embeddable":true,"href":"https:\/\/hostnetart.com.br\/baixada\/wp-json\/wp\/v2\/tags?post=7162"}],"curies":[{"name":"wp","href":"https:\/\/api.w.org\/{rel}","templated":true}]}}