{"id":7160,"date":"2019-07-23T13:34:51","date_gmt":"2019-07-23T16:34:51","guid":{"rendered":"https:\/\/hostnetart.com.br\/baixada\/decretada-a-intervencao-na-cassi-pela-ans\/"},"modified":"2019-07-23T13:34:51","modified_gmt":"2019-07-23T16:34:51","slug":"decretada-a-intervencao-na-cassi-pela-ans","status":"publish","type":"post","link":"https:\/\/hostnetart.com.br\/baixada\/decretada-a-intervencao-na-cassi-pela-ans\/","title":{"rendered":"Decretada a interven\u00e7\u00e3o na Cassi pela ANS"},"content":{"rendered":"<p>A instaura\u00e7\u00e3o do Regime de Dire\u00e7\u00e3o Fiscal na Caixa de Assist\u00eancia dos Funcion\u00e1rios do Banco do Brasil (Cassi) foi publicada nesta segunda-feira (22) no<a href=\"https:\/\/e-diariooficial.com\/dou-diario-oficial-da-uniao\/?gclid=Cj0KCQjwvdXpBRCoARIsAMJSKqL2xreq50qrH1jLbDoFKcgNd-AcWXHaqmIx4fN-WjPcf_T6UlYRMioaAlX_EALw_wcB\" target=\"_blank\" rel=\"noopener noreferrer\">\u00a0Di\u00e1rio Oficial da Uni\u00e3o<\/a>. Segundo a publica\u00e7\u00e3o, a dire\u00e7\u00e3o fiscal segue o que disp\u00f5e a legisla\u00e7\u00e3o vigente, considerando as anormalidades econ\u00f4mico-financeiras e administrativas graves que colocam em risco a continuidade do atendimento \u00e0 sa\u00fade. A Dire\u00e7\u00e3o Fiscal \u00e9 a primeira etapa do processo da interven\u00e7\u00e3o.<\/p>\n<p>A medida, na pr\u00e1tica, usa uma medida de for\u00e7a, que \u00e9 a nomea\u00e7\u00e3o de um terceiro, para tratar da quest\u00e3o do desequil\u00edbrio financeiro da Cassi. A Confedera\u00e7\u00e3o Nacional dos Trabalhadores do Ramo Financeiro (Contraf-CUT) e a Comiss\u00e3o de Empresa dos Funcion\u00e1rios do Banco do Brasil insistem que o melhor caminho \u00e9 sempre o entendimento entre o banco e os associados em busca de uma solu\u00e7\u00e3o negociada que contemple os anseios do funcionalismo.<\/p>\n<h3>Cassi passa por problemas h\u00e1 tempos<\/h3>\n<p>A dif\u00edcil situa\u00e7\u00e3o financeira da Cassi j\u00e1 era publica h\u00e1 bastante tempo, com a tentativa de solu\u00e7\u00f5es sendo debatidas entre representantes dos associados e do patrocinador Banco do Brasil. No in\u00edcio de 2019, ap\u00f3s um dif\u00edcil e extenso processo de negocia\u00e7\u00e3o, o Banco do Brasil apresentou uma proposta que foi defendida pela maioria das entidades da mesa de negocia\u00e7\u00e3o.<\/p>\n<p>A\u00a0<a href=\"https:\/\/contrafcut.com.br\/noticias\/contraf-cut-orienta-aprovacao-da-proposta-de-manutencao-da-cassi\/\" target=\"_blank\" rel=\"noopener noreferrer\">Contraf-CUT orientou a aprova\u00e7\u00e3o daquela proposta por entender que mesmo n\u00e3o sendo a proposta idea<\/a>l, era o poss\u00edvel dentro daquele contexto na rela\u00e7\u00e3o com o governo e Banco do Brasil.<\/p>\n<p><a href=\"https:\/\/contrafcut.com.br\/noticias\/proposta-para-a-cassi-nao-e-aprovada-mesmo-com-maioria-de-votos-a-favor\/\" target=\"_blank\" rel=\"noopener noreferrer\">A proposta foi colocada em vota\u00e7\u00e3o e embora aprovada pela maioria dos associados, foi em percentual insuficiente para fazer valer as altera\u00e7\u00f5es de custeio e governan\u00e7a apresentadas.<\/a><\/p>\n<p>Com a interven\u00e7\u00e3o instalada, conforme o disposto no Art.24 da Medida Provis\u00f3ria N\u00ba 2.177-44, de 24 de agosto de 2001 que altera a Lei no 9.656, de 3 de junho de 1998, o diretor-fiscal ou t\u00e9cnico proceder\u00e1 \u00e0 an\u00e1lise da organiza\u00e7\u00e3o administrativa e da situa\u00e7\u00e3o econ\u00f4mico-financeira da operadora, bem assim da qualidade do atendimento aos consumidores. Ainda, segundo os par\u00e1grafos 4\u2070 e 5\u2070 respectivamente do mesmo artigo, \u201co diretor-fiscal ou t\u00e9cnico poder\u00e1 propor a transforma\u00e7\u00e3o do regime de dire\u00e7\u00e3o em liquida\u00e7\u00e3o extrajudicial; e \u201ca ANS promover\u00e1, no prazo m\u00e1ximo de noventa dias, a aliena\u00e7\u00e3o da carteira das operadoras de planos privados de assist\u00eancia \u00e0 sa\u00fade, no caso de n\u00e3o surtirem efeito as medidas por ela determinadas para sanar as irregularidades ou nas situa\u00e7\u00f5es que impliquem risco para os consumidores participantes da carteira.\u201d<\/p>\n<h3>Contraf-CUT cobra reuni\u00e3o com a Cassi<\/h3>\n<p>A Contraf-CUT j\u00e1 entrou em contato com as demais entidades da mesa de negocia\u00e7\u00e3o e com a Cassi, solicitando uma reuni\u00e3o urgente para que a diretoria da Cassi esclare\u00e7a melhor a situa\u00e7\u00e3o e os impactos para os associados considerando a continuidade de atendimento.\u00a0 A reuni\u00e3o na Cassi foi marcada para a pr\u00f3xima quarta-feira (24).<\/p>\n<p>Para Wagner Nascimento, coordenador da Comiss\u00e3o de Empresa dos Funcion\u00e1rios do BB, o maior complicador no processo de interven\u00e7\u00e3o \u00e9 que n\u00e3o sabemos que tipo de medidas ser\u00e3o implantadas. \u201cO que sabemos \u00e9 que n\u00e3o ser\u00e3o negociadas. Continuaremos a procurar o Banco do Brasil para que retomamos a mesa de negocia\u00e7\u00e3o e fa\u00e7amos um amplo debate com os associados para achar uma proposta que garanta a sustentabilidade, a exist\u00eancia e a perenidade da Cassi.\u201d<\/p>\n<p><strong>Fonte: Contraf-CUT<\/strong><\/p>\n","protected":false},"excerpt":{"rendered":"<p>A instaura\u00e7\u00e3o do Regime de Dire\u00e7\u00e3o Fiscal na Caixa de Assist\u00eancia dos Funcion\u00e1rios do Banco do Brasil (Cassi) foi publicada nesta segunda-feira (22) no\u00a0Di\u00e1rio Oficial da Uni\u00e3o. Segundo a publica\u00e7\u00e3o, a dire\u00e7\u00e3o fiscal segue o que disp\u00f5e a legisla\u00e7\u00e3o vigente, considerando as anormalidades econ\u00f4mico-financeiras e administrativas graves que colocam em risco a continuidade do atendimento [&hellip;]<\/p>\n","protected":false},"author":2,"featured_media":7159,"comment_status":"","ping_status":"","sticky":false,"template":"","format":"standard","meta":{"footnotes":""},"categories":[3],"tags":[],"class_list":["post-7160","post","type-post","status-publish","format-standard","has-post-thumbnail","hentry","category-noticias"],"_links":{"self":[{"href":"https:\/\/hostnetart.com.br\/baixada\/wp-json\/wp\/v2\/posts\/7160","targetHints":{"allow":["GET"]}}],"collection":[{"href":"https:\/\/hostnetart.com.br\/baixada\/wp-json\/wp\/v2\/posts"}],"about":[{"href":"https:\/\/hostnetart.com.br\/baixada\/wp-json\/wp\/v2\/types\/post"}],"author":[{"embeddable":true,"href":"https:\/\/hostnetart.com.br\/baixada\/wp-json\/wp\/v2\/users\/2"}],"replies":[{"embeddable":true,"href":"https:\/\/hostnetart.com.br\/baixada\/wp-json\/wp\/v2\/comments?post=7160"}],"version-history":[{"count":0,"href":"https:\/\/hostnetart.com.br\/baixada\/wp-json\/wp\/v2\/posts\/7160\/revisions"}],"wp:featuredmedia":[{"embeddable":true,"href":"https:\/\/hostnetart.com.br\/baixada\/wp-json\/wp\/v2\/media\/7159"}],"wp:attachment":[{"href":"https:\/\/hostnetart.com.br\/baixada\/wp-json\/wp\/v2\/media?parent=7160"}],"wp:term":[{"taxonomy":"category","embeddable":true,"href":"https:\/\/hostnetart.com.br\/baixada\/wp-json\/wp\/v2\/categories?post=7160"},{"taxonomy":"post_tag","embeddable":true,"href":"https:\/\/hostnetart.com.br\/baixada\/wp-json\/wp\/v2\/tags?post=7160"}],"curies":[{"name":"wp","href":"https:\/\/api.w.org\/{rel}","templated":true}]}}