{"id":7154,"date":"2019-07-22T19:15:55","date_gmt":"2019-07-22T22:15:55","guid":{"rendered":"https:\/\/hostnetart.com.br\/baixada\/riqueza-de-quem-opera-com-financas-cresceu-sete-vezes-mais-do-que-a-economia-do-pais\/"},"modified":"2019-07-22T19:15:55","modified_gmt":"2019-07-22T22:15:55","slug":"riqueza-de-quem-opera-com-financas-cresceu-sete-vezes-mais-do-que-a-economia-do-pais","status":"publish","type":"post","link":"https:\/\/hostnetart.com.br\/baixada\/riqueza-de-quem-opera-com-financas-cresceu-sete-vezes-mais-do-que-a-economia-do-pais\/","title":{"rendered":"Riqueza de quem opera com finan\u00e7as cresceu sete vezes mais do que a economia do pa\u00eds"},"content":{"rendered":"<p>O impasse pol\u00edtico explicitado nas elei\u00e7\u00f5es nacionais de 2014 favoreceu o aparecimento de outro tipo de ditadura a enfrentar dilemas do desenvolvimento capitalista impostos pela precoce transi\u00e7\u00e3o da sociedade urbana e industrial para a de servi\u00e7os no Brasil. Na passagem anterior da sociedade agr\u00e1ria para a urbana e industrial, os obst\u00e1culos \u00e0 expans\u00e3o capitalista percebidos na d\u00e9cada de 1960 foram sendo superados atrav\u00e9s da for\u00e7a do autoritarismo militar a servi\u00e7o da ditadura tradicional por 21 anos, at\u00e9 o seu esgotamento (1964-1985).<\/p>\n<p>No retorno da democracia, a converg\u00eancia ideol\u00f3gica entre a maioria de votos na presid\u00eancia da Rep\u00fablica e no parlamento federal alcan\u00e7ada sucessivamente nas elei\u00e7\u00f5es nacionais de 1989, 1994 e 1998 viabilizou a inser\u00e7\u00e3o passiva e subordinada do capitalismo brasileiro \u00e0 globaliza\u00e7\u00e3o neoliberal.<\/p>\n<p>Assim, a coaliza\u00e7\u00e3o entre apenas cinco partidos foi suficiente para garantir, como por exemplo, na \u201c<a href=\"https:\/\/fpabramo.org.br\/2018\/11\/26\/era-temer-bolsonaro-joga-o-trabalho-para-segunda-divisao\/\" target=\"_blank\" rel=\"noopener noreferrer\">Era dos Fernandos<\/a>\u201d (1990-2002), o alinhamento da pol\u00edtica nacional aos requisitos da via econ\u00f4mica que buscasse romper com os la\u00e7os do ciclo desenvolvimentista mantido a duras penas entre as d\u00e9cadas de 1930 e 1980.<\/p>\n<p>Entre 2002 e 2014, contudo, as elei\u00e7\u00f5es nacionais deixaram de produzir id\u00eantica converg\u00eancia ideol\u00f3gica na maioria dos votos na presid\u00eancia da Rep\u00fablica e no parlamento federal.<\/p>\n<p>Tanto assim que a cada mandato presidencial, a quantidade de partidos necess\u00e1rios para a presid\u00eancia da Rep\u00fablica alcan\u00e7ar a maioria parlamentar era crescente, chegando a exigir, inclusive, mais de duas dezenas de partidos e de m\u00e9todos heterodoxos.<\/p>\n<p>Por essa oportunidade estranha ao neoliberalismo, outra via para o desenvolvimento capitalista foi experimentada, com \u00eaxitos ineg\u00e1veis a partir da combina\u00e7\u00e3o do avan\u00e7o democr\u00e1tico como a expans\u00e3o econ\u00f4mica e a inclus\u00e3o social, acompanhada do fortalecimento de for\u00e7as pol\u00edticas e novos segmentos sociais.<\/p>\n<p>Mas isso n\u00e3o deixou de contrariar o conjunto dos interesses econ\u00f4micos privilegiados durante a \u201cEra dos Fernandos\u201d, que embora derrotado por quatro sucessivas elei\u00e7\u00f5es presidenciais, registrou crescente for\u00e7a nos certames eleitorais para a escolha de deputados federais e senadores.<\/p>\n<p>Nas elei\u00e7\u00f5es de 2014, o descompasso entre a maioria dos votos concedidos \u00e0 presid\u00eancia da Rep\u00fablica e \u00e0s bancadas parlamentares alcan\u00e7ou patamar in\u00e9dito. A elei\u00e7\u00e3o de Eduardo Cunha para a Presid\u00eancia da C\u00e2mara dos Deputados por 267 votos e a aprova\u00e7\u00e3o posterior do impeachment de Dilma Rousseff por 367 votos indicaram o caminho aberto para outra forma de ditadura, capaz de for\u00e7ar a converg\u00eancia ideol\u00f3gica neoliberal da maioria parlamentar em rela\u00e7\u00e3o \u00e0 Presid\u00eancia da Rep\u00fablica.<\/p>\n<p>Com Temer, o <a href=\"https:\/\/www.redebrasilatual.com.br\/eleicoes-2018\/2018\/10\/bolsonaro-e-temer-tem-o-mesmo-projeto-economico-ricos-mais-ricos-e-pobres-mais-pobres\/\" target=\"_blank\" rel=\"noopener noreferrer\">receitu\u00e1rio neoliberal foi restabelecido<\/a> plenamente, contando com a aprova\u00e7\u00e3o por 366 votos parlamentares da Emenda Constitucional 95 que congelou gastos p\u00fablicos n\u00e3o financeiros por 20 anos, assim como os votos de 296 deputados federais em favor da reforma trabalhista.<\/p>\n<p>Essa unidade program\u00e1tica n\u00e3o se estabeleceu apenas entre os poderes Executivo e Legislativo federal, pois contava com apoio majorit\u00e1rio do patronato rentista e prim\u00e1rio exportador, bem como praticamente toda a m\u00eddia comercial.<\/p>\n<p>Nas elei\u00e7\u00f5es nacionais de 2018, a converg\u00eancia ideol\u00f3gica entre a maioria dos votos para a presid\u00eancia da Rep\u00fablica e poder Legislativo federal se manteve intacta. Serve de exemplo em 2019, a vota\u00e7\u00e3o do primeiro turno da reforma da previd\u00eancia social que contou com o apoio de 379 parlamentares favor\u00e1veis.<\/p>\n<p>Nesse contexto nacional da forma\u00e7\u00e3o de elites totalit\u00e1rias, a ditadura em curso n\u00e3o mais precisa da for\u00e7a militar para impor a manipula\u00e7\u00e3o entre os poderes executivo e legislativo em favor do novo regime.<\/p>\n<p>Seus tra\u00e7os marcantemente autorit\u00e1rios se voltam \u00e0 consolida\u00e7\u00e3o de um modelo econ\u00f4mico que combina a <a href=\"https:\/\/www.redebrasilatual.com.br\/economia\/2019\/07\/brasil-de-bolsonaro-embarca-em-canoa-furada-diz-paulo-nogueira-batista-jr\/\" target=\"_blank\" rel=\"noopener noreferrer\">especializa\u00e7\u00e3o produtiva prim\u00e1rio-exportador<\/a> com o rentismo financeirizado, sem permitir concess\u00f5es \u00e0s classes sociais populares.<\/p>\n<p>Para tanto, pressup\u00f5e tamb\u00e9m ampla destrui\u00e7\u00e3o do Estado outrora desenvolvimentista para emergir no seu lugar, atrav\u00e9s de um conjunto de reformas ultraliberais (previdenci\u00e1ria, tribut\u00e1ria, educacional, trabalhista, sindical e outras), o Estado minimalista.<\/p>\n<p>Nesse contexto, o modelo pol\u00edtico em reconfigura\u00e7\u00e3o, pelos poderes da toga e da farda, mant\u00e9m as institui\u00e7\u00f5es tradicionais, por\u00e9m cada vez mais capturadas pela converg\u00eancia ideol\u00f3gica patrocinadora do <a href=\"https:\/\/www.redebrasilatual.com.br\/economia\/2019\/07\/a-crise-do-capitalismo-sem-consumidores-e-tema-de-debate-do-entre-vistas-com-ladislau-dowbor\/\" target=\"_blank\" rel=\"noopener noreferrer\">capitalismo de estancamento da produ\u00e7\u00e3o<\/a> em benef\u00edcio da expans\u00e3o da riqueza financeira. Em 2018, por exemplo, a economia brasileira praticamente n\u00e3o cresceu, tendo variado 1,1%, ao passo que a riqueza financeira cresceu sete vezes mais.<\/p>\n<hr \/>\n<p><img fetchpriority=\"high\" decoding=\"async\" class=\"alignleft wp-image-369165 size-full\" src=\"https:\/\/www.redebrasilatual.com.br\/wp-content\/uploads\/2019\/07\/marciopochmann-e1563810879743.jpg\" sizes=\"(max-width: 360px) 100vw, 360px\" srcset=\"https:\/\/www.redebrasilatual.com.br\/wp-content\/uploads\/2019\/07\/marciopochmann-e1563810879743.jpg 360w, https:\/\/www.redebrasilatual.com.br\/wp-content\/uploads\/2019\/07\/marciopochmann-e1563810879743-300x119.jpg 300w\" alt=\"\" width=\"360\" height=\"143\" \/><\/p>\n<p><strong>Fonte: Rede Brasil Atual<\/strong><\/p>\n<div class=\"penci-single-link-pages\">\u00a0<\/div>\n","protected":false},"excerpt":{"rendered":"<p>O impasse pol\u00edtico explicitado nas elei\u00e7\u00f5es nacionais de 2014 favoreceu o aparecimento de outro tipo de ditadura a enfrentar dilemas do desenvolvimento capitalista impostos pela precoce transi\u00e7\u00e3o da sociedade urbana e industrial para a de servi\u00e7os no Brasil. Na passagem anterior da sociedade agr\u00e1ria para a urbana e industrial, os obst\u00e1culos \u00e0 expans\u00e3o capitalista percebidos [&hellip;]<\/p>\n","protected":false},"author":2,"featured_media":7153,"comment_status":"","ping_status":"","sticky":false,"template":"","format":"standard","meta":{"footnotes":""},"categories":[3],"tags":[],"class_list":["post-7154","post","type-post","status-publish","format-standard","has-post-thumbnail","hentry","category-noticias"],"_links":{"self":[{"href":"https:\/\/hostnetart.com.br\/baixada\/wp-json\/wp\/v2\/posts\/7154","targetHints":{"allow":["GET"]}}],"collection":[{"href":"https:\/\/hostnetart.com.br\/baixada\/wp-json\/wp\/v2\/posts"}],"about":[{"href":"https:\/\/hostnetart.com.br\/baixada\/wp-json\/wp\/v2\/types\/post"}],"author":[{"embeddable":true,"href":"https:\/\/hostnetart.com.br\/baixada\/wp-json\/wp\/v2\/users\/2"}],"replies":[{"embeddable":true,"href":"https:\/\/hostnetart.com.br\/baixada\/wp-json\/wp\/v2\/comments?post=7154"}],"version-history":[{"count":0,"href":"https:\/\/hostnetart.com.br\/baixada\/wp-json\/wp\/v2\/posts\/7154\/revisions"}],"wp:featuredmedia":[{"embeddable":true,"href":"https:\/\/hostnetart.com.br\/baixada\/wp-json\/wp\/v2\/media\/7153"}],"wp:attachment":[{"href":"https:\/\/hostnetart.com.br\/baixada\/wp-json\/wp\/v2\/media?parent=7154"}],"wp:term":[{"taxonomy":"category","embeddable":true,"href":"https:\/\/hostnetart.com.br\/baixada\/wp-json\/wp\/v2\/categories?post=7154"},{"taxonomy":"post_tag","embeddable":true,"href":"https:\/\/hostnetart.com.br\/baixada\/wp-json\/wp\/v2\/tags?post=7154"}],"curies":[{"name":"wp","href":"https:\/\/api.w.org\/{rel}","templated":true}]}}