{"id":7152,"date":"2019-07-22T19:14:53","date_gmt":"2019-07-22T22:14:53","guid":{"rendered":"https:\/\/hostnetart.com.br\/baixada\/trabalhador-brasileiro-tem-acesso-cada-vez-mais-reduzido-ao-seguro-desemprego\/"},"modified":"2019-07-22T19:14:53","modified_gmt":"2019-07-22T22:14:53","slug":"trabalhador-brasileiro-tem-acesso-cada-vez-mais-reduzido-ao-seguro-desemprego","status":"publish","type":"post","link":"https:\/\/hostnetart.com.br\/baixada\/trabalhador-brasileiro-tem-acesso-cada-vez-mais-reduzido-ao-seguro-desemprego\/","title":{"rendered":"Trabalhador brasileiro tem acesso cada vez mais reduzido ao seguro-desemprego"},"content":{"rendered":"<p>Estudo comparativa entre a<a href=\"https:\/\/www.redebrasilatual.com.br\/economia\/2019\/07\/na-nova-era-de-bolsonaro-cresce-medo-do-desemprego-e-cai-satisfacao-com-a-vida\/\" target=\"_blank\" rel=\"noopener noreferrer\">\u00a0falta de empregos<\/a> e o uso do seguro-desemprego mostrou que o sistema de prote\u00e7\u00e3o aos trabalhadores brasileiros \u00e9 um dos menos generosos do mundo. De acordo com levantamento do Instituto de Pesquisa Econ\u00f4mica Aplicada (Ipea), em parceria com o Centro Internacional de Pol\u00edticas para o Crescimento Inclusivo (IPC-IG), a taxa de cobertura do aux\u00edlio \u00e9 baixa e vem caindo nos \u00faltimos anos, apesar do<a href=\"https:\/\/www.redebrasilatual.com.br\/economia\/2019\/05\/desemprego-atinge-13-milhoes-numero-de-subutilizados-e-recorde-e-desalento-aumenta\/\" target=\"_blank\" rel=\"noopener noreferrer\"> aumento no n\u00famero de desempregados<\/a>.<\/p>\n<p>Em 2015, ao menos 7,8% dos brasileiros fizeram uso do seguro-desemprego. Em 2018, quando a taxa de desemprego atingiu <a href=\"https:\/\/www.redebrasilatual.com.br\/trabalho\/2018\/11\/taxa-de-desemprego-diminui-mas-aumenta-o-numero-de-trabalhadores-sem-direitos\/\" target=\"_blank\" rel=\"noopener noreferrer\">12,2 milh\u00f5es de trabalhadores<\/a>, apenas 4,8% dos desempregados tiveram acesso ao benef\u00edcio.<\/p>\n<p>Na pr\u00e1tica, os dados revelam que, com o aumento do desemprego e uma cobertura menor, o pa\u00eds tem garantido prote\u00e7\u00e3o apenas a at\u00e9 600 mil <a href=\"https:\/\/www.redebrasilatual.com.br\/trabalho\/2019\/02\/perfil-mostra-relacao-entre-escravidao-desemprego-e-informalidade\/\" target=\"_blank\" rel=\"noopener noreferrer\">trabalhadores desempregados<\/a>, segundo o diretor t\u00e9cnico do Dieese, Clemente Ganz L\u00facio, em entrevista \u00e0 jornalista Marilu Caba\u00f1as, da <strong>R\u00e1dio Brasil Atual<\/strong>. \u201cH\u00e1 uma redu\u00e7\u00e3o bastante significativa que, se colocada no contexto internacional mostra que o Brasil \u00e9 um dos pa\u00edses com menor taxa de cobertura\u201d, destaca Clemente sobre o estudo que compara a situa\u00e7\u00e3o brasileira com outros 97 pa\u00edses que adotam mecanismo similares de seguridade social.<\/p>\n<p>\u201cIsso acontece porque por um lado n\u00f3s temos uma taxa de informalidade muito elevada, uma aus\u00eancia de v\u00ednculo laboral est\u00e1vel e protegido com o registro da carteira de trabalho e, por outro lado, temos uma rotatividade que \u00e9 grande. Trabalhadores s\u00e3o contratados e demitidos numa velocidade r\u00e1pida (\u2026) tamb\u00e9m o seguro-desemprego \u00e9 praticado no Brasil com regras que tornam muito dif\u00edcil o acesso ao benef\u00edcio\u201d, aponta o diretor t\u00e9cnico do Dieese.<\/p>\n<p>O valor mensal do seguro-desemprego pode variar de um sal\u00e1rio m\u00ednimo a R$ 1.735,29, pagos em tr\u00eas a cinco parcelas, a depender do tempo trabalhado. Em 2016, quando as<a href=\"https:\/\/www.redebrasilatual.com.br\/destaques\/2019\/06\/as-razoes-da-desigualdade-de-renda-do-trabalho-sao-politicas-e-nao-educacionais\/\" target=\"_blank\" rel=\"noopener noreferrer\"> regras de acesso se tornaram mais r\u00edgidas<\/a>, 1,65% do or\u00e7amento p\u00fablico foi gasto com o programa. Em pa\u00edses da Europa, onde o tempo de prote\u00e7\u00e3o \u00e9 maior, o seguro-desemprego corresponde em m\u00e9dia a 4,6% dos or\u00e7amentos. \u201cNo seu conjunto, o seguro-desemprego, infelizmente,\u00a0est\u00e1 longe de proteger os trabalhadores que se encontram na situa\u00e7\u00e3o de desemprego no Brasil\u201d, conclui Clemente.<\/p>\n<p><strong>Fonte: Rede Brasil Atual<\/strong><\/p>\n","protected":false},"excerpt":{"rendered":"<p>Estudo comparativa entre a\u00a0falta de empregos e o uso do seguro-desemprego mostrou que o sistema de prote\u00e7\u00e3o aos trabalhadores brasileiros \u00e9 um dos menos generosos do mundo. De acordo com levantamento do Instituto de Pesquisa Econ\u00f4mica Aplicada (Ipea), em parceria com o Centro Internacional de Pol\u00edticas para o Crescimento Inclusivo (IPC-IG), a taxa de cobertura [&hellip;]<\/p>\n","protected":false},"author":2,"featured_media":7151,"comment_status":"","ping_status":"","sticky":false,"template":"","format":"standard","meta":{"footnotes":""},"categories":[3],"tags":[],"class_list":["post-7152","post","type-post","status-publish","format-standard","has-post-thumbnail","hentry","category-noticias"],"_links":{"self":[{"href":"https:\/\/hostnetart.com.br\/baixada\/wp-json\/wp\/v2\/posts\/7152","targetHints":{"allow":["GET"]}}],"collection":[{"href":"https:\/\/hostnetart.com.br\/baixada\/wp-json\/wp\/v2\/posts"}],"about":[{"href":"https:\/\/hostnetart.com.br\/baixada\/wp-json\/wp\/v2\/types\/post"}],"author":[{"embeddable":true,"href":"https:\/\/hostnetart.com.br\/baixada\/wp-json\/wp\/v2\/users\/2"}],"replies":[{"embeddable":true,"href":"https:\/\/hostnetart.com.br\/baixada\/wp-json\/wp\/v2\/comments?post=7152"}],"version-history":[{"count":0,"href":"https:\/\/hostnetart.com.br\/baixada\/wp-json\/wp\/v2\/posts\/7152\/revisions"}],"wp:featuredmedia":[{"embeddable":true,"href":"https:\/\/hostnetart.com.br\/baixada\/wp-json\/wp\/v2\/media\/7151"}],"wp:attachment":[{"href":"https:\/\/hostnetart.com.br\/baixada\/wp-json\/wp\/v2\/media?parent=7152"}],"wp:term":[{"taxonomy":"category","embeddable":true,"href":"https:\/\/hostnetart.com.br\/baixada\/wp-json\/wp\/v2\/categories?post=7152"},{"taxonomy":"post_tag","embeddable":true,"href":"https:\/\/hostnetart.com.br\/baixada\/wp-json\/wp\/v2\/tags?post=7152"}],"curies":[{"name":"wp","href":"https:\/\/api.w.org\/{rel}","templated":true}]}}