{"id":7144,"date":"2019-07-22T13:11:04","date_gmt":"2019-07-22T16:11:04","guid":{"rendered":"https:\/\/hostnetart.com.br\/baixada\/operario-faz-as-contas-e-constata-vai-trabalhar-mais-e-receber-menos-sou-privilegiado\/"},"modified":"2019-07-22T13:11:04","modified_gmt":"2019-07-22T16:11:04","slug":"operario-faz-as-contas-e-constata-vai-trabalhar-mais-e-receber-menos-sou-privilegiado","status":"publish","type":"post","link":"https:\/\/hostnetart.com.br\/baixada\/operario-faz-as-contas-e-constata-vai-trabalhar-mais-e-receber-menos-sou-privilegiado\/","title":{"rendered":"Oper\u00e1rio faz as contas e constata: vai trabalhar mais e receber menos. \u2018Sou privilegiado?\u2019"},"content":{"rendered":"<p>Washington Lopes Silva nasceu em Jaguaquara, interior da Bahia, trabalhou no Rio de Janeiro antes de chegar \u00e0 regi\u00e3o metropolitana de S\u00e3o Paulo, onde passou pela constru\u00e7\u00e3o civil e por ind\u00fastrias de laminados e de pl\u00e1sticos. H\u00e1 10 anos, trabalha na General Motors em Mogi das Cruzes, f\u00e1brica que produz componentes de ve\u00edculos. \u00c9 operador de produ\u00e7\u00e3o. Antes, trabalhava em uma fornecedora de tecidos para uma empresa que montava os bancos dos autom\u00f3veis. Nos \u00faltimos tempos, uma preocupa\u00e7\u00e3o ronda o oper\u00e1rio: a Proposta de Emenda \u00e0 Constitui\u00e7\u00e3o (PEC) 6, que mexe na Previd\u00eancia Social, pode tamb\u00e9m <a href=\"https:\/\/www.redebrasilatual.com.br\/economia\/2019\/07\/reforma-da-previdencia-a-quem-interessa-aumentar-a-desigualdade\/\" target=\"_blank\" rel=\"noopener noreferrer\">mexer na sua vida, para pior<\/a>.<\/p>\n<p>\u201cA <a href=\"http:\/\/minhaaposentadoria.net.br\" target=\"_blank\" rel=\"noopener noreferrer\">aposentadoria<\/a> vai ser bastante achatada\u201d, diz o trabalhador, j\u00e1 fazendo as contas para estimar o preju\u00edzo, caso o projeto seja aprovado da maneira que est\u00e1. Ainda falta uma <a href=\"https:\/\/www.redebrasilatual.com.br\/politica\/2019\/07\/previdencia-oposicao-vai-tentar-excluir-crueldades-no-segundo-turno-da-votacao\/\" target=\"_blank\" rel=\"noopener noreferrer\">segunda vota\u00e7\u00e3o na C\u00e2mara<\/a>, antes de a PEC 6 rumar o Senado. Na primeira, foi <a href=\"https:\/\/www.redebrasilatual.com.br\/politica\/2019\/07\/confira-como-votaram-os-deputados-na-sessao-que-aprovou-a-reforma-da-previdencia\/\" target=\"_blank\" rel=\"noopener noreferrer\">aprovada<\/a> por larga margem, 379 votos a 131 \u2013 eram necess\u00e1rios 308.<\/p>\n<p>Com 41 anos, ele come\u00e7ou a trabalhar aos 19, em uma distribuidora Avon no Rio, vindo da Bahia. \u201cMeu padrasto trabalhava na constru\u00e7\u00e3o civil e mudava demais\u201d, explica. \u00c0 cidade natal, na regi\u00e3o de Feira de Santana, ele tem um irm\u00e3o e outros parentes, mas conta que n\u00e3o consegue ir muito. \u201cA grana vai ficando curta. Cada ano que passa vai achatando o sal\u00e1rio do trabalhador. Costumo dizer que a gente costuma fazer equil\u00edbrio com elefante.\u201d<\/p>\n<p>Pelas suas contas, com as regras atuais ele conseguir\u00e1 se aposentar aos 57 anos com aproximadamente 90% do teto. Ou seja, mais 16 anos. Se a reforma passar, estima que teria de trabalhar pelo menos mais 22 anos. Para pegar 100%, teria de ir hoje at\u00e9 63 ou 64 anos. Com a reforma, at\u00e9 70. Washington ainda n\u00e3o calculou o efeito sobre a remunera\u00e7\u00e3o, mas calcula uma perda em torno de 30%. E se mostra inconformado com a propaganda do governo: \u201cComo trabalhador, eu n\u00e3o tenho nenhum privil\u00e9gio\u201d.<\/p>\n<h5>Maldade<\/h5>\n<p>Assim, em uma conta preliminar, j\u00e1 sabe que ter\u00e1 de trabalhar mais \u2013 e ganhar\u00e1 menos. Isso se conseguir se manter no mercado. O oper\u00e1rio observa que sua atividade profissional tem consequ\u00eancias para a sa\u00fade, devido ao ritmo. \u00c9 um setor em que as cirurgias decorrentes da produ\u00e7\u00e3o n\u00e3o s\u00e3o incomuns.<\/p>\n<p>Sua esposa, Patr\u00edcia, est\u00e1 mais distante ainda da aposentadoria. Tem 33 anos e 12 de contribui\u00e7\u00e3o. \u201cTodos v\u00e3o sofrer. Acredito que para a mulher vai ser muito mais dif\u00edcil. Al\u00e9m de trabalhar, tem a jornada em casa\u201d, lembra Washington. A m\u00e3e dele, de 63 anos, n\u00e3o se aposentou. Trabalhou em casa de fam\u00edlia durante muito tempo, mas contribuiu pouco.<\/p>\n<p>\u201cVoc\u00ea v\u00ea a maldade embutida nisso\u201d, diz ele sobre o projeto. Ele se mostra angustiado com quem ainda vai entrar no mercado, que poder\u00e1 ser empurrado para o setor privado, ou desestimulado de contribuir para a Previd\u00eancia p\u00fablica. \u201cFico preocupado com meu filho e minha filha. Vai ser pior ainda. Tiago tem 11 anos e Isabela, 10. \u201cAcredito que vai chegar o momento que a m\u00eddia vai bater forte na previd\u00eancia privada, at\u00e9 para fazer a cabe\u00e7a dessas futuras gera\u00e7\u00f5es.\u201d<\/p>\n<p>Washington conta que n\u00e3o gosta de \u201cpolitizar\u201d a discuss\u00e3o, mas est\u00e1 inconformado com um governo que \u201cest\u00e1 rasgando a CLT, acabando com as aposentadorias\u201d. E acredita que as autoridades contam com certa \u201cin\u00e9rcia\u201d da popula\u00e7\u00e3o, que n\u00e3o se informa como deveria. \u201cA gente vai virar escravo moderno. Isso vai mexer diretamente com a nossa sa\u00fade, nossos projetos de vida\u201d, diz.<\/p>\n<p><strong>Fonte: Rede Brasil Atual<\/strong><\/p>\n","protected":false},"excerpt":{"rendered":"<p>Washington Lopes Silva nasceu em Jaguaquara, interior da Bahia, trabalhou no Rio de Janeiro antes de chegar \u00e0 regi\u00e3o metropolitana de S\u00e3o Paulo, onde passou pela constru\u00e7\u00e3o civil e por ind\u00fastrias de laminados e de pl\u00e1sticos. H\u00e1 10 anos, trabalha na General Motors em Mogi das Cruzes, f\u00e1brica que produz componentes de ve\u00edculos. \u00c9 operador [&hellip;]<\/p>\n","protected":false},"author":2,"featured_media":7143,"comment_status":"","ping_status":"","sticky":false,"template":"","format":"standard","meta":{"footnotes":""},"categories":[3],"tags":[],"class_list":["post-7144","post","type-post","status-publish","format-standard","has-post-thumbnail","hentry","category-noticias"],"_links":{"self":[{"href":"https:\/\/hostnetart.com.br\/baixada\/wp-json\/wp\/v2\/posts\/7144","targetHints":{"allow":["GET"]}}],"collection":[{"href":"https:\/\/hostnetart.com.br\/baixada\/wp-json\/wp\/v2\/posts"}],"about":[{"href":"https:\/\/hostnetart.com.br\/baixada\/wp-json\/wp\/v2\/types\/post"}],"author":[{"embeddable":true,"href":"https:\/\/hostnetart.com.br\/baixada\/wp-json\/wp\/v2\/users\/2"}],"replies":[{"embeddable":true,"href":"https:\/\/hostnetart.com.br\/baixada\/wp-json\/wp\/v2\/comments?post=7144"}],"version-history":[{"count":0,"href":"https:\/\/hostnetart.com.br\/baixada\/wp-json\/wp\/v2\/posts\/7144\/revisions"}],"wp:featuredmedia":[{"embeddable":true,"href":"https:\/\/hostnetart.com.br\/baixada\/wp-json\/wp\/v2\/media\/7143"}],"wp:attachment":[{"href":"https:\/\/hostnetart.com.br\/baixada\/wp-json\/wp\/v2\/media?parent=7144"}],"wp:term":[{"taxonomy":"category","embeddable":true,"href":"https:\/\/hostnetart.com.br\/baixada\/wp-json\/wp\/v2\/categories?post=7144"},{"taxonomy":"post_tag","embeddable":true,"href":"https:\/\/hostnetart.com.br\/baixada\/wp-json\/wp\/v2\/tags?post=7144"}],"curies":[{"name":"wp","href":"https:\/\/api.w.org\/{rel}","templated":true}]}}