{"id":7142,"date":"2019-07-19T16:38:47","date_gmt":"2019-07-19T19:38:47","guid":{"rendered":"https:\/\/hostnetart.com.br\/baixada\/contraf-cut-volta-a-cobrar-suspensao-do-processo-de-reestruturacao-da-caixa\/"},"modified":"2019-07-19T16:38:47","modified_gmt":"2019-07-19T19:38:47","slug":"contraf-cut-volta-a-cobrar-suspensao-do-processo-de-reestruturacao-da-caixa","status":"publish","type":"post","link":"https:\/\/hostnetart.com.br\/baixada\/contraf-cut-volta-a-cobrar-suspensao-do-processo-de-reestruturacao-da-caixa\/","title":{"rendered":"Contraf-CUT volta a cobrar suspens\u00e3o do processo de reestrutura\u00e7\u00e3o da Caixa"},"content":{"rendered":"<p>Os representantes dos empregados da Caixa voltaram a reivindicar a\u00a0<a href=\"https:\/\/contrafcut.com.br\/noticias\/por-descaso-mediacao-no-mpt-e-suspensa-e-caixa-trata-casos-pontuais\/\" target=\"_blank\" rel=\"noopener noreferrer\">suspens\u00e3o do processo de reestrutura\u00e7\u00e3o<\/a>\u00a0que o banco est\u00e1 implementando unilateralmente, em reuni\u00e3o com a dire\u00e7\u00e3o do banco, realizada com nesta quinta-feira (18), em Bras\u00edlia.<\/p>\n<p>Para S\u00e9rgio Takemoto, secret\u00e1rio de Finan\u00e7as da Confedera\u00e7\u00e3o Nacional dos Trabalhadores do Ramo Financeiro (Contraf-CUT) e vice-presidente da\u00a0<a href=\"https:\/\/www.fenae.org.br\/portal\/fenae-portal\/noticias\/reestruturacao-fenae-e-contraf-cut-voltam-a-cobrar-suspensao-do-processo.htm\" target=\"_blank\" rel=\"noopener noreferrer\">Fenae<\/a>, o processo de reestrutura\u00e7\u00e3o em curso atua como uma ca\u00e7a \u00e0s bruxas. \u201cA dire\u00e7\u00e3o do banco se nega a fazer a suspens\u00e3o e tampouco busca estabelecer crit\u00e9rios para a realoca\u00e7\u00e3o, que levem em conta a valoriza\u00e7\u00e3o profissional\u201d, ressaltou.<\/p>\n<p>Na avalia\u00e7\u00e3o dos representantes das entidades do movimento associativo e sindical, o processo que a Caixa denomina \u201cequaliza\u00e7\u00e3o da for\u00e7a de trabalho\u201d \u00e9 uma desestrutura\u00e7\u00e3o do banco p\u00fablico, pois est\u00e3o sendo esvaziadas \u00e1reas estrat\u00e9gicas que envolvem conhecimento e n\u00e3o supre a falta de empregados das ag\u00eancias.<\/p>\n<p>\u201cExemplo claro de preju\u00edzo s\u00e3o os colegas com experi\u00eancia e saber especializado que est\u00e3o sendo transferidos e consequentemente as \u00e1reas est\u00e3o perdendo conhecimento, como as \u00e1reas de habita\u00e7\u00e3o e TI\u201d, disse Fabiana Uehara, secret\u00e1ria de Cultura da Contraf-CUT e representante da Confedera\u00e7\u00e3o nas negocia\u00e7\u00f5es com o banco. A Caixa manteve a posi\u00e7\u00e3o de dar continuidade a realoca\u00e7\u00e3o de empregados e se prop\u00f5e a tratar as pontualidades apontadas pelo movimento sindical. Nova reuni\u00e3o ficou agendada para a pr\u00f3xima semana.\u00a0<\/p>\n<p><strong>Fonte: Contraf-CUT com informa\u00e7\u00f5es da Fenae<\/strong><\/p>\n","protected":false},"excerpt":{"rendered":"<p>Os representantes dos empregados da Caixa voltaram a reivindicar a\u00a0suspens\u00e3o do processo de reestrutura\u00e7\u00e3o\u00a0que o banco est\u00e1 implementando unilateralmente, em reuni\u00e3o com a dire\u00e7\u00e3o do banco, realizada com nesta quinta-feira (18), em Bras\u00edlia. Para S\u00e9rgio Takemoto, secret\u00e1rio de Finan\u00e7as da Confedera\u00e7\u00e3o Nacional dos Trabalhadores do Ramo Financeiro (Contraf-CUT) e vice-presidente da\u00a0Fenae, o processo de reestrutura\u00e7\u00e3o [&hellip;]<\/p>\n","protected":false},"author":2,"featured_media":7141,"comment_status":"","ping_status":"","sticky":false,"template":"","format":"standard","meta":{"footnotes":""},"categories":[3],"tags":[],"class_list":["post-7142","post","type-post","status-publish","format-standard","has-post-thumbnail","hentry","category-noticias"],"_links":{"self":[{"href":"https:\/\/hostnetart.com.br\/baixada\/wp-json\/wp\/v2\/posts\/7142","targetHints":{"allow":["GET"]}}],"collection":[{"href":"https:\/\/hostnetart.com.br\/baixada\/wp-json\/wp\/v2\/posts"}],"about":[{"href":"https:\/\/hostnetart.com.br\/baixada\/wp-json\/wp\/v2\/types\/post"}],"author":[{"embeddable":true,"href":"https:\/\/hostnetart.com.br\/baixada\/wp-json\/wp\/v2\/users\/2"}],"replies":[{"embeddable":true,"href":"https:\/\/hostnetart.com.br\/baixada\/wp-json\/wp\/v2\/comments?post=7142"}],"version-history":[{"count":0,"href":"https:\/\/hostnetart.com.br\/baixada\/wp-json\/wp\/v2\/posts\/7142\/revisions"}],"wp:featuredmedia":[{"embeddable":true,"href":"https:\/\/hostnetart.com.br\/baixada\/wp-json\/wp\/v2\/media\/7141"}],"wp:attachment":[{"href":"https:\/\/hostnetart.com.br\/baixada\/wp-json\/wp\/v2\/media?parent=7142"}],"wp:term":[{"taxonomy":"category","embeddable":true,"href":"https:\/\/hostnetart.com.br\/baixada\/wp-json\/wp\/v2\/categories?post=7142"},{"taxonomy":"post_tag","embeddable":true,"href":"https:\/\/hostnetart.com.br\/baixada\/wp-json\/wp\/v2\/tags?post=7142"}],"curies":[{"name":"wp","href":"https:\/\/api.w.org\/{rel}","templated":true}]}}