{"id":7138,"date":"2019-07-19T14:40:30","date_gmt":"2019-07-19T17:40:30","guid":{"rendered":"https:\/\/hostnetart.com.br\/baixada\/bancarios-do-rio-de-janeiro-e-do-espirito-santo-participam-da-21-conferencia-interestadual\/"},"modified":"2019-07-19T14:40:30","modified_gmt":"2019-07-19T17:40:30","slug":"bancarios-do-rio-de-janeiro-e-do-espirito-santo-participam-da-21-conferencia-interestadual","status":"publish","type":"post","link":"https:\/\/hostnetart.com.br\/baixada\/bancarios-do-rio-de-janeiro-e-do-espirito-santo-participam-da-21-conferencia-interestadual\/","title":{"rendered":"Banc\u00e1rios do Rio de Janeiro e do Esp\u00edrito Santo participam da 21\u00aa Confer\u00eancia Interestadual"},"content":{"rendered":"<p>Os banc\u00e1rios do Rio de Janeiro e do Esp\u00edrito Santo participam nesta sexta-feira (19) e no s\u00e1bado (20) da 21\u00aa Confer\u00eancia Interestadual dos Trabalhadores do Ramo Financeiro dos Estados do Rio e Esp\u00edrito Santo, realizada pela Fetraf RJ\/ES), no audit\u00f3rio do Sindicato dos Banc\u00e1rios e Financi\u00e1rios do Munic\u00edpio do Rio de Janeiro.<\/p>\n<p>Embora que a Conven\u00e7\u00e3o Coletiva de Trabalho (CCT) esteja em vigor at\u00e9 setembro de 2020 e salvaguarde a categoria das intemp\u00e9ries da atual conjuntura pol\u00edtico econ\u00f4mica, os atos do Governo como a amea\u00e7a de privatiza\u00e7\u00e3o nos bancos federais, a Reforma da Previd\u00eancia e Trabalhista, somados a gan\u00e2ncia por lucro dos bancos privados e um sistema judici\u00e1rio n\u00e3o imparcial, tornam urgente a continuidade da mobiliza\u00e7\u00e3o dos banc\u00e1rios.<\/p>\n<p>\u201cDemiss\u00f5es, terceiriza\u00e7\u00f5es e precariza\u00e7\u00e3o nos servi\u00e7os s\u00e3o a t\u00f4nica dos banqueiros e temos a obriga\u00e7\u00e3o, como sempre, em manter todas as nossas conquistas e barrar as tentativas de ataque\u201d, afirmou Nilton Esperan\u00e7a, presidente da Fetraf RJ\/ ES.<\/p>\n<p>Para ele, as a\u00e7\u00f5es conservadoras e neoliberais do Governo tamb\u00e9m t\u00eam gerado retrocessos nas liberdades democr\u00e1ticas e amea\u00e7as aos direitos da classe trabalhadora, cuja implementa\u00e7\u00e3o depende a sobreviv\u00eancia do pr\u00f3prio governo. \u201cCom isso teremos como objetivo organizar uma metodologia de amplo e profundo debate, para al\u00e9m da nossa categoria. Os desafios s\u00e3o grandes, mas o movimento sindical j\u00e1 superou outros momentos de crise e ir\u00e1 superar o atual.\u201d<\/p>\n<h3>Programa\u00e7\u00e3o da 21\u00aa Confer\u00eancia Interestadual<\/h3>\n<p><strong>19 de julho<\/strong><\/p>\n<p>\u2022 18h30 \u2013 Mesa de abertura: Fetraf RJ\/ES, CONTRAF, Sindicato dos Banc\u00e1rios do Rio, centrais sindicais (CUT, CTB, CSP-CONLUTAS e Intersindical).<\/p>\n<p>\u2022 19h30 \u2013 Reforma da Previd\u00eancia \u2013 Palestrante: Paulo Jagger (Dieese)<\/p>\n<p><strong>20 de julho<\/strong><\/p>\n<p>\u2022 8h \u00e0s 10h \u2013 Caf\u00e9 da Manh\u00e3<\/p>\n<p>\u2022 10h20 \u00e0s 11h \u2013 Conjuntura \u2013 Palestrante Adhemar Mineiro (Dieese)<\/p>\n<p>\u2022 11h \u00e0s 12h \u2013 Comunica\u00e7\u00e3o Alternativa \u2013 Palestrante: Paulo Salvador<\/p>\n<p>\u2022 12h \u00e0s 13h \u2013 Almo\u00e7o.<\/p>\n<p>\u2022 13h \u00e0s 14h30 \u2013 Estrutura Sindical \u2013 Palestrantes: Jos\u00e9 Eymard Logu\u00e9rcio e Sergio Nobre.<\/p>\n<p>\u2022 14h30 \u00e0s 15h30 \u2013 Apresenta\u00e7\u00e3o e discuss\u00e3o de propostas\u2013 Mediadores: Nilton Esperan\u00e7a, Adriana Nalesso e Carlos Ara\u00fajo.<\/p>\n<p>\u2022 15h30 \u00e0s 16h30 \u2013 Apresenta\u00e7\u00e3o de chapas e elei\u00e7\u00e3o dos delegados a 21\u00aa Confer\u00eancia Nacional.<\/p>\n<p><strong>Fonte: Contraf-CUT<\/strong><\/p>\n","protected":false},"excerpt":{"rendered":"<p>Os banc\u00e1rios do Rio de Janeiro e do Esp\u00edrito Santo participam nesta sexta-feira (19) e no s\u00e1bado (20) da 21\u00aa Confer\u00eancia Interestadual dos Trabalhadores do Ramo Financeiro dos Estados do Rio e Esp\u00edrito Santo, realizada pela Fetraf RJ\/ES), no audit\u00f3rio do Sindicato dos Banc\u00e1rios e Financi\u00e1rios do Munic\u00edpio do Rio de Janeiro. Embora que a [&hellip;]<\/p>\n","protected":false},"author":2,"featured_media":7137,"comment_status":"","ping_status":"","sticky":false,"template":"","format":"standard","meta":{"footnotes":""},"categories":[3],"tags":[],"class_list":["post-7138","post","type-post","status-publish","format-standard","has-post-thumbnail","hentry","category-noticias"],"_links":{"self":[{"href":"https:\/\/hostnetart.com.br\/baixada\/wp-json\/wp\/v2\/posts\/7138","targetHints":{"allow":["GET"]}}],"collection":[{"href":"https:\/\/hostnetart.com.br\/baixada\/wp-json\/wp\/v2\/posts"}],"about":[{"href":"https:\/\/hostnetart.com.br\/baixada\/wp-json\/wp\/v2\/types\/post"}],"author":[{"embeddable":true,"href":"https:\/\/hostnetart.com.br\/baixada\/wp-json\/wp\/v2\/users\/2"}],"replies":[{"embeddable":true,"href":"https:\/\/hostnetart.com.br\/baixada\/wp-json\/wp\/v2\/comments?post=7138"}],"version-history":[{"count":0,"href":"https:\/\/hostnetart.com.br\/baixada\/wp-json\/wp\/v2\/posts\/7138\/revisions"}],"wp:featuredmedia":[{"embeddable":true,"href":"https:\/\/hostnetart.com.br\/baixada\/wp-json\/wp\/v2\/media\/7137"}],"wp:attachment":[{"href":"https:\/\/hostnetart.com.br\/baixada\/wp-json\/wp\/v2\/media?parent=7138"}],"wp:term":[{"taxonomy":"category","embeddable":true,"href":"https:\/\/hostnetart.com.br\/baixada\/wp-json\/wp\/v2\/categories?post=7138"},{"taxonomy":"post_tag","embeddable":true,"href":"https:\/\/hostnetart.com.br\/baixada\/wp-json\/wp\/v2\/tags?post=7138"}],"curies":[{"name":"wp","href":"https:\/\/api.w.org\/{rel}","templated":true}]}}