{"id":7132,"date":"2019-07-18T14:48:46","date_gmt":"2019-07-18T17:48:46","guid":{"rendered":"https:\/\/hostnetart.com.br\/baixada\/previdencia-oposicao-vai-tentar-excluir-crueldades-no-segundo-turno-da-votacao\/"},"modified":"2019-07-18T14:48:46","modified_gmt":"2019-07-18T17:48:46","slug":"previdencia-oposicao-vai-tentar-excluir-crueldades-no-segundo-turno-da-votacao","status":"publish","type":"post","link":"https:\/\/hostnetart.com.br\/baixada\/previdencia-oposicao-vai-tentar-excluir-crueldades-no-segundo-turno-da-votacao\/","title":{"rendered":"Previd\u00eancia: oposi\u00e7\u00e3o vai tentar excluir \u2018crueldades\u2019 no segundo turno da vota\u00e7\u00e3o"},"content":{"rendered":"<p>Segundo a deputada federal Jandira Feghali (PCdoB-RJ), l\u00edder da minoria na C\u00e2mara, o texto da\u00a0<a href=\"https:\/\/www.redebrasilatual.com.br\/economia\/2019\/07\/reforma-da-previdencia-a-quem-interessa-aumentar-a-desigualdade\/\" target=\"_blank\" rel=\"noopener noreferrer\">\u201creforma\u201d da Previd\u00eancia<\/a>, aprovado pelo plen\u00e1rio da C\u00e2mara em\u00a0<a href=\"https:\/\/www.redebrasilatual.com.br\/politica\/2019\/07\/camara-dos-deputados-aprova-reforma-da-previdencia-em-primeiro-turno\/\" target=\"_blank\" rel=\"noopener noreferrer\">primeiro turno<\/a>\u00a0na semana passada, ainda \u00e9 \u201cmuito ruim\u201d para a classe trabalhadora, em especial para os trabalhadores mais pobres \u2013 que ter\u00e3o que contribuir por 40 anos (no caso dos homens, 35 para mulheres) para alcan\u00e7arem o valor integral dos benef\u00edcios \u2013, e tamb\u00e9m para servidores p\u00fablicos, com ped\u00e1gio de 100% do tempo que falta para se aposentarem. A oposi\u00e7\u00e3o vai tentar excluir esses e outros pontos \u201ccru\u00e9is\u201d da mat\u00e9ria, durante a vota\u00e7\u00e3o da proposta em segundo turno.<\/p>\n<p>Ser\u00e3o nove destaques supressivos que os partidos de oposi\u00e7\u00e3o (PT, PCdoB, Psol, PSB, PDT e Rede) dever\u00e3o apresentar na vota\u00e7\u00e3o prevista para o in\u00edcio de agosto. O conte\u00fado desses destaques ainda ser\u00e3o definidos durante o\u00a0<a href=\"https:\/\/www.redebrasilatual.com.br\/politica\/2019\/07\/recesso-abre-janela-para-oposicao-tentar-reduzir-impactos-da-reforma-da-previdencia\/\" target=\"_blank\" rel=\"noopener noreferrer\">recesso<\/a>, per\u00edodo em que a deputada espera que os parlamentares sofram press\u00e3o das suas bases em favor de mudan\u00e7as que flexibilizem as regras mais excludentes. \u201cSe houver uma press\u00e3o devida, com conversas com os deputados, \u00e9 poss\u00edvel que tenham ainda alguma sensibilidade no segundo turno\u201d, disse Jandira em entrevista aos jornalistas Marilu Caba\u00f1as e Glauco Faria, para o\u00a0<a href=\"https:\/\/www.youtube.com\/watch?v=TEpdo3u2qkE\" target=\"_blank\" rel=\"noopener noreferrer\"><em>Jornal Brasil Atual<\/em><\/a>, nesta quinta-feira (18).<\/p>\n<p>O benef\u00edcio da\u00a0<a href=\"https:\/\/www.redebrasilatual.com.br\/destaques\/2019\/07\/previdencia-camara-aprova-destaque-que-permite-viuva-receber-pensao-menor-que-o-minimo\/\" target=\"_blank\" rel=\"noopener noreferrer\">pens\u00e3o por morte<\/a>\u00a0inferior a um sal\u00e1rio m\u00ednimo, bem como a restri\u00e7\u00e3o do\u00a0<a href=\"https:\/\/www.redebrasilatual.com.br\/politica\/2019\/07\/reforma-oposicao-consegue-reduzir-tempo-minimo-para-homens-e-mulheres\/\" target=\"_blank\" rel=\"noopener noreferrer\">abono salarial<\/a>\u00a0para trabalhadores que ganham at\u00e9 R$ 1.300, devem ser outros pontos da proposta que a oposi\u00e7\u00e3o vai tentar suprimir. Jandira cita tamb\u00e9m a taxa\u00e7\u00e3o de servidores inativos que ganham acima de um sal\u00e1rio m\u00ednimo, e a inclus\u00e3o na Constitui\u00e7\u00e3o das\u00a0 regras de acesso ao Benef\u00edcio de Presta\u00e7\u00e3o Continuada (<a href=\"https:\/\/www.redebrasilatual.com.br\/destaques\/2019\/07\/contra-reforma-previdencia-ruas-agosto\/\" target=\"_blank\" rel=\"noopener noreferrer\">BPC<\/a>) como outros fatores da \u201creforma\u201d da Previd\u00eancia que devem ser\u00e3o objetos dos destaques supressivos a serem apresentados.<\/p>\n<p>A deputada tamb\u00e9m criticou o papel da\u00a0<a href=\"https:\/\/www.redebrasilatual.com.br\/blogs\/blog-na-rede\/2019\/05\/pensamento-unico-e-destruicao-do-futuro-o-papel-da-midia-nessa-coisa-toda\/\" target=\"_blank\" rel=\"noopener noreferrer\">m\u00eddia tradicional<\/a>, que se unificou no apoio \u00e0 proposta, abdicando do papel de informar devidamente a popula\u00e7\u00e3o sobre os preju\u00edzos da \u201creforma\u201d da Previd\u00eancia. \u201cN\u00e3o fomos chamados para um debate sequer. Quem era contra, n\u00e3o teve voz na grande m\u00eddia. Apesar disso, metade da popula\u00e7\u00e3o ficou contra. H\u00e1 um grande engodo, uma grande engana\u00e7\u00e3o. E as pessoas acreditaram que essa reforma viria para salvar o Brasil. Al\u00e9m de n\u00e3o salvar, sequestrou direitos da popula\u00e7\u00e3o pobre desse pa\u00eds\u201d, disse Jandira.<\/p>\n<p><strong>Fonte: Rede Brasil Atual<\/strong><\/p>\n","protected":false},"excerpt":{"rendered":"<p>Segundo a deputada federal Jandira Feghali (PCdoB-RJ), l\u00edder da minoria na C\u00e2mara, o texto da\u00a0\u201creforma\u201d da Previd\u00eancia, aprovado pelo plen\u00e1rio da C\u00e2mara em\u00a0primeiro turno\u00a0na semana passada, ainda \u00e9 \u201cmuito ruim\u201d para a classe trabalhadora, em especial para os trabalhadores mais pobres \u2013 que ter\u00e3o que contribuir por 40 anos (no caso dos homens, 35 para [&hellip;]<\/p>\n","protected":false},"author":2,"featured_media":7131,"comment_status":"","ping_status":"","sticky":false,"template":"","format":"standard","meta":{"footnotes":""},"categories":[3],"tags":[],"class_list":["post-7132","post","type-post","status-publish","format-standard","has-post-thumbnail","hentry","category-noticias"],"_links":{"self":[{"href":"https:\/\/hostnetart.com.br\/baixada\/wp-json\/wp\/v2\/posts\/7132","targetHints":{"allow":["GET"]}}],"collection":[{"href":"https:\/\/hostnetart.com.br\/baixada\/wp-json\/wp\/v2\/posts"}],"about":[{"href":"https:\/\/hostnetart.com.br\/baixada\/wp-json\/wp\/v2\/types\/post"}],"author":[{"embeddable":true,"href":"https:\/\/hostnetart.com.br\/baixada\/wp-json\/wp\/v2\/users\/2"}],"replies":[{"embeddable":true,"href":"https:\/\/hostnetart.com.br\/baixada\/wp-json\/wp\/v2\/comments?post=7132"}],"version-history":[{"count":0,"href":"https:\/\/hostnetart.com.br\/baixada\/wp-json\/wp\/v2\/posts\/7132\/revisions"}],"wp:featuredmedia":[{"embeddable":true,"href":"https:\/\/hostnetart.com.br\/baixada\/wp-json\/wp\/v2\/media\/7131"}],"wp:attachment":[{"href":"https:\/\/hostnetart.com.br\/baixada\/wp-json\/wp\/v2\/media?parent=7132"}],"wp:term":[{"taxonomy":"category","embeddable":true,"href":"https:\/\/hostnetart.com.br\/baixada\/wp-json\/wp\/v2\/categories?post=7132"},{"taxonomy":"post_tag","embeddable":true,"href":"https:\/\/hostnetart.com.br\/baixada\/wp-json\/wp\/v2\/tags?post=7132"}],"curies":[{"name":"wp","href":"https:\/\/api.w.org\/{rel}","templated":true}]}}