{"id":7130,"date":"2019-07-18T14:37:25","date_gmt":"2019-07-18T17:37:25","guid":{"rendered":"https:\/\/hostnetart.com.br\/baixada\/reforma-da-previdencia-condena-os-trabalhadores-a-morte-ou-a-uma-velhice-com-a-saude-precaria\/"},"modified":"2019-07-18T14:37:25","modified_gmt":"2019-07-18T17:37:25","slug":"reforma-da-previdencia-condena-os-trabalhadores-a-morte-ou-a-uma-velhice-com-a-saude-precaria","status":"publish","type":"post","link":"https:\/\/hostnetart.com.br\/baixada\/reforma-da-previdencia-condena-os-trabalhadores-a-morte-ou-a-uma-velhice-com-a-saude-precaria\/","title":{"rendered":"Reforma da Previd\u00eancia condena os trabalhadores \u00e0 morte ou a uma velhice com a sa\u00fade prec\u00e1ria"},"content":{"rendered":"<p>A<a href=\"https:\/\/contrafcut.com.br\/?s=reforma+da+previd%C3%AAncia\" target=\"_blank\" rel=\"noopener noreferrer\">\u00a0Reforma da Previd\u00eancia<\/a>, proposta pelo governo de Jair Bolsonaro (PSL), muda as regras da aposentadoria especial de maneira cruel. Estabelece idade de 55 a 60 anos aos trabalhadores que exercem suas fun\u00e7\u00f5es expostas a atividades perigosas ou insalubres e determina o recebimento de apenas 60% da m\u00e9dia de todas as contribui\u00e7\u00f5es. Hoje, estes trabalhadores recebem aposentadoria integral, com 15, 20 ou 25 anos, dependendo do risco de suas atividades.<\/p>\n<p>Para o deputado federal Vicentinho (PT), este \u00e9 um dos v\u00e1rios pontos desumanos propostos pelo atual governo. Ele que j\u00e1 trabalhou em uma minera\u00e7\u00e3o em Acari -RN, lamenta as atrocidades cometidas pela base governista. A nova regra \u201ccondena os trabalhadores \u00e0 morte ou a uma velhice com a sa\u00fade prec\u00e1ria. Inaceit\u00e1vel. Esta \u00e9 a Reforma que esta casa [C\u00e2mara dos Deputados] aprovou e \u00e9 esta Reforma que n\u00f3s n\u00e3o podemos aceitar\u201d, ressaltou o deputado.\u00a0<\/p>\n<p>Segundo Vicentinho, a PEC 006\/2019, aprovada em primeiro turno na C\u00e2mara dos Deputados, s\u00f3 traz preju\u00edzos para a classe trabalhadora. A aposentadoria especial tem o objetivo de reduzir danos \u00e0 sa\u00fade e a vida dos trabalhadores. \u201cComo \u00e9 que algu\u00e9m vai chegar aos 60 anos trabalhando no subsolo? Quem vai aguentar?\u201d,\u00a0 indagou Vicentinho, no plen\u00e1rio da C\u00e2mara, aos deputados da base governista.<\/p>\n<h3>Oposi\u00e7\u00e3o continua a luta contra a aprova\u00e7\u00e3o da Reforma\u00a0<\/h3>\n<p><a href=\"https:\/\/www.redebrasilatual.com.br\/politica\/2019\/07\/recesso-abre-janela-para-oposicao-tentar-reduzir-impactos-da-reforma-da-previdencia\/\" target=\"_blank\" rel=\"noopener noreferrer\">A luta contra a Reforma da Previd\u00eancia n\u00e3o est\u00e1 perdida<\/a>. Tem o segundo turno da vota\u00e7\u00e3o da PEC na C\u00e2mara dos Deputados, a partir de 6 de agosto. Deputados da oposi\u00e7\u00e3o acreditam que os movimentos sociais, sindicais e estudantis ir\u00e3o pressionar os deputados de suas regi\u00f5es para que a vota\u00e7\u00e3o do segundo turno seja diferente.\u00a0<\/p>\n<p>Vicentinho lembra que os deputados de direita do Congresso j\u00e1 entregaram o pr\u00e9 sal, deixando as riquezas para os de fora, j\u00e1 aprovaram 20 anos de congelamento para a sa\u00fade, para a educa\u00e7\u00e3o, para outros sistemas sociais, inclusive acabando com o programa Mais M\u00e9dicos, j\u00e1 aprovaram uma terceiriza\u00e7\u00e3o desregulamentada e generalizada, al\u00e9m de uma Reforma Trabalhista, empobrecendo os trabalhadores, facilitando a rotatividade de m\u00e3o de obra, deixando os trabalhadores mais pobres neste pa\u00eds. E agora querem acabar com a Previd\u00eancia P\u00fablica.\u00a0<\/p>\n<p>\u201cPor essas raz\u00f5es, tem muitos deputados de apenas um mandato, porque o povo vai acordar. N\u00f3s teremos tempo ainda de conversar e os senhores ainda t\u00eam chance de mudar a sua vota\u00e7\u00e3o no segundo turno, para n\u00e3o cometer esse crime. N\u00e3o \u00e9 poss\u00edvel que essa casa s\u00f3 aprove preju\u00edzos para o nosso pa\u00eds. N\u00e3o \u00e9 poss\u00edvel que os representantes do povo votem contra os interesses do nosso povo\u201d, criticou o deputado.\u00a0\u00a0<\/p>\n<h3>Vi\u00favas e \u00f3rf\u00e3os v\u00e3o receber pens\u00f5es abaixo do m\u00ednimo<\/h3>\n<p>As vi\u00favas, vi\u00favos e \u00f3rf\u00e3os que v\u00e3o receber apenas 60% do valor da pens\u00e3o por morte.\u00a0<a href=\"https:\/\/www.cut.org.br\/noticias\/com-reforma-de-bolsonaro-viuvas-e-orfaos-vao-receber-pensoes-abaixo-do-minimo-2390\" target=\"_blank\" rel=\"noopener noreferrer\">Com a nova regra, que vale para os trabalhadores e trabalhadoras do Regime Geral da Previd\u00eancia Social (RGPS), o principal benefici\u00e1rio (mulher, marido ou filhos) poder\u00e1 receber menos de um sal\u00e1rio m\u00ednimo (R$ 998,00).<\/a><\/p>\n<p>Se o trabalhador ou trabalhadora que morreu tiver direito a um benef\u00edcio de um sal\u00e1rio m\u00ednimo, a vi\u00fava, vi\u00favo ou o \u00f3rf\u00e3o menor de 21 anos, vai receber apenas R$ 598,80. Se forem dois dependentes (m\u00e3e e filho ou apenas dois irm\u00e3os \u00f3rf\u00e3os), a pens\u00e3o ser\u00e1 de 70% (R$ 698,60). Com tr\u00eas dependentes, o benef\u00edcio sobe para 80% (R$ 798,40), e com quatro, ganham 90% (R$ 898,20). A pens\u00e3o integral s\u00f3 valer\u00e1 para uma fam\u00edlia que tiver no m\u00ednimo cinco dependentes (vi\u00fava e quatro filhos, ou mais dependentes). Hoje, o valor corresponde a 100% do benef\u00edcio, independentemente do n\u00famero de pessoas na fam\u00edlia.<\/p>\n<p><strong>Fonte: Contraf-CUT<\/strong><\/p>\n","protected":false},"excerpt":{"rendered":"<p>A\u00a0Reforma da Previd\u00eancia, proposta pelo governo de Jair Bolsonaro (PSL), muda as regras da aposentadoria especial de maneira cruel. Estabelece idade de 55 a 60 anos aos trabalhadores que exercem suas fun\u00e7\u00f5es expostas a atividades perigosas ou insalubres e determina o recebimento de apenas 60% da m\u00e9dia de todas as contribui\u00e7\u00f5es. Hoje, estes trabalhadores recebem [&hellip;]<\/p>\n","protected":false},"author":2,"featured_media":7129,"comment_status":"","ping_status":"","sticky":false,"template":"","format":"standard","meta":{"footnotes":""},"categories":[3],"tags":[],"class_list":["post-7130","post","type-post","status-publish","format-standard","has-post-thumbnail","hentry","category-noticias"],"_links":{"self":[{"href":"https:\/\/hostnetart.com.br\/baixada\/wp-json\/wp\/v2\/posts\/7130","targetHints":{"allow":["GET"]}}],"collection":[{"href":"https:\/\/hostnetart.com.br\/baixada\/wp-json\/wp\/v2\/posts"}],"about":[{"href":"https:\/\/hostnetart.com.br\/baixada\/wp-json\/wp\/v2\/types\/post"}],"author":[{"embeddable":true,"href":"https:\/\/hostnetart.com.br\/baixada\/wp-json\/wp\/v2\/users\/2"}],"replies":[{"embeddable":true,"href":"https:\/\/hostnetart.com.br\/baixada\/wp-json\/wp\/v2\/comments?post=7130"}],"version-history":[{"count":0,"href":"https:\/\/hostnetart.com.br\/baixada\/wp-json\/wp\/v2\/posts\/7130\/revisions"}],"wp:featuredmedia":[{"embeddable":true,"href":"https:\/\/hostnetart.com.br\/baixada\/wp-json\/wp\/v2\/media\/7129"}],"wp:attachment":[{"href":"https:\/\/hostnetart.com.br\/baixada\/wp-json\/wp\/v2\/media?parent=7130"}],"wp:term":[{"taxonomy":"category","embeddable":true,"href":"https:\/\/hostnetart.com.br\/baixada\/wp-json\/wp\/v2\/categories?post=7130"},{"taxonomy":"post_tag","embeddable":true,"href":"https:\/\/hostnetart.com.br\/baixada\/wp-json\/wp\/v2\/tags?post=7130"}],"curies":[{"name":"wp","href":"https:\/\/api.w.org\/{rel}","templated":true}]}}