{"id":7120,"date":"2019-07-18T13:35:04","date_gmt":"2019-07-18T16:35:04","guid":{"rendered":"https:\/\/hostnetart.com.br\/baixada\/desigualdade-aumenta-e-numero-de-pessoas-com-fome-no-mundo-chega-a-820-milhoes\/"},"modified":"2019-07-18T13:35:04","modified_gmt":"2019-07-18T16:35:04","slug":"desigualdade-aumenta-e-numero-de-pessoas-com-fome-no-mundo-chega-a-820-milhoes","status":"publish","type":"post","link":"https:\/\/hostnetart.com.br\/baixada\/desigualdade-aumenta-e-numero-de-pessoas-com-fome-no-mundo-chega-a-820-milhoes\/","title":{"rendered":"Desigualdade aumenta, e n\u00famero de pessoas com fome no mundo chega a 820 milh\u00f5es"},"content":{"rendered":"<p>O n\u00famero de pessoas sem alimentos suficientes atingiu 820 milh\u00f5es em 2018, ante 811 milh\u00f5es no ano anterior. \u00c9 o terceiro aumento seguindo de popula\u00e7\u00f5es com fome, segundo relat\u00f3rio da Organiza\u00e7\u00e3o das Na\u00e7\u00f5es Unidas para a Alimenta\u00e7\u00e3o e a Agricultura (<a href=\"https:\/\/nacoesunidas.org\/fome-aumenta-no-mundo-e-atinge-820-milhoes-de-pessoas-diz-relatorio-da-onu\/amp\/\" target=\"_blank\" rel=\"noopener noreferrer\">FAO<\/a>), divulgado na segunda-feira (15). O n\u00famero representa que uma em cada nove pessoas no mundo passa fome. S\u00e3o 513,9 milh\u00f5es na \u00c1sia, 256,1 milh\u00f5es na \u00c1frica e 42,5 milh\u00f5es na Am\u00e9rica Latina e no Caribe.<\/p>\n<p>Os dados mostram o tamanho do desafio que \u00e9 atingir um dos Objetivos de Desenvolvimento Sustent\u00e1vel, o ODS 2, o de Fome Zero em 2030. Segundo o levantamento, o ritmo do avan\u00e7o para reduzir pela metade o n\u00famero de crian\u00e7as com atraso no crescimento (148,9 milh\u00f5es) e o de beb\u00eas nascido com peso abaixo do normal (20,5 milh\u00f5es) \u00e9 \u201cdemasiado lento\u201d, e isso tamb\u00e9m torna mais distantes os objetivos de nutri\u00e7\u00e3o do ODS 2. O informe mostra ainda que as probabilidades de sofrer com a inseguran\u00e7a alimentar s\u00e3o maiores para as mulheres em todos os continentes, especialmente na Am\u00e9rica Latina.<\/p>\n<p>\u201cNossas medidas para abordar essas tend\u00eancias preocupantes ter\u00e3o que ser mais en\u00e9rgicas, n\u00e3o apenas em escala, mas tamb\u00e9m em termos de colabora\u00e7\u00e3o multi-setorial\u201d, afirmam a FAO, o Fundo Internacional de Desenvolvimento Agr\u00edcola (Fida), o Fundo das Na\u00e7\u00f5es Unidas para a Inf\u00e2ncia (Unicef), o Programa Mundial de Alimentos (PMA) e a Organiza\u00e7\u00e3o Mundial de Sa\u00fade (OMS).<\/p>\n<h3>Fome no Brasil<\/h3>\n<p>O relat\u00f3rio da FAO mostra que o Brasil, onde h\u00e1 \u201celevados e persistentes n\u00edveis de desigualdade quanto a rendimentos e\u00a0 acesso a servi\u00e7os b\u00e1sicos\u201d, houve redu\u00e7\u00e3o desse problema entre 1999 e 2014, com crescimento da economia e melhora de indicadores como o de Gini. O organismo das Na\u00e7\u00f5es Unidas destaca ainda que \u201c26,5 milh\u00f5es de brasileiros abandonaram a pobreza entre 2004 e 2014\u201d, per\u00edodo que coincide com governos Lula e Dilma.<\/p>\n<div class=\"penci-pullqoute align-none\">\n<blockquote>\n<p><em>\u201cO aumento dos rendimentos familiares, somado a pol\u00edticas s\u00f3lidas e coordenadas nas \u00e1reas sociais, de educa\u00e7\u00e3o e sa\u00fade, assim como pol\u00edticas favor\u00e1veis aos setores produtivos, foram fundamentais para reduzir a pobreza e a desigualdade no per\u00edodo de 2002 a 2014\u201d, diz o o relat\u00f3rio, referindo-se ao Brasil. \u201cQuase dois ter\u00e7os da taxa anual de redu\u00e7\u00e3o da pobreza no pa\u00eds podem se dever aos efeitos do crescimento dos rendimentos m\u00e9dios, especialmente at\u00e9 2008. O efeito da coordena\u00e7\u00e3o das pol\u00edticas tamb\u00e9m foi importante, sobretudo quando se reduziu o efeito do crescimento\u201d, acrescenta a FAO. O informe cita programas como o Fome Zero e o Bolsa Fam\u00edlia.<\/em><\/p>\n<\/blockquote>\n<\/div>\n<p>A fome aumenta em muitos pa\u00edses onde o crescimento econ\u00f4mico se encontra estagnado, sobretudo aqueles de rendimento mediano e nos que dependem em grande medida do com\u00e9rcio internacional de produtos b\u00e1sicos. O relat\u00f3rio denuncia que a desigualdade de rendimentos cresce em muitos pa\u00edses onde aumenta a fome, o que torna ainda pior a situa\u00e7\u00e3o de pessoas pobres e exclu\u00eddas, diante da desacelera\u00e7\u00e3o econ\u00f4mica e da recess\u00e3o.<\/p>\n<div id=\"c211333\" class=\"csc-default\">\n<div class=\"tx-dynalist-pi1\">\n<div class=\"news-list\">\n<div class=\"news-item\">\n<p>Ainda de acordo com o informe, h\u00e1 40 milh\u00f5es de crian\u00e7as menores de 5 anos com peso excessivo para a altura, 338 milh\u00f5es de crian\u00e7as e adolescentes em idade escolar com sobrepesa e 672 milh\u00f5es de adultos obesos.<\/p>\n<p>Confira\u00a0<a href=\"http:\/\/www.fao.org\/3\/ca5162es\/ca5162es.pdf\">aqui<\/a>\u00a0a \u00edntegra do relat\u00f3rio divulgado pela FAO, na vers\u00e3o em espanhol.<\/p>\n<p><strong>Fonte: Rede Brasil Atual<\/strong><\/p>\n<\/div>\n<\/div>\n<\/div>\n<\/div>\n","protected":false},"excerpt":{"rendered":"<p>O n\u00famero de pessoas sem alimentos suficientes atingiu 820 milh\u00f5es em 2018, ante 811 milh\u00f5es no ano anterior. \u00c9 o terceiro aumento seguindo de popula\u00e7\u00f5es com fome, segundo relat\u00f3rio da Organiza\u00e7\u00e3o das Na\u00e7\u00f5es Unidas para a Alimenta\u00e7\u00e3o e a Agricultura (FAO), divulgado na segunda-feira (15). O n\u00famero representa que uma em cada nove pessoas no [&hellip;]<\/p>\n","protected":false},"author":2,"featured_media":7119,"comment_status":"","ping_status":"","sticky":false,"template":"","format":"standard","meta":{"footnotes":""},"categories":[3],"tags":[],"class_list":["post-7120","post","type-post","status-publish","format-standard","has-post-thumbnail","hentry","category-noticias"],"_links":{"self":[{"href":"https:\/\/hostnetart.com.br\/baixada\/wp-json\/wp\/v2\/posts\/7120","targetHints":{"allow":["GET"]}}],"collection":[{"href":"https:\/\/hostnetart.com.br\/baixada\/wp-json\/wp\/v2\/posts"}],"about":[{"href":"https:\/\/hostnetart.com.br\/baixada\/wp-json\/wp\/v2\/types\/post"}],"author":[{"embeddable":true,"href":"https:\/\/hostnetart.com.br\/baixada\/wp-json\/wp\/v2\/users\/2"}],"replies":[{"embeddable":true,"href":"https:\/\/hostnetart.com.br\/baixada\/wp-json\/wp\/v2\/comments?post=7120"}],"version-history":[{"count":0,"href":"https:\/\/hostnetart.com.br\/baixada\/wp-json\/wp\/v2\/posts\/7120\/revisions"}],"wp:featuredmedia":[{"embeddable":true,"href":"https:\/\/hostnetart.com.br\/baixada\/wp-json\/wp\/v2\/media\/7119"}],"wp:attachment":[{"href":"https:\/\/hostnetart.com.br\/baixada\/wp-json\/wp\/v2\/media?parent=7120"}],"wp:term":[{"taxonomy":"category","embeddable":true,"href":"https:\/\/hostnetart.com.br\/baixada\/wp-json\/wp\/v2\/categories?post=7120"},{"taxonomy":"post_tag","embeddable":true,"href":"https:\/\/hostnetart.com.br\/baixada\/wp-json\/wp\/v2\/tags?post=7120"}],"curies":[{"name":"wp","href":"https:\/\/api.w.org\/{rel}","templated":true}]}}