{"id":712,"date":"2015-03-24T18:13:00","date_gmt":"2015-03-24T21:13:00","guid":{"rendered":"https:\/\/hostnetart.com.br\/baixada\/terceirizacao-e-pl-4330-estarao-em-debate-nesta-terca-em-sao-paulo\/"},"modified":"2015-03-24T18:13:00","modified_gmt":"2015-03-24T21:13:00","slug":"terceirizacao-e-pl-4330-estarao-em-debate-nesta-terca-em-sao-paulo","status":"publish","type":"post","link":"https:\/\/hostnetart.com.br\/baixada\/terceirizacao-e-pl-4330-estarao-em-debate-nesta-terca-em-sao-paulo\/","title":{"rendered":"Terceiriza\u00e7\u00e3o e PL 4330 estar\u00e3o em debate nesta ter\u00e7a em S\u00e3o Paulo"},"content":{"rendered":"<p><span style=\"color: #464646;\">\u201cA Terceiriza\u00e7\u00e3o no Brasil: o PL 4330 e o caso Cenibra\u201d \u00e9 tema do debate que ocorrer\u00e1 nesta ter\u00e7a 24, a partir das 19h30, no audit\u00f3rio da Funda\u00e7\u00e3o Escola de Sociologia de S\u00e3o Paulo (FESPSP), no centro da capital paulista.<\/span><br style=\"color: #464646;\" \/><br style=\"color: #464646;\" \/><span style=\"color: #464646;\">Com media\u00e7\u00e3o da soci\u00f3loga, professora e doutora Carla Di\u00e9guez, o evento ter\u00e1 a participa\u00e7\u00e3o de Ana Tercia Sanchez, diretora executiva do Sindicato dos Banc\u00e1rios de S\u00e3o Paulo e doutoranda do Programa de P\u00f3s-Gradua\u00e7\u00e3o em Sociologia da USP, ao lado do professor doutor Jorge Luiz Souto Maior, juiz do Trabalho e docente da Faculdade de Direito da Universidade de S\u00e3o Paulo (USP).<\/span><br style=\"color: #464646;\" \/><br style=\"color: #464646;\" \/><span style=\"color: #464646;\">O objetivo \u00e9 discutir o Projeto de Lei 4330\/2004, de autoria do ex-deputado federal Sandro Mabel (PMDB-GO), que visa liberar as terceiriza\u00e7\u00f5es em todas as atividades e que, se aprovada no Congresso Nacional, vai precarizar o emprego no Brasil, reduzindo direitos hist\u00f3ricos conquistados pelos trabalhadores. A previs\u00e3o \u00e9 que o PL seja votado em abril.<\/span><br style=\"color: #464646;\" \/><br style=\"color: #464646;\" \/><b style=\"color: #464646;\">Julgamento no STF<\/b><br style=\"color: #464646;\" \/><br style=\"color: #464646;\" \/><span style=\"color: #464646;\">Tamb\u00e9m ser\u00e1 discutido o Recurso Extraordin\u00e1rio com Agravo (ARE) n\u00ba 713211, que tramita no Supremo Tribunal Federal (STF) e aguarda o julgamento sobre a fixa\u00e7\u00e3o de par\u00e2metros que determinem o conceito de atividade-fim em um empreendimento, do ponto de vista da possibilidade de terceiriza\u00e7\u00e3o.<\/span><br style=\"color: #464646;\" \/><br style=\"color: #464646;\" \/><span style=\"color: #464646;\">O ARE foi interposto pela Celulose Nipo Brasileira S\/A (Cenibra), no qual a empresa questiona decis\u00e3o da Justi\u00e7a do Trabalho que condenou a corpora\u00e7\u00e3o por contratar trabalhadores terceirizados. A Cenibra alega que n\u00e3o existe defini\u00e7\u00e3o jur\u00eddica clara sobre o que representa atividade-meio e atividade-fim.<\/span><br style=\"color: #464646;\" \/><br style=\"color: #464646;\" \/><span style=\"color: #464646;\">A condena\u00e7\u00e3o da Cenibra tem origem numa A\u00e7\u00e3o Civil movida pelo Minist\u00e9rio P\u00fablico do Trabalho, ap\u00f3s den\u00fancia feita em 2001 pelo Sindicato dos Trabalhadores nas Ind\u00fastrias Extrativas de Guanh\u00e3es e Regi\u00e3o, em Minas Gerais.<\/span><br style=\"color: #464646;\" \/><br style=\"color: #464646;\" \/><span style=\"color: #464646;\">Em uma das unidades da Cenibra, no interior mineiro, a fiscaliza\u00e7\u00e3o do Minist\u00e9rio do Trabalho flagrou a precariza\u00e7\u00e3o dos prestadores de servi\u00e7os, contratados para manejo florestal do eucalipto usado para produ\u00e7\u00e3o de celulose. Na ocasi\u00e3o, foram identificadas 11 empresas terceirizadas, que mobilizaram 3700 trabalhadores atuando no plantio, corte e transporte de madeira.<\/span><br style=\"color: #464646;\" \/><br style=\"color: #464646;\" \/><br style=\"color: #464646;\" \/><span style=\"color: #464646;\">Fonte: Contraf-CUT com Seeb S\u00e3o Paulo<\/span><\/p>\n","protected":false},"excerpt":{"rendered":"<p>\u201cA Terceiriza\u00e7\u00e3o no Brasil: o PL 4330 e o caso Cenibra\u201d \u00e9 tema do debate que ocorrer\u00e1 nesta ter\u00e7a 24, a partir das 19h30, no audit\u00f3rio da Funda\u00e7\u00e3o Escola de Sociologia de S\u00e3o Paulo (FESPSP), no centro da capital paulista.Com media\u00e7\u00e3o da soci\u00f3loga, professora e doutora Carla Di\u00e9guez, o evento ter\u00e1 a participa\u00e7\u00e3o de Ana [&hellip;]<\/p>\n","protected":false},"author":1,"featured_media":0,"comment_status":"","ping_status":"","sticky":false,"template":"","format":"standard","meta":{"footnotes":""},"categories":[3],"tags":[],"class_list":["post-712","post","type-post","status-publish","format-standard","hentry","category-noticias"],"_links":{"self":[{"href":"https:\/\/hostnetart.com.br\/baixada\/wp-json\/wp\/v2\/posts\/712","targetHints":{"allow":["GET"]}}],"collection":[{"href":"https:\/\/hostnetart.com.br\/baixada\/wp-json\/wp\/v2\/posts"}],"about":[{"href":"https:\/\/hostnetart.com.br\/baixada\/wp-json\/wp\/v2\/types\/post"}],"author":[{"embeddable":true,"href":"https:\/\/hostnetart.com.br\/baixada\/wp-json\/wp\/v2\/users\/1"}],"replies":[{"embeddable":true,"href":"https:\/\/hostnetart.com.br\/baixada\/wp-json\/wp\/v2\/comments?post=712"}],"version-history":[{"count":0,"href":"https:\/\/hostnetart.com.br\/baixada\/wp-json\/wp\/v2\/posts\/712\/revisions"}],"wp:attachment":[{"href":"https:\/\/hostnetart.com.br\/baixada\/wp-json\/wp\/v2\/media?parent=712"}],"wp:term":[{"taxonomy":"category","embeddable":true,"href":"https:\/\/hostnetart.com.br\/baixada\/wp-json\/wp\/v2\/categories?post=712"},{"taxonomy":"post_tag","embeddable":true,"href":"https:\/\/hostnetart.com.br\/baixada\/wp-json\/wp\/v2\/tags?post=712"}],"curies":[{"name":"wp","href":"https:\/\/api.w.org\/{rel}","templated":true}]}}