{"id":7118,"date":"2019-07-18T00:23:23","date_gmt":"2019-07-18T03:23:23","guid":{"rendered":"https:\/\/hostnetart.com.br\/baixada\/reforma-da-previdencia-deve-agravar-o-desemprego-diz-dirigente-da-industriall\/"},"modified":"2019-07-18T00:23:23","modified_gmt":"2019-07-18T03:23:23","slug":"reforma-da-previdencia-deve-agravar-o-desemprego-diz-dirigente-da-industriall","status":"publish","type":"post","link":"https:\/\/hostnetart.com.br\/baixada\/reforma-da-previdencia-deve-agravar-o-desemprego-diz-dirigente-da-industriall\/","title":{"rendered":"\u2018Reforma\u2019 da Previd\u00eancia deve agravar o desemprego, diz dirigente da IndustriALL"},"content":{"rendered":"<p>A \u201creforma\u201d da Previd\u00eancia, <a href=\"https:\/\/www.redebrasilatual.com.br\/politica\/2019\/07\/recesso-abre-janela-para-oposicao-tentar-reduzir-impactos-da-reforma-da-previdencia\/\">caso seja aprovada<\/a>, n\u00e3o deve contribuir para a cria\u00e7\u00e3o de postos de trabalho, como alegam representantes do governo e do mercado financeiro. Como as pessoas levar\u00e3o mais tempo para se aposentar, ser\u00e1 mais dif\u00edcil para trabalhadores mais jovens entrar no mercado formal. J\u00e1 a redu\u00e7\u00e3o no valor das aposentadorias deve significar a diminui\u00e7\u00e3o do poder de compra de parcela importante da popula\u00e7\u00e3o, contribuindo para o esfriamento ainda maior da economia. \u00c9 como avalia o\u00a0secret\u00e1rio-geral do IndustriALL, o brasileiro Valter Sanches.<\/p>\n<p>Em entrevista aos jornalistas Marilu Caba\u00f1as e Glauco Faria, para o<em>\u00a0<a href=\"https:\/\/www.youtube.com\/watch?v=0DWfnIfqx0U\" target=\"_blank\" rel=\"noopener noreferrer\">Jornal Brasil Atual<\/a><\/em>, nesta quarta-feira (17), o\u00a0l\u00edder da entidade, que representa 50 milh\u00f5es de trabalhadores no setor industrial em 140 pa\u00edses, lembra que os defensores da \u201creforma\u201d trabalhista tamb\u00e9m prometiam a cria\u00e7\u00e3o de milh\u00f5es de empregos, que n\u00e3o se concretizaram. Ele\u00a0lembra que, em junho, o pa\u00eds foi inclu\u00eddo na <a href=\"https:\/\/www.redebrasilatual.com.br\/trabalho\/2019\/06\/no-centenario-da-oit-violacao-de-normas-trabalhistas-pelo-brasil-volta-ao-debate\/\" target=\"_blank\" rel=\"noopener noreferrer\">lista<\/a> da Organiza\u00e7\u00e3o Internacional do Trabalho (OIT) com 40 pa\u00edses que cometem viola\u00e7\u00e3o dos direitos sociais. A\u00a0Medida Provis\u00f3ria (MP) 881, chamada de \u201c<a href=\"https:\/\/www.redebrasilatual.com.br\/trabalho\/2019\/07\/minirreforma-trabalhista-avanca-e-preve-trabalho-aos-domingos-e-feriados-para-todas-as-categorias\/\" target=\"_blank\" rel=\"noopener noreferrer\">MP da Liberdade Econ\u00f4mica<\/a>\u201d completa o quadro de \u201cmedidas selvagens\u201d cometidas contra os trabalhadores.<\/p>\n<p>\u201cAs pessoas v\u00e3o ter que trabalhar mais tempo. A rotatividade normal n\u00e3o vai acontecer. Como pode ter efeito positivo? Ainda vai diminuir valor dos benef\u00edcios. Portanto, a parcela da renda nacional oriunda das aposentadorias e pens\u00f5es vai diminuir. \u00c9 o contr\u00e1rio do ciclo virtuoso, e vai representar um aprofundamento da mis\u00e9ria\u201d, disse o dirigente.\u00a0Ele lembra que as contas do sistema previdenci\u00e1rio estavam no azul at\u00e9 2015, antes de ser atingida pela crise econ\u00f4mica que fez o desemprego saltar de <a href=\"https:\/\/www.redebrasilatual.com.br\/economia\/2015\/01\/desemprego-medido-pelo-ibge-fecha-2014-com-menor-taxa-da-serie-2740\/\" target=\"_blank\" rel=\"noopener noreferrer\">4,8 milh\u00f5es<\/a>, em 2014, para <a href=\"https:\/\/www.redebrasilatual.com.br\/economia\/2019\/04\/no-primeiro-trimestre-do-ano-novo-1-2-milhao-de-desempregados-a-mais\/\" target=\"_blank\" rel=\"noopener noreferrer\">13,4 milh\u00f5es<\/a> no primeiro trimestre de 2019.<\/p>\n<h3>Lava Jato<\/h3>\n<p>Sanches tamb\u00e9m atribui parte da crise do desemprego \u00e0 Opera\u00e7\u00e3o\u00a0<a href=\"https:\/\/www.redebrasilatual.com.br\/economia\/2019\/07\/lava-jato-ampliou-crise-desemprego-construcao-civil\/\" target=\"_blank\" rel=\"noopener noreferrer\">Lava Jato<\/a>, que comprometeu as atividades das principais empresas da constru\u00e7\u00e3o civil e da ind\u00fastria do petr\u00f3leo. \u201cTodos somos favor\u00e1veis ao combate \u00e0 corrup\u00e7\u00e3o. O problema \u00e9 que isso destruiu empresas e empregos.\u201d Segundo o secret\u00e1rio-geral da IndustriALL, esse tipo de pr\u00e1tica \u201cn\u00e3o tem paralelo internacional\u201d. Ele cita o caso da Volkswagen, que teve que pagar \u20ac 1 bilh\u00e3o em multas, por ter sido flagrada manipulando em seus ve\u00edculos dados de emiss\u00e3o de poluentes. \u201cA empresa segue produzindo, n\u00e3o houve demiss\u00f5es em fun\u00e7\u00e3o disso.\u201d<\/p>\n<p><strong>Fonte: Rede Brasil Atual<\/strong><\/p>\n","protected":false},"excerpt":{"rendered":"<p>A \u201creforma\u201d da Previd\u00eancia, caso seja aprovada, n\u00e3o deve contribuir para a cria\u00e7\u00e3o de postos de trabalho, como alegam representantes do governo e do mercado financeiro. Como as pessoas levar\u00e3o mais tempo para se aposentar, ser\u00e1 mais dif\u00edcil para trabalhadores mais jovens entrar no mercado formal. J\u00e1 a redu\u00e7\u00e3o no valor das aposentadorias deve significar [&hellip;]<\/p>\n","protected":false},"author":2,"featured_media":7117,"comment_status":"","ping_status":"","sticky":false,"template":"","format":"standard","meta":{"footnotes":""},"categories":[3],"tags":[],"class_list":["post-7118","post","type-post","status-publish","format-standard","has-post-thumbnail","hentry","category-noticias"],"_links":{"self":[{"href":"https:\/\/hostnetart.com.br\/baixada\/wp-json\/wp\/v2\/posts\/7118","targetHints":{"allow":["GET"]}}],"collection":[{"href":"https:\/\/hostnetart.com.br\/baixada\/wp-json\/wp\/v2\/posts"}],"about":[{"href":"https:\/\/hostnetart.com.br\/baixada\/wp-json\/wp\/v2\/types\/post"}],"author":[{"embeddable":true,"href":"https:\/\/hostnetart.com.br\/baixada\/wp-json\/wp\/v2\/users\/2"}],"replies":[{"embeddable":true,"href":"https:\/\/hostnetart.com.br\/baixada\/wp-json\/wp\/v2\/comments?post=7118"}],"version-history":[{"count":0,"href":"https:\/\/hostnetart.com.br\/baixada\/wp-json\/wp\/v2\/posts\/7118\/revisions"}],"wp:featuredmedia":[{"embeddable":true,"href":"https:\/\/hostnetart.com.br\/baixada\/wp-json\/wp\/v2\/media\/7117"}],"wp:attachment":[{"href":"https:\/\/hostnetart.com.br\/baixada\/wp-json\/wp\/v2\/media?parent=7118"}],"wp:term":[{"taxonomy":"category","embeddable":true,"href":"https:\/\/hostnetart.com.br\/baixada\/wp-json\/wp\/v2\/categories?post=7118"},{"taxonomy":"post_tag","embeddable":true,"href":"https:\/\/hostnetart.com.br\/baixada\/wp-json\/wp\/v2\/tags?post=7118"}],"curies":[{"name":"wp","href":"https:\/\/api.w.org\/{rel}","templated":true}]}}