{"id":7106,"date":"2019-07-16T13:34:51","date_gmt":"2019-07-16T16:34:51","guid":{"rendered":"https:\/\/hostnetart.com.br\/baixada\/minirreforma-trabalhista-avanca-trabalho-aos-domingos-e-feriados-para-todas-as-categorias\/"},"modified":"2019-07-16T13:34:51","modified_gmt":"2019-07-16T16:34:51","slug":"minirreforma-trabalhista-avanca-trabalho-aos-domingos-e-feriados-para-todas-as-categorias","status":"publish","type":"post","link":"https:\/\/hostnetart.com.br\/baixada\/minirreforma-trabalhista-avanca-trabalho-aos-domingos-e-feriados-para-todas-as-categorias\/","title":{"rendered":"Minirreforma trabalhista avan\u00e7a: trabalho aos domingos e feriados para todas as categorias"},"content":{"rendered":"<p class=\"p1\"><span class=\"s1\">Enquanto a aten\u00e7\u00e3o da m\u00eddia se volta para a\u00a0<a href=\"https:\/\/www.redebrasilatual.com.br\/politica\/2019\/07\/reforma-oposicao-consegue-reduzir-tempo-minimo-para-homens-e-mulheres\/\" target=\"_blank\" rel=\"noopener noreferrer\"><strong>\u201creforma\u201d da Previd\u00eancia<\/strong><\/a>, uma esp\u00e9cie de\u00a0<strong>minirreforma trabalhista<\/strong>\u00a0avan\u00e7a na C\u00e2mara dos Deputados, propondo a altera\u00e7\u00e3o de v\u00e1rios dispositivos da CLT. Trata-se da Medita Provis\u00f3ria 881, chamada de \u201cMP da Liberdade Econ\u00f4mica\u201d.\u00a0<a href=\"https:\/\/www.redebrasilatual.com.br\/trabalho\/2019\/07\/liberdade-economica-limita-cipas-libera-trabalho-no-domingo\/\">O texto j\u00e1 foi aprovado em comiss\u00e3o mista do Congresso e<\/a>, entre as mudan\u00e7as propostas, est\u00e1 a libera\u00e7\u00e3o do trabalho aos domingos e feriados para todas as categorias, sem necessidade de negocia\u00e7\u00e3o com sindicatos ou acordo coletivo.<\/span><\/p>\n<p class=\"p1\"><span class=\"s1\">\u201cO direito de passar o domingo com a fam\u00edlia est\u00e1 sob grave amea\u00e7a\u201d, afirma Victor Pagani, supervisor do escrit\u00f3rio do Dieese em S\u00e3o Paulo, em entrevista \u00e0 jornalista Marilu Caba\u00f1as, na\u00a0<strong>R\u00e1dio Brasil Atual<\/strong>. \u201c\u00c9 um aprofundamento da reforma trabalhista aprovada em 2017, um aprofundamento do desmonte das rela\u00e7\u00f5es de trabalho, que visa flexibilizar e retirar mais direitos dos trabalhadores.\u201d<\/span><\/p>\n<p class=\"p1\"><span class=\"s1\">Outra mudan\u00e7a que consta no relat\u00f3rio aprovado \u00e9 a extin\u00e7\u00e3o da obrigatoriedade de organiza\u00e7\u00e3o de Comiss\u00f5es Internas de Preven\u00e7\u00e3o de Acidentes (Cipas) em micro e pequenas empresas. \u201cSob o pretexto de liberar a atividade econ\u00f4mica, pode se colocar em risco a seguran\u00e7a, a sa\u00fade e a vida dos trabalhadores\u201d, critica Pagani.<\/span><\/p>\n<p class=\"p1\"><span class=\"s1\">A justificativa para a mudan\u00e7as \u00e9 a cria\u00e7\u00e3o de empregos, a mesma usada em 2017 e que, quase dois anos depois, n\u00e3o melhorou a situa\u00e7\u00e3o do mercado de trabalho no pa\u00eds. Pelo contr\u00e1rio, o desemprego aumentou.\u00a0<\/span>O texto prev\u00ea, inclusive, o aumento da jornada de trabalho de algumas categorias que hoje t\u00eam jornadas diferenciadas. \u201cA gente sabe que aumentar a jornada vai no sentido contr\u00e1rio ao de gerar emprego\u201d, pondera Victor Pagani.<\/p>\n<p class=\"p1\"><strong>Fonte: Rede Brasil Atual<\/strong><\/p>\n","protected":false},"excerpt":{"rendered":"<p>Enquanto a aten\u00e7\u00e3o da m\u00eddia se volta para a\u00a0\u201creforma\u201d da Previd\u00eancia, uma esp\u00e9cie de\u00a0minirreforma trabalhista\u00a0avan\u00e7a na C\u00e2mara dos Deputados, propondo a altera\u00e7\u00e3o de v\u00e1rios dispositivos da CLT. Trata-se da Medita Provis\u00f3ria 881, chamada de \u201cMP da Liberdade Econ\u00f4mica\u201d.\u00a0O texto j\u00e1 foi aprovado em comiss\u00e3o mista do Congresso e, entre as mudan\u00e7as propostas, est\u00e1 a libera\u00e7\u00e3o [&hellip;]<\/p>\n","protected":false},"author":2,"featured_media":7105,"comment_status":"","ping_status":"","sticky":false,"template":"","format":"standard","meta":{"footnotes":""},"categories":[3],"tags":[],"class_list":["post-7106","post","type-post","status-publish","format-standard","has-post-thumbnail","hentry","category-noticias"],"_links":{"self":[{"href":"https:\/\/hostnetart.com.br\/baixada\/wp-json\/wp\/v2\/posts\/7106","targetHints":{"allow":["GET"]}}],"collection":[{"href":"https:\/\/hostnetart.com.br\/baixada\/wp-json\/wp\/v2\/posts"}],"about":[{"href":"https:\/\/hostnetart.com.br\/baixada\/wp-json\/wp\/v2\/types\/post"}],"author":[{"embeddable":true,"href":"https:\/\/hostnetart.com.br\/baixada\/wp-json\/wp\/v2\/users\/2"}],"replies":[{"embeddable":true,"href":"https:\/\/hostnetart.com.br\/baixada\/wp-json\/wp\/v2\/comments?post=7106"}],"version-history":[{"count":0,"href":"https:\/\/hostnetart.com.br\/baixada\/wp-json\/wp\/v2\/posts\/7106\/revisions"}],"wp:featuredmedia":[{"embeddable":true,"href":"https:\/\/hostnetart.com.br\/baixada\/wp-json\/wp\/v2\/media\/7105"}],"wp:attachment":[{"href":"https:\/\/hostnetart.com.br\/baixada\/wp-json\/wp\/v2\/media?parent=7106"}],"wp:term":[{"taxonomy":"category","embeddable":true,"href":"https:\/\/hostnetart.com.br\/baixada\/wp-json\/wp\/v2\/categories?post=7106"},{"taxonomy":"post_tag","embeddable":true,"href":"https:\/\/hostnetart.com.br\/baixada\/wp-json\/wp\/v2\/tags?post=7106"}],"curies":[{"name":"wp","href":"https:\/\/api.w.org\/{rel}","templated":true}]}}