{"id":7104,"date":"2019-07-15T21:51:51","date_gmt":"2019-07-16T00:51:51","guid":{"rendered":"https:\/\/hostnetart.com.br\/baixada\/reforma-da-previdencia-pode-aumentar-severamente-a-desigualdade-do-pais\/"},"modified":"2019-07-15T21:51:51","modified_gmt":"2019-07-16T00:51:51","slug":"reforma-da-previdencia-pode-aumentar-severamente-a-desigualdade-do-pais","status":"publish","type":"post","link":"https:\/\/hostnetart.com.br\/baixada\/reforma-da-previdencia-pode-aumentar-severamente-a-desigualdade-do-pais\/","title":{"rendered":"Reforma da Previd\u00eancia pode aumentar severamente a desigualdade do pa\u00eds"},"content":{"rendered":"<div class=\"elementor-element elementor-element-194680ec elementor-widget elementor-widget-theme-post-content\" data-id=\"194680ec\" data-element_type=\"widget\" data-widget_type=\"theme-post-content.default\">\n<div class=\"elementor-widget-container\">\n<p>Bem distante das propagandas da equipe econ\u00f4mica do governo de Jair Bolsonaro (PSL), a <a href=\"https:\/\/contrafcut.com.br\/?s=reforma+da+previd%C3%AAncia\" target=\"_blank\" rel=\"noopener noreferrer\">Reforma da Previd\u00eancia<\/a>, aprovada na \u00faltima quarta-feira (10) em primeiro turno pela C\u00e2mara dos Deputados, n\u00e3o promover\u00e1 crescimento econ\u00f4mico, mas sim o aumento severo da desigualdade socioecon\u00f4mica em nosso pa\u00eds. Economistas de v\u00e1rios pa\u00edses afirmam que aumentar o tempo de contribui\u00e7\u00e3o de trabalhadores prec\u00e1rios <a href=\"https:\/\/www.redebrasilatual.com.br\/economia\/2019\/07\/reforma-da-previdencia-a-quem-interessa-aumentar-a-desigualdade\/\" target=\"_blank\" rel=\"noopener noreferrer\">n\u00e3o significa combater privil\u00e9gios, mas aumentar de forma catastr\u00f3fica as desigualdades<\/a>.<\/p>\n<p>O<a href=\"https:\/\/www.redebrasilatual.com.br\/economia\/2019\/07\/reforma-previdencia-economia-bancos\/\" target=\"_blank\" rel=\"noopener noreferrer\"> texto aprovado ainda \u00e9 extremamente ruim. O segundo turno da vota\u00e7\u00e3o da proposta deve acontecer em 6 de agosto<\/a>. \u201c\u00c9 not\u00f3rio a luta dos nossos deputados da oposi\u00e7\u00e3o e das grandes mobiliza\u00e7\u00f5es de v\u00e1rios atores da sociedade. Por\u00e9m, a luta continua e ainda mais forte. A maior maldade ainda est\u00e1 em manter a idade m\u00ednima de 65 anos para homens e 62 anos para mulheres. Sabemos que desta forma, a grande maioria n\u00e3o vai conseguir se aposentar. Por isso, estaremos intensificando a luta dos movimentos sindicais e sociais de todo o pa\u00eds para impedir a destrui\u00e7\u00e3o dos direitos de aposentadoria do nosso povo\u201d, ressalta Juvandia Moreira, presidenta da Contraf-CUT.<\/p>\n<h3>Destaques aprovados. Vit\u00f3ria da oposi\u00e7\u00e3o\u00a0<\/h3>\n<p>Apesar dos preju\u00edzos que a reforma da Previd\u00eancia representa para os trabalhadores e trabalhadoras, importantes mobiliza\u00e7\u00f5es de v\u00e1rias categorias de trabalhadores e a luta da oposi\u00e7\u00e3o na C\u00e2mara dos Deputados foram fundamentais para reduzir os impactos negativos das altera\u00e7\u00f5es, uma delas \u00e9 a perman\u00eancia das atuais regras das aposentadorias dos trabalhadores rurais.<\/p>\n<p>A PEC aprovada pelos deputados, com seus destaques, manteve as regras atuais para concess\u00e3o de benef\u00edcios previdenci\u00e1rios para os agricultores e as agricultoras familiares, depois de muita luta da categoria.<\/p>\n<h3>Regra para trabalhadores rurais n\u00e3o ser\u00e1 alterada<\/h3>\n<p>Permanecem as atuais regras previdenci\u00e1rias, como a contribui\u00e7\u00e3o por meio da comercializa\u00e7\u00e3o da produ\u00e7\u00e3o, a idade de aposentadoria das mulheres trabalhadoras rurais aos 55 anos e dos homens trabalhadores rurais aos 60 anos.<\/p>\n<p>Os rurais continuar\u00e3o tendo acesso \u00e0 aposentadoria mediante a comprova\u00e7\u00e3o de 15 anos de contribui\u00e7\u00e3o, em se tratando dos assalariados e assalariadas rurais, e 15 anos de comprova\u00e7\u00e3o do exerc\u00edcio da atividade rural, no caso de segurados e seguradas especiais.<\/p>\n<h3>Pens\u00e3o por morte\u00a0<\/h3>\n<p>Apesar dos esfor\u00e7os da oposi\u00e7\u00e3o ao governo Bolsonaro em n\u00e3o deixar desamparados \u00f3rf\u00e3os e vi\u00favas, especialmente os mais pobres, a maioria dos deputados votou a favor do governo no caso da acumula\u00e7\u00e3o de uma aposentadoria. A pens\u00e3o, assim, poder\u00e1 ser de R$ 479,04 devido \u00e0s regras de acumula\u00e7\u00e3o de benef\u00edcios ou mais, dependendo do tempo de contribui\u00e7\u00e3o do segurado que morreu.<\/p>\n<p>O benef\u00edcio n\u00e3o poder\u00e1 ser menor do que o sal\u00e1rio m\u00ednimo (R$998,00), apenas se ele for a \u00fanica renda do dependente, sem considerar a renda de demais membros da fam\u00edlia. Os deputados, por\u00e9m, se comprometeram a fazer uma emenda para que parte dos pensionistas n\u00e3o receba menos do que o sal\u00e1rio m\u00ednimo.<\/p>\n<p>Novas regras para policiais federais, rodovi\u00e1rios federais e outras categorias de seguran\u00e7a p\u00fablica<\/p>\n<p>Os profissionais da seguran\u00e7a p\u00fablica que j\u00e1 est\u00e3o na ativa, poder\u00e3o se aposentar com idade m\u00ednima de 53 anos (homem) e 52 anos (mulher).<\/p>\n<h3>Mudan\u00e7a na idade m\u00ednima para aposentadoria de professores<\/h3>\n<p>Os deputados aprovaram a redu\u00e7\u00e3o em tr\u00eas anos para a idade m\u00ednima de aposentadoria dos professores das redes privada e federal. Pela nova regra, as professoras que j\u00e1 est\u00e3o na ativa poder\u00e3o requerer a aposentadoria aos 52 anos e os professores aos 55. O primeiro texto da reforma da Previd\u00eancia exigia 55 anos de idade m\u00ednima para as mulheres e 58 para os homens.\u00a0<\/p>\n<h3>A luta continua\u00a0<\/h3>\n<p>O trabalhador e a trabalhadora ainda v\u00e3o receber valor menor de aposentadoria com a Reforma da Previd\u00eancia. O tempo m\u00ednimo de contribui\u00e7\u00e3o dos homens para requererem a aposentadoria volta a ser de 15 anos. O governo queria que o tempo m\u00ednimo fosse de 20 anos. No entanto, eles s\u00f3 receber\u00e3o o benef\u00edcio integral ap\u00f3s 40 anos de contribui\u00e7\u00e3o.<\/p>\n<p>Os deputados mantiveram a regra que do c\u00e1lculo da aposentaria sobre a m\u00e9dia de todas as contribui\u00e7\u00f5es feitas pelo trabalhador. Atualmente, o benef\u00edcio \u00e9 calculado sobre as 80% maiores contribui\u00e7\u00f5es, e as 20% menores s\u00e3o descartadas, o que melhora a m\u00e9dia. Pelo novo c\u00e1lculo, homens e mulheres que contribu\u00edrem durante 15 anos v\u00e3o receber apenas 60% da m\u00e9dia de todas as suas contribui\u00e7\u00f5es e, n\u00e3o mais 85% como \u00e9 hoje sobre as melhores contribui\u00e7\u00f5es.<\/p>\n<p>Pela nova regra as mulheres, ap\u00f3s 15 anos de contribui\u00e7\u00e3o, receber\u00e3o 2% a mais por ano contribu\u00eddo. Para os homens, o adicional de 2% ser\u00e1 v\u00e1lido por ano que trabalhar a mais a partir de 20 anos de contribui\u00e7\u00e3o. Com isso, mulheres ter\u00e3o direito a 100% do benef\u00edcio com 35 anos de contribui\u00e7\u00e3o e homens, com 40.<\/p>\n<p>Pr\u00f3ximos passos A reforma da Previd\u00eancia ser\u00e1 votada em 2\u00ba turno no Plen\u00e1rio da C\u00e2mara dos Deputados e, ap\u00f3s o recesso legislativo, depois seguir\u00e1 para an\u00e1lise e vota\u00e7\u00e3o no Senado. O Senado pode, ainda, aprovar um texto diferente. Se isso acontecer, ele volta para a C\u00e2mara.<\/p>\n<h3>Popula\u00e7\u00e3o se revolta nas redes sociais<\/h3>\n<p>Logo ap\u00f3s a aprova\u00e7\u00e3o do texto, o tema tomou conta das redes sociais, com milh\u00f5es de cr\u00edticas ao fim da aposentadoria. Uma em especial, fez grande sucesso. \u00c9 a f\u00e1bula criada pelo jornalista Juremir Machado. Nela, fica clara a diferen\u00e7a que as mudan\u00e7as v\u00e3o causar na vida da classe trabalhadora e na vida dos empres\u00e1rios.<\/p>\n<p>\u201cQuando Jo\u00e3o se deitou faltavam cinco anos para a sua aposentadoria e ele receberia 1.800 reais por m\u00eas. Acordou faltando dez anos e receber\u00e1 1.200. Disseram-lhe que \u00e9 justo, pelos (sic) fim dos privil\u00e9gios e por amor ao Brasil\u201d, escreveu o autor.<\/p>\n<p>Em outro post ele ainda completa: \u201cJo\u00e3o era empregado do fazendeiro do agroneg\u00f3cio. No outro dia oo fazendeiro perguntou ao Jo\u00e3o pq ele tava triste. Ele n\u00e3o entendia o sentimento de Jo\u00e3o, pois foi dormir com uma d\u00edvida de 90 milh\u00f5es e acordou com a isen\u00e7\u00e3o.\u201d<\/p>\n<p>O texto teve ampla repercuss\u00e3o e chegou a ser replicado por pol\u00edticos que s\u00e3o contra a Reforma da Previd\u00eancia.<\/p>\n<p><strong>Fonte: Contraf-CUT<\/strong><\/p>\n<\/div>\n<\/div>\n","protected":false},"excerpt":{"rendered":"<p>Bem distante das propagandas da equipe econ\u00f4mica do governo de Jair Bolsonaro (PSL), a Reforma da Previd\u00eancia, aprovada na \u00faltima quarta-feira (10) em primeiro turno pela C\u00e2mara dos Deputados, n\u00e3o promover\u00e1 crescimento econ\u00f4mico, mas sim o aumento severo da desigualdade socioecon\u00f4mica em nosso pa\u00eds. Economistas de v\u00e1rios pa\u00edses afirmam que aumentar o tempo de contribui\u00e7\u00e3o [&hellip;]<\/p>\n","protected":false},"author":2,"featured_media":7103,"comment_status":"","ping_status":"","sticky":false,"template":"","format":"standard","meta":{"footnotes":""},"categories":[3],"tags":[],"class_list":["post-7104","post","type-post","status-publish","format-standard","has-post-thumbnail","hentry","category-noticias"],"_links":{"self":[{"href":"https:\/\/hostnetart.com.br\/baixada\/wp-json\/wp\/v2\/posts\/7104","targetHints":{"allow":["GET"]}}],"collection":[{"href":"https:\/\/hostnetart.com.br\/baixada\/wp-json\/wp\/v2\/posts"}],"about":[{"href":"https:\/\/hostnetart.com.br\/baixada\/wp-json\/wp\/v2\/types\/post"}],"author":[{"embeddable":true,"href":"https:\/\/hostnetart.com.br\/baixada\/wp-json\/wp\/v2\/users\/2"}],"replies":[{"embeddable":true,"href":"https:\/\/hostnetart.com.br\/baixada\/wp-json\/wp\/v2\/comments?post=7104"}],"version-history":[{"count":0,"href":"https:\/\/hostnetart.com.br\/baixada\/wp-json\/wp\/v2\/posts\/7104\/revisions"}],"wp:featuredmedia":[{"embeddable":true,"href":"https:\/\/hostnetart.com.br\/baixada\/wp-json\/wp\/v2\/media\/7103"}],"wp:attachment":[{"href":"https:\/\/hostnetart.com.br\/baixada\/wp-json\/wp\/v2\/media?parent=7104"}],"wp:term":[{"taxonomy":"category","embeddable":true,"href":"https:\/\/hostnetart.com.br\/baixada\/wp-json\/wp\/v2\/categories?post=7104"},{"taxonomy":"post_tag","embeddable":true,"href":"https:\/\/hostnetart.com.br\/baixada\/wp-json\/wp\/v2\/tags?post=7104"}],"curies":[{"name":"wp","href":"https:\/\/api.w.org\/{rel}","templated":true}]}}