{"id":710,"date":"2015-03-23T18:11:00","date_gmt":"2015-03-23T21:11:00","guid":{"rendered":"https:\/\/hostnetart.com.br\/baixada\/61-dos-brasileiros-sao-contra-privatizacao-da-petrobras-aponta-datafolha\/"},"modified":"2015-03-23T18:11:00","modified_gmt":"2015-03-23T21:11:00","slug":"61-dos-brasileiros-sao-contra-privatizacao-da-petrobras-aponta-datafolha","status":"publish","type":"post","link":"https:\/\/hostnetart.com.br\/baixada\/61-dos-brasileiros-sao-contra-privatizacao-da-petrobras-aponta-datafolha\/","title":{"rendered":"61% dos brasileiros s\u00e3o contra privatiza\u00e7\u00e3o da Petrobr\u00e1s, aponta Datafolha"},"content":{"rendered":"<p><span style=\"color: #464646;\">Ainda n\u00e3o foi desta vez que uma campanha negativa contra a Petrobras conseguiu convencer a popula\u00e7\u00e3o brasileira da eventual necessidade de se privatizar a empresa.<\/span><br style=\"color: #464646;\" \/><br style=\"color: #464646;\" \/><span style=\"color: #464646;\">Pesquisa Datafolha publicada neste domingo (22) revela que 61% dos brasileiros s\u00e3o contra a desestatiza\u00e7\u00e3o da companhia. O levantamento revela que 24% s\u00e3o favor\u00e1veis, 5% se dizem indiferentes e 10% n\u00e3o souberam responder.<\/span><br style=\"color: #464646;\" \/><br style=\"color: #464646;\" \/><span style=\"color: #464646;\">A rejei\u00e7\u00e3o \u00e9 maior entre os que se dizem simpatizantes do PT: 67%. Entre os que s\u00e3o mais identificados com o PSDB, a maioria, com 56%, tamb\u00e9m \u00e9 contra privatizar a empresa. Mas 35% s\u00e3o favor\u00e1veis.<\/span><br style=\"color: #464646;\" \/><br style=\"color: #464646;\" \/><span style=\"color: #464646;\">No PSDB, algumas lideran\u00e7as, como os senadores A\u00e9cio Neves (PSDB-MG) e Jos\u00e9 Serra (PSDB-SP) defendem ao menos a revis\u00e3o do modelo do pr\u00e9-sal, com espa\u00e7o para maior participa\u00e7\u00e3o de empresas estrangeiras. Serra chegou at\u00e9 a apresentar um projeto para reduzir o tamanho da empresa, com a venda de ativos que ele considera desnecess\u00e1rios.<\/span><br style=\"color: #464646;\" \/><br style=\"color: #464646;\" \/><span style=\"color: #464646;\">Criada pelo ex-presidente Get\u00falio Vargas, a Petrobras sempre foi objeto de intensa disputa entre nacionalistas e liberais. Com o ex-presidente Fernando Henrique Cardoso, que falava em \u201centerrar a era Vargas\u201d, tentou-se mudar o nome da empresa para a \u2018Petrobrax\u2019, para que ela ficasse mais atrativa ao capital externo. Lula, por sua vez, retomou um discurso nacionalista e repetiu gestos de Get\u00falio, ao mergulhar as m\u00e3os no \u00f3leo, ap\u00f3s a descoberta do pr\u00e9-sal.<\/span><br style=\"color: #464646;\" \/><br style=\"color: #464646;\" \/><span style=\"color: #464646;\">Com a Lava Jato, a empresa vem sendo acusada de corrup\u00e7\u00e3o, mas isso ainda n\u00e3o foi suficiente para convencer cora\u00e7\u00f5es e mentes sobre privatizar a empresa.<\/span><br style=\"color: #464646;\" \/><br style=\"color: #464646;\" \/><br style=\"color: #464646;\" \/><span style=\"color: #464646;\">Fonte: Brasil 247<\/span><\/p>\n","protected":false},"excerpt":{"rendered":"<p>Ainda n\u00e3o foi desta vez que uma campanha negativa contra a Petrobras conseguiu convencer a popula\u00e7\u00e3o brasileira da eventual necessidade de se privatizar a empresa.Pesquisa Datafolha publicada neste domingo (22) revela que 61% dos brasileiros s\u00e3o contra a desestatiza\u00e7\u00e3o da companhia. O levantamento revela que 24% s\u00e3o favor\u00e1veis, 5% se dizem indiferentes e 10% n\u00e3o [&hellip;]<\/p>\n","protected":false},"author":1,"featured_media":0,"comment_status":"","ping_status":"","sticky":false,"template":"","format":"standard","meta":{"footnotes":""},"categories":[3],"tags":[],"class_list":["post-710","post","type-post","status-publish","format-standard","hentry","category-noticias"],"_links":{"self":[{"href":"https:\/\/hostnetart.com.br\/baixada\/wp-json\/wp\/v2\/posts\/710","targetHints":{"allow":["GET"]}}],"collection":[{"href":"https:\/\/hostnetart.com.br\/baixada\/wp-json\/wp\/v2\/posts"}],"about":[{"href":"https:\/\/hostnetart.com.br\/baixada\/wp-json\/wp\/v2\/types\/post"}],"author":[{"embeddable":true,"href":"https:\/\/hostnetart.com.br\/baixada\/wp-json\/wp\/v2\/users\/1"}],"replies":[{"embeddable":true,"href":"https:\/\/hostnetart.com.br\/baixada\/wp-json\/wp\/v2\/comments?post=710"}],"version-history":[{"count":0,"href":"https:\/\/hostnetart.com.br\/baixada\/wp-json\/wp\/v2\/posts\/710\/revisions"}],"wp:attachment":[{"href":"https:\/\/hostnetart.com.br\/baixada\/wp-json\/wp\/v2\/media?parent=710"}],"wp:term":[{"taxonomy":"category","embeddable":true,"href":"https:\/\/hostnetart.com.br\/baixada\/wp-json\/wp\/v2\/categories?post=710"},{"taxonomy":"post_tag","embeddable":true,"href":"https:\/\/hostnetart.com.br\/baixada\/wp-json\/wp\/v2\/tags?post=710"}],"curies":[{"name":"wp","href":"https:\/\/api.w.org\/{rel}","templated":true}]}}