{"id":7092,"date":"2019-07-12T22:19:09","date_gmt":"2019-07-13T01:19:09","guid":{"rendered":"https:\/\/hostnetart.com.br\/baixada\/oposicao-tem-vitorias-em-destaques-da-previdencia-aponta-dieese\/"},"modified":"2019-07-12T22:19:09","modified_gmt":"2019-07-13T01:19:09","slug":"oposicao-tem-vitorias-em-destaques-da-previdencia-aponta-dieese","status":"publish","type":"post","link":"https:\/\/hostnetart.com.br\/baixada\/oposicao-tem-vitorias-em-destaques-da-previdencia-aponta-dieese\/","title":{"rendered":"Oposi\u00e7\u00e3o tem vit\u00f3rias em destaques da Previd\u00eancia, aponta Dieese"},"content":{"rendered":"<p>Apesar do <a href=\"https:\/\/www.redebrasilatual.com.br\/economia\/2019\/07\/reforma-da-previdencia-muda-a-vida-das-pessoas-para-pior-segundo-o-dieese\/\" target=\"_blank\" rel=\"noopener noreferrer\">desmonte de direitos<\/a> previstos na <strong>\u201creforma\u201d da Previd\u00eancia<\/strong>, a oposi\u00e7\u00e3o tem atenuado as perdas por meio de <a href=\"https:\/\/www2.camara.leg.br\/camaranoticias\/noticias\/TRABALHO-E-PREVIDENCIA\/579968-CAMARA-APROVA-REGRAS-FAVORAVEIS-A-POLICIAIS-E-PENSAO-MENOR-QUE-MINIMO-NA-REFORMA-DA-PREVIDENCIA.html\" target=\"_blank\" rel=\"noopener noreferrer\"><strong>destaques<\/strong> aprovados na C\u00e2mara dos Deputados<\/a> desde a \u00faltima quinta-feira (11). A avalia\u00e7\u00e3o \u00e9 do\u00a0coordenador do Dieese Fausto Augusto J\u00fanior, em entrevista ao jornalista Glauco Faria, na <strong>R\u00e1dio Brasil Atual<\/strong>.<\/p>\n<p>Entre as aprova\u00e7\u00f5es, consideradas por Fausto como vit\u00f3rias da oposi\u00e7\u00e3o est\u00e3o a redu\u00e7\u00e3o do tempo de contribui\u00e7\u00e3o para trabalhadores homens. \u201c<a href=\"https:\/\/www.redebrasilatual.com.br\/politica\/2019\/07\/barganhas-emendas-e-renegociacoes-de-dividas-foram-moeda-para-negociar-previdencia\/\" target=\"_blank\" rel=\"noopener noreferrer\">Pegando o texto-base<\/a>, foi uma vit\u00f3ria da oposi\u00e7\u00e3o o homem poder adquirir o benef\u00edcio m\u00ednimo com 15 anos de contribui\u00e7\u00e3o. Isso altera algo que o movimento sindical criticava, pois era dif\u00edcil, para algumas categorias, atingir 20 anos\u201d, explica Fausto.<\/p>\n<p>J\u00e1 sobre o tema da pens\u00e3o por morte, o destaque aprovado reduz a retirada de direitos, prevista na Proposta de Emenda \u00e0 Constitui\u00e7\u00e3o (PEC) 6\/2019, que\u00a0acabava com o direito a 100% do valor da pens\u00e3o de vi\u00favas e \u00f3rf\u00e3os, em todos os casos. Agora,\u00a0poder\u00e1 ser paga pens\u00e3o por morte inferior a um sal\u00e1rio m\u00ednimo se esta n\u00e3o for a \u00fanica fonte de renda formal recebida pelo dependente. \u201c\u00c9 uma vit\u00f3ria parcial, pois a oposi\u00e7\u00e3o queria que isso valesse independentemente se tivesse outra renda. S\u00e3o pequenas vit\u00f3rias que atenuam os problemas da reforma\u201d, explica o coordenador do Dieese.<\/p>\n<p>Outro destaque que deve ser votado ainda nesta sexta-feira (12), pretende diminuir de 100% para 50% o ped\u00e1gio das regras de transi\u00e7\u00e3o, tanto para o regime geral quanto para funcion\u00e1rios p\u00fablicos. \u201c\u00c9 uma mudan\u00e7a importante. Para uma pessoa que falta cinco anos de contribui\u00e7\u00e3o, \u00e9 uma diferen\u00e7a de dois anos e meio, n\u00e3o \u00e9 pouca coisa. Quem est\u00e1 em vias de aposentadoria, isso faz diferen\u00e7a\u201d, avalia o especialista.<\/p>\n<p><strong>Fonte: Rede Brasil Atual<\/strong><\/p>\n","protected":false},"excerpt":{"rendered":"<p>Apesar do desmonte de direitos previstos na \u201creforma\u201d da Previd\u00eancia, a oposi\u00e7\u00e3o tem atenuado as perdas por meio de destaques aprovados na C\u00e2mara dos Deputados desde a \u00faltima quinta-feira (11). A avalia\u00e7\u00e3o \u00e9 do\u00a0coordenador do Dieese Fausto Augusto J\u00fanior, em entrevista ao jornalista Glauco Faria, na R\u00e1dio Brasil Atual. Entre as aprova\u00e7\u00f5es, consideradas por Fausto [&hellip;]<\/p>\n","protected":false},"author":2,"featured_media":7091,"comment_status":"","ping_status":"","sticky":false,"template":"","format":"standard","meta":{"footnotes":""},"categories":[3],"tags":[],"class_list":["post-7092","post","type-post","status-publish","format-standard","has-post-thumbnail","hentry","category-noticias"],"_links":{"self":[{"href":"https:\/\/hostnetart.com.br\/baixada\/wp-json\/wp\/v2\/posts\/7092","targetHints":{"allow":["GET"]}}],"collection":[{"href":"https:\/\/hostnetart.com.br\/baixada\/wp-json\/wp\/v2\/posts"}],"about":[{"href":"https:\/\/hostnetart.com.br\/baixada\/wp-json\/wp\/v2\/types\/post"}],"author":[{"embeddable":true,"href":"https:\/\/hostnetart.com.br\/baixada\/wp-json\/wp\/v2\/users\/2"}],"replies":[{"embeddable":true,"href":"https:\/\/hostnetart.com.br\/baixada\/wp-json\/wp\/v2\/comments?post=7092"}],"version-history":[{"count":0,"href":"https:\/\/hostnetart.com.br\/baixada\/wp-json\/wp\/v2\/posts\/7092\/revisions"}],"wp:featuredmedia":[{"embeddable":true,"href":"https:\/\/hostnetart.com.br\/baixada\/wp-json\/wp\/v2\/media\/7091"}],"wp:attachment":[{"href":"https:\/\/hostnetart.com.br\/baixada\/wp-json\/wp\/v2\/media?parent=7092"}],"wp:term":[{"taxonomy":"category","embeddable":true,"href":"https:\/\/hostnetart.com.br\/baixada\/wp-json\/wp\/v2\/categories?post=7092"},{"taxonomy":"post_tag","embeddable":true,"href":"https:\/\/hostnetart.com.br\/baixada\/wp-json\/wp\/v2\/tags?post=7092"}],"curies":[{"name":"wp","href":"https:\/\/api.w.org\/{rel}","templated":true}]}}