{"id":7085,"date":"2019-07-10T16:28:37","date_gmt":"2019-07-10T19:28:37","guid":{"rendered":"https:\/\/hostnetart.com.br\/baixada\/presidente-da-caixa-falta-audiencia-e-evita-debater-o-futuro-do-banco\/"},"modified":"2019-07-10T16:28:37","modified_gmt":"2019-07-10T19:28:37","slug":"presidente-da-caixa-falta-audiencia-e-evita-debater-o-futuro-do-banco","status":"publish","type":"post","link":"https:\/\/hostnetart.com.br\/baixada\/presidente-da-caixa-falta-audiencia-e-evita-debater-o-futuro-do-banco\/","title":{"rendered":"Presidente da Caixa falta audi\u00eancia e evita debater o futuro do banco"},"content":{"rendered":"<p>O<a href=\"https:\/\/contrafcut.com.br\/noticias\/por-descaso-mediacao-no-mpt-e-suspensa-e-caixa-trata-casos-pontuais\/\" target=\"_blank\" rel=\"noopener noreferrer\">\u00a0descaso do atual presidente da Caixa Econ\u00f4mica Federal<\/a>, Pedro Guimar\u00e3es, com o banco e seus empregados ficou claro nesta ter\u00e7a-feira. Ap\u00f3s confirmar sua participa\u00e7\u00e3o, ele se negou a comparecer \u00e0 audi\u00eancia p\u00fablica na Comiss\u00e3o de Trabalho, de Administra\u00e7\u00e3o e Servi\u00e7o P\u00fablico da C\u00e2mara Federal. Ele iria debater com entidades, representantes da sociedade civil e empregados da Caixa algumas medidas da sua gest\u00e3o que tendem ao enfraquecimento da institui\u00e7\u00e3o e do seu papel no desenvolvimento econ\u00f4mico e social do Brasil.<\/p>\n<p>\u201cO n\u00e3o comparecimento do presidente da Caixa \u00e9 um desrespeito n\u00e3o s\u00f3 com o parlamento, considerando o acordo feito, mas principalmente um desrespeito e uma ofensa a todos os empregados. Essa gest\u00e3o est\u00e1 sendo nefasta para a Caixa, com toda a desestrutura\u00e7\u00e3o e desmonte que vem atacando diretamente os trabalhadores nessa movimenta\u00e7\u00e3o arbitr\u00e1ria e prejudicial. Perde a Caixa, perdem os empregados e perde principalmente a sociedade. Explica\u00e7\u00f5es tem que ser dada pelo presidente. E n\u00e3o adianta mandar representantes pois ele \u00e9 o respons\u00e1vel direto por todo esse desmantelamento\u201d, Fabiana Uehara, secret\u00e1ria de Cultura da Contraf-CUT e representante da Confedera\u00e7\u00e3o nas negocia\u00e7\u00f5es com o banco.<\/p>\n<p>Devido \u00e0 aus\u00eancia injustificada, a audi\u00eancia p\u00fablica foi cancelada pela deputada \u00c9rika Kokay (PT\/DF), que prop\u00f4s o debate. A deputada explicou que a participa\u00e7\u00e3o do gestor havia sido confirmada com o acordo estabelecido entre a C\u00e2mara e a equipe econ\u00f4mica do governo.<\/p>\n<p>Pedro Guimar\u00e3es seria ouvido sobre assuntos como a privatiza\u00e7\u00e3o das \u00e1reas rent\u00e1veis e estrat\u00e9gicas, a exemplo das loterias; a retirada da institui\u00e7\u00e3o do Conselho Curador do Fundo de Garantia por Tempo de Servi\u00e7o (FGTS); a redu\u00e7\u00e3o do quadro de empregados da Caixa, por meio do Plano de Desligamento Volunt\u00e1rio (PDV) e a n\u00e3o convoca\u00e7\u00e3o dos aprovados no concurso; a manobra cont\u00e1bil para cobrir perdas esperadas com calotes na carteira de financiamento imobili\u00e1rio; a desvaloriza\u00e7\u00e3o de im\u00f3veis retomados em opera\u00e7\u00f5es administrativas; a nomea\u00e7\u00e3o de personal trainer para o cargo de consultor; e a contrata\u00e7\u00e3o para a vice-presid\u00eancia de Recursos de Terceiros de uma profissional sem as certifica\u00e7\u00f5es t\u00e9cnicas para atuar na Comiss\u00e3o de Valores Imobili\u00e1rios (CVM), entre outras medidas pol\u00eamicas.<\/p>\n<p>A deputada \u00c9rika Kokay foi incisiva na cr\u00edtica \u00e0 recusa do atual presidente da Caixa de participar do debate na C\u00e2mara. \u201cN\u00e3o d\u00e1 para aceitar tamanho desrespeito ao Parlamento brasileiro pela forma como tudo aconteceu. Foi feito um acordo para o Pedro Guimar\u00e3es vir aqui oferecer respostas aos questionamentos que seriam feitos em rela\u00e7\u00e3o \u00e0s pol\u00edticas de enfraquecimento do banco\u201d, declarou a parlamentar.<\/p>\n<p>Inicialmente, segundo ela, a convoca\u00e7\u00e3o mirava o ministro da Economia, Paulo Guedes. Por sugest\u00e3o do pr\u00f3prio governo, a convocat\u00f3ria mudou para convite. No entanto, no lugar do principal ministro da equipe econ\u00f4mica do governo, o acordo previa a ida do presidente da Caixa, a quem coube sugerir a data de 9 de julho para a audi\u00eancia p\u00fablica.\u00a0 A parlamentar contestou ainda o fato de que, em nenhum momento, o atual gestor do banco apresentou qualquer proposta a respeito do hor\u00e1rio da reuni\u00e3o, apesar de ter sido consultado reiteradas vezes acerca do assunto.<\/p>\n<p>A situa\u00e7\u00e3o foi considerada lament\u00e1vel pelos parlamentares que integram a Comiss\u00e3o de Trabalho, de Administra\u00e7\u00e3o e Servi\u00e7o P\u00fablico. \u201cSe n\u00e3o existe valoriza\u00e7\u00e3o do Poder Legislativo, que est\u00e1 sendo desrespeitado pelo presidente da Caixa, quem ir\u00e1 fazer isto? A C\u00e2mara tem representa\u00e7\u00e3o pol\u00edtica e isso precisa ser levado em conta\u201d, questionou o deputado Bohn Gass (PT\/RS), presente \u00e0 audi\u00eancia.<\/p>\n<p><strong>Fonte: Contraf-CUT, com\u00a0<a href=\"https:\/\/www.fenae.org.br\/portal\/fenae-portal\/noticias\/presidente-da-caixa-falta-audiencia-e-evita-debater-o-futuro-da-caixa-e-de-empregados.htm\" target=\"_blank\" rel=\"noopener noreferrer\">Fenae<\/a><\/strong><\/p>\n","protected":false},"excerpt":{"rendered":"<p>O\u00a0descaso do atual presidente da Caixa Econ\u00f4mica Federal, Pedro Guimar\u00e3es, com o banco e seus empregados ficou claro nesta ter\u00e7a-feira. Ap\u00f3s confirmar sua participa\u00e7\u00e3o, ele se negou a comparecer \u00e0 audi\u00eancia p\u00fablica na Comiss\u00e3o de Trabalho, de Administra\u00e7\u00e3o e Servi\u00e7o P\u00fablico da C\u00e2mara Federal. Ele iria debater com entidades, representantes da sociedade civil e empregados [&hellip;]<\/p>\n","protected":false},"author":2,"featured_media":7084,"comment_status":"","ping_status":"","sticky":false,"template":"","format":"standard","meta":{"footnotes":""},"categories":[3],"tags":[],"class_list":["post-7085","post","type-post","status-publish","format-standard","has-post-thumbnail","hentry","category-noticias"],"_links":{"self":[{"href":"https:\/\/hostnetart.com.br\/baixada\/wp-json\/wp\/v2\/posts\/7085","targetHints":{"allow":["GET"]}}],"collection":[{"href":"https:\/\/hostnetart.com.br\/baixada\/wp-json\/wp\/v2\/posts"}],"about":[{"href":"https:\/\/hostnetart.com.br\/baixada\/wp-json\/wp\/v2\/types\/post"}],"author":[{"embeddable":true,"href":"https:\/\/hostnetart.com.br\/baixada\/wp-json\/wp\/v2\/users\/2"}],"replies":[{"embeddable":true,"href":"https:\/\/hostnetart.com.br\/baixada\/wp-json\/wp\/v2\/comments?post=7085"}],"version-history":[{"count":0,"href":"https:\/\/hostnetart.com.br\/baixada\/wp-json\/wp\/v2\/posts\/7085\/revisions"}],"wp:featuredmedia":[{"embeddable":true,"href":"https:\/\/hostnetart.com.br\/baixada\/wp-json\/wp\/v2\/media\/7084"}],"wp:attachment":[{"href":"https:\/\/hostnetart.com.br\/baixada\/wp-json\/wp\/v2\/media?parent=7085"}],"wp:term":[{"taxonomy":"category","embeddable":true,"href":"https:\/\/hostnetart.com.br\/baixada\/wp-json\/wp\/v2\/categories?post=7085"},{"taxonomy":"post_tag","embeddable":true,"href":"https:\/\/hostnetart.com.br\/baixada\/wp-json\/wp\/v2\/tags?post=7085"}],"curies":[{"name":"wp","href":"https:\/\/api.w.org\/{rel}","templated":true}]}}