{"id":7083,"date":"2019-07-10T16:27:44","date_gmt":"2019-07-10T19:27:44","guid":{"rendered":"https:\/\/hostnetart.com.br\/baixada\/audio-de-dallagnol-reforca-o-quanto-lava-jato-e-uma-forma-de-manipulacao-politica\/"},"modified":"2019-07-10T16:27:44","modified_gmt":"2019-07-10T19:27:44","slug":"audio-de-dallagnol-reforca-o-quanto-lava-jato-e-uma-forma-de-manipulacao-politica","status":"publish","type":"post","link":"https:\/\/hostnetart.com.br\/baixada\/audio-de-dallagnol-reforca-o-quanto-lava-jato-e-uma-forma-de-manipulacao-politica\/","title":{"rendered":"\u00c1udio de Dallagnol refor\u00e7a o quanto Lava Jato \u00e9 uma forma de manipula\u00e7\u00e3o pol\u00edtica"},"content":{"rendered":"<p>A\u00a0<a href=\"https:\/\/www.redebrasilatual.com.br\/destaques\/2019\/07\/vazajato-em-audio-dallagnol-comemora-decisao-de-fux-que-proibia-entrevista-de-lula\/\" target=\"_blank\" rel=\"noopener noreferrer\">mais recente divulga\u00e7\u00e3o<\/a>\u00a0feita pelo\u00a0<em>The Intercept Brasil,<\/em>\u00a0na ter\u00e7a-feira (9), refor\u00e7a \u201co quanto a Lava Jato, a pretexto de ser uma opera\u00e7\u00e3o de combate \u00e0 corrup\u00e7\u00e3o \u00e9, na verdade, uma forma de manipula\u00e7\u00e3o pol\u00edtica, de deturpar e desrespeitar o processo penal em prol de interesses pol\u00edticos pr\u00f3prios\u201d. A avalia\u00e7\u00e3o \u00e9 da presidenta do Instituto Brasileiro de Ci\u00eancias Criminais (IBCCrim), Eleonora Nacif, em entrevista \u00e0\u00a0<strong>R\u00e1dio Brasil Atual<\/strong>.<\/p>\n<p>Em mensagem de voz dirigida a um grupo de colegas do Minist\u00e9rio P\u00fablico Federal, o coordenador da for\u00e7a-tarefa, Deltan Dallagnol, comemorou a decis\u00e3o do ministro do Supremo Tribunal Federal (STF) Luiz Fux impedindo a realiza\u00e7\u00e3o de uma entrevista do ex-presidente Luiz In\u00e1cio Lula da Silva. \u201cMas a not\u00edcia \u00e9 boa para terminar bem a semana\u201d, chegou a descrever o procurador.<\/p>\n<p>Para a presidenta do IBCCrim, as<a href=\"https:\/\/www.redebrasilatual.com.br\/politica\/2019\/07\/ha-algo-maior-por-tras-e-nos-vamos-descobrir-diz-professor-de-direito-sobre-acao-de-moro-contra-venezuela\/\" target=\"_blank\" rel=\"noopener noreferrer\">\u00a0revela\u00e7\u00f5es feitas ao longo do \u00faltimo m\u00eas<\/a>\u00a0mostram que\u00a0<a href=\"https:\/\/www.redebrasilatual.com.br\/destaques\/2019\/07\/conduta-de-moro-na-lava-jato-e-considerada-inadequada-por-58-dos-entrevistados\/\" target=\"_blank\" rel=\"noopener noreferrer\">prefer\u00eancias pol\u00edticas<\/a>\u00a0n\u00e3o s\u00f3 est\u00e3o implicadas como foram \u201ca t\u00f4nica de atua\u00e7\u00e3o\u201d por parte da acusa\u00e7\u00e3o e do<a href=\"https:\/\/www.redebrasilatual.com.br\/destaques\/2019\/07\/moro-determinou-vazamento-de-dados-sigilosos-da-venezuela-diz-intercept\/\" target=\"_blank\" rel=\"noopener noreferrer\">\u00a0ex-juiz Sergio Moro<\/a>, ministro da Justi\u00e7a e Seguran\u00e7a P\u00fablica. Moro tem procurado se defender criminalizando o site jornal\u00edstico\u00a0<em>The Intercept Brasil<\/em>, perseguindo o<a href=\"https:\/\/www.redebrasilatual.com.br\/destaques\/2019\/07\/moro-ameaca-nao-constroi-estado-direito\/\" target=\"_blank\" rel=\"noopener noreferrer\">\u00a0jornalista Glenn Greenwald<\/a>, atacando a liberdade de imprensa e a origem do material sem, no entanto, negar diretamente o conte\u00fado das conversas.<\/p>\n<p>Essa<a href=\"https:\/\/www.redebrasilatual.com.br\/politica\/2019\/07\/jornalistas-e-organizacoes-se-insurgem-contra-perseguicao-de-moro-ao-the-intercept\/\" target=\"_blank\" rel=\"noopener noreferrer\">\u00a0postura de Moro<\/a>\u00a0motivou entidades jur\u00eddicas, como a Ordem dos Advogados do Brasil (OAB), \u00e0 cria\u00e7\u00e3o de um comit\u00ea em defesa das garantias e prote\u00e7\u00e3o dos profissionais que est\u00e3o \u00e0 frente das investiga\u00e7\u00f5es do arquivo de mensagens. \u201cN\u00e3o \u00e9 comit\u00ea pr\u00f3 Glenn, \u00e9 um comit\u00ea pela liberdade de imprensa, que vale para o Glenn e tamb\u00e9m para qualquer jornalista comprometido com a liberdade de imprensa e com a veracidade das informa\u00e7\u00f5es levadas \u00e0 popula\u00e7\u00e3o em respeito \u00e0 Constitui\u00e7\u00e3o Federal e ao c\u00f3digo de processo penal\u201d, ressaltou Eleonora.<\/p>\n<h3><strong>Pacote anticrime, solu\u00e7\u00e3o fake<\/strong><\/h3>\n<p>A presidenta do IBCCrim, uma das entidades que encabe\u00e7am a\u00a0<a href=\"https:\/\/www.redebrasilatual.com.br\/cidadania\/2019\/06\/entidades-lancam-campanha-pacote-anticrime-uma-solucao-fake-na-faculdade-de-direito-da-usp\/\" target=\"_blank\" rel=\"noopener noreferrer\">campanha contra o pacote anticrime de Moro<\/a>, comentou tamb\u00e9m a decis\u00e3o do grupo de trabalho que analisa o projeto. Na ter\u00e7a, esse grupo retirou do texto a libera\u00e7\u00e3o da pris\u00e3o em segunda inst\u00e2ncia, ou seja, antes do tr\u00e2nsito em julgado da condena\u00e7\u00e3o.<\/p>\n<p>Na pr\u00e1tica, a medida do ministro era \u201cchover no molhado\u201d, de acordo com Eleonora, uma vez que a pris\u00e3o em segunda inst\u00e2ncia j\u00e1 \u00e9 prevista sendo alvo ainda de um habeas corpus que tramita no STF, em que se pauta a presun\u00e7\u00e3o de inoc\u00eancia.<\/p>\n<p>\u201cNa verdade, todos os dispositivos (do pacote) deveriam cair\u201d, alerta a advogada, elencando cr\u00edticas \u00e0s medidas do Executivo. \u201cPorque \u00e9 um projeto de altera\u00e7\u00e3o legislativa in\u00f3cuo, parcial, mal formulado, que traz uma mensagem pol\u00edtica conservadora, inadequada e que vai contra os direitos e garantias fundamentais previstos na nossa Carta da Rep\u00fablica\u201d, afirma.<\/p>\n<p><strong>Fonte: Rede Brasil Atual<\/strong><\/p>\n","protected":false},"excerpt":{"rendered":"<p>A\u00a0mais recente divulga\u00e7\u00e3o\u00a0feita pelo\u00a0The Intercept Brasil,\u00a0na ter\u00e7a-feira (9), refor\u00e7a \u201co quanto a Lava Jato, a pretexto de ser uma opera\u00e7\u00e3o de combate \u00e0 corrup\u00e7\u00e3o \u00e9, na verdade, uma forma de manipula\u00e7\u00e3o pol\u00edtica, de deturpar e desrespeitar o processo penal em prol de interesses pol\u00edticos pr\u00f3prios\u201d. A avalia\u00e7\u00e3o \u00e9 da presidenta do Instituto Brasileiro de Ci\u00eancias [&hellip;]<\/p>\n","protected":false},"author":2,"featured_media":7082,"comment_status":"","ping_status":"","sticky":false,"template":"","format":"standard","meta":{"footnotes":""},"categories":[3],"tags":[],"class_list":["post-7083","post","type-post","status-publish","format-standard","has-post-thumbnail","hentry","category-noticias"],"_links":{"self":[{"href":"https:\/\/hostnetart.com.br\/baixada\/wp-json\/wp\/v2\/posts\/7083","targetHints":{"allow":["GET"]}}],"collection":[{"href":"https:\/\/hostnetart.com.br\/baixada\/wp-json\/wp\/v2\/posts"}],"about":[{"href":"https:\/\/hostnetart.com.br\/baixada\/wp-json\/wp\/v2\/types\/post"}],"author":[{"embeddable":true,"href":"https:\/\/hostnetart.com.br\/baixada\/wp-json\/wp\/v2\/users\/2"}],"replies":[{"embeddable":true,"href":"https:\/\/hostnetart.com.br\/baixada\/wp-json\/wp\/v2\/comments?post=7083"}],"version-history":[{"count":0,"href":"https:\/\/hostnetart.com.br\/baixada\/wp-json\/wp\/v2\/posts\/7083\/revisions"}],"wp:featuredmedia":[{"embeddable":true,"href":"https:\/\/hostnetart.com.br\/baixada\/wp-json\/wp\/v2\/media\/7082"}],"wp:attachment":[{"href":"https:\/\/hostnetart.com.br\/baixada\/wp-json\/wp\/v2\/media?parent=7083"}],"wp:term":[{"taxonomy":"category","embeddable":true,"href":"https:\/\/hostnetart.com.br\/baixada\/wp-json\/wp\/v2\/categories?post=7083"},{"taxonomy":"post_tag","embeddable":true,"href":"https:\/\/hostnetart.com.br\/baixada\/wp-json\/wp\/v2\/tags?post=7083"}],"curies":[{"name":"wp","href":"https:\/\/api.w.org\/{rel}","templated":true}]}}