{"id":7076,"date":"2019-07-10T15:12:25","date_gmt":"2019-07-10T18:12:25","guid":{"rendered":"https:\/\/hostnetart.com.br\/baixada\/contraf-cut-e-contra-o-revalida-da-caixa\/"},"modified":"2019-07-10T15:12:25","modified_gmt":"2019-07-10T18:12:25","slug":"contraf-cut-e-contra-o-revalida-da-caixa","status":"publish","type":"post","link":"https:\/\/hostnetart.com.br\/baixada\/contraf-cut-e-contra-o-revalida-da-caixa\/","title":{"rendered":"Contraf-CUT \u00e9 contra o Revalida da Caixa"},"content":{"rendered":"<p>A Confedera\u00e7\u00e3o Nacional dos Trabalhadores do Ramo Financeira (Contraf-CUT) \u00e9 totalmente contr\u00e1ria \u00e0 implementa\u00e7\u00e3o do Revalida, nova a\u00e7\u00e3o de avalia\u00e7\u00e3o da Caixa, institu\u00eddo pela nova gest\u00e3o. O movimento sindical entende que \u00e9 mais uma ferramenta de\u00a0<a href=\"https:\/\/www.fenae.org.br\/portal\/hyperlink.jsp?lumParams=SCUnPTGlXycagH_jg7UQAdkTCwEX5XJ4VKRY3EkEhFweZlqhbvftqX6qaIB8u3jGziuo-rhXin3ixCdtECf1AT2pZH-iMWmsC1xvMXk0r1ZpaOyRruQRxZUBUyVxWSk59kSnxWBaVvAb20Hg6ZB3kYRVUbQmmsMMr_4zb2NoiLNwXPfGv4GQmcfD2FbYf_qxHk4LZhtd3UVeLxHrK8Pex8-atouoSrKhcuYxsIyryrs\" target=\"_blank\" rel=\"noopener noreferrer\">enfraquecimento do banco<\/a>, quebrando o hist\u00f3rico, a resist\u00eancia e refor\u00e7ando a pol\u00edtica do medo.<\/p>\n<p>O Revalida n\u00e3o avalia todo o hist\u00f3rico positivo e comprovado do empregado e simplesmente o destitui da fun\u00e7\u00e3o sem mais crit\u00e9rios objetivos.<\/p>\n<p>\u201c\u00c9 inadmiss\u00edvel que um processo consolidado de avalia\u00e7\u00e3o, baseados em diversos crit\u00e9rios estabelecidos h\u00e1 anos e j\u00e1 conhecido por todos os trabalhadores, seja substitu\u00eddo por apenas uma entrevista\u201d, afirmou\u00a0<a href=\"https:\/\/contrafcut.com.br\/?s=takemoto\" target=\"_blank\" rel=\"noopener noreferrer\">S\u00e9rgio Takemoto, secret\u00e1rio de Finan\u00e7as da Contraf-CUT e empregado da Caixa<\/a>. \u201cA avalia\u00e7\u00e3o fica completamente subjetiva e sujeita a repres\u00e1lias por quest\u00f5es pessoais ou ideol\u00f3gicas\u201d, completou. Os empregados que sofrerem esse tipo de reavalia\u00e7\u00e3o devem denunciar aos seus sindicatos.<\/p>\n<p><strong>Fonte: Contraf-CUT<\/strong><\/p>\n","protected":false},"excerpt":{"rendered":"<p>A Confedera\u00e7\u00e3o Nacional dos Trabalhadores do Ramo Financeira (Contraf-CUT) \u00e9 totalmente contr\u00e1ria \u00e0 implementa\u00e7\u00e3o do Revalida, nova a\u00e7\u00e3o de avalia\u00e7\u00e3o da Caixa, institu\u00eddo pela nova gest\u00e3o. O movimento sindical entende que \u00e9 mais uma ferramenta de\u00a0enfraquecimento do banco, quebrando o hist\u00f3rico, a resist\u00eancia e refor\u00e7ando a pol\u00edtica do medo. O Revalida n\u00e3o avalia todo o [&hellip;]<\/p>\n","protected":false},"author":2,"featured_media":7075,"comment_status":"","ping_status":"","sticky":false,"template":"","format":"standard","meta":{"footnotes":""},"categories":[3],"tags":[],"class_list":["post-7076","post","type-post","status-publish","format-standard","has-post-thumbnail","hentry","category-noticias"],"_links":{"self":[{"href":"https:\/\/hostnetart.com.br\/baixada\/wp-json\/wp\/v2\/posts\/7076","targetHints":{"allow":["GET"]}}],"collection":[{"href":"https:\/\/hostnetart.com.br\/baixada\/wp-json\/wp\/v2\/posts"}],"about":[{"href":"https:\/\/hostnetart.com.br\/baixada\/wp-json\/wp\/v2\/types\/post"}],"author":[{"embeddable":true,"href":"https:\/\/hostnetart.com.br\/baixada\/wp-json\/wp\/v2\/users\/2"}],"replies":[{"embeddable":true,"href":"https:\/\/hostnetart.com.br\/baixada\/wp-json\/wp\/v2\/comments?post=7076"}],"version-history":[{"count":0,"href":"https:\/\/hostnetart.com.br\/baixada\/wp-json\/wp\/v2\/posts\/7076\/revisions"}],"wp:featuredmedia":[{"embeddable":true,"href":"https:\/\/hostnetart.com.br\/baixada\/wp-json\/wp\/v2\/media\/7075"}],"wp:attachment":[{"href":"https:\/\/hostnetart.com.br\/baixada\/wp-json\/wp\/v2\/media?parent=7076"}],"wp:term":[{"taxonomy":"category","embeddable":true,"href":"https:\/\/hostnetart.com.br\/baixada\/wp-json\/wp\/v2\/categories?post=7076"},{"taxonomy":"post_tag","embeddable":true,"href":"https:\/\/hostnetart.com.br\/baixada\/wp-json\/wp\/v2\/tags?post=7076"}],"curies":[{"name":"wp","href":"https:\/\/api.w.org\/{rel}","templated":true}]}}