{"id":7070,"date":"2019-07-10T14:29:07","date_gmt":"2019-07-10T17:29:07","guid":{"rendered":"https:\/\/hostnetart.com.br\/baixada\/reforma-da-previdencia-povo-brasileiro-precisa-acordar-alerta-cut\/"},"modified":"2019-07-10T14:29:07","modified_gmt":"2019-07-10T17:29:07","slug":"reforma-da-previdencia-povo-brasileiro-precisa-acordar-alerta-cut","status":"publish","type":"post","link":"https:\/\/hostnetart.com.br\/baixada\/reforma-da-previdencia-povo-brasileiro-precisa-acordar-alerta-cut\/","title":{"rendered":"\u2018Reforma\u2019 da Previd\u00eancia: povo brasileiro precisa acordar, alerta CUT"},"content":{"rendered":"<p>A \u201creforma\u201d da Previd\u00eancia est\u00e1 prevista para ser votada, em primeiro turno, na C\u00e2mara dos Deputados, nesta quarta-feira (10). Por se tratar de uma proposta de emenda \u00e0 Constitui\u00e7\u00e3o (PEC), precisa ser aprovada, com tr\u00eas quintos dos votos (308 de um total de 513), em dois turnos, para ent\u00e3o seguir ao Senado. Segundo a secret\u00e1ria de Rela\u00e7\u00f5es do Trabalho da CUT, Gra\u00e7a Costa, os pr\u00f3ximos tr\u00eas dias ser\u00e3o de \u201cluta e resist\u00eancia\u201d, com diversas a\u00e7\u00f5es que lembram aos parlamentares que essa proposta n\u00e3o conta com a aprova\u00e7\u00e3o dos trabalhadores, j\u00e1 que o governo espera fazer a segunda vota\u00e7\u00e3o no pr\u00f3ximo s\u00e1bado (13).<\/p>\n<p>\u201cO povo brasileiro precisa acordar, porque ainda podemos vencer essa parada. Se n\u00e3o na C\u00e2mara, a gente pode vencer no Senado. Ainda tem tempo de mobilizar e conscientizar\u201d, afirma a dirigente, em entrevista aos jornalistas Marilu Caba\u00f1as e Glauco Faria, para o\u00a0<a href=\"https:\/\/www.youtube.com\/watch?v=wbAnaL4IOSA\" target=\"_blank\" rel=\"noopener noreferrer\"><em>Jornal Brasil Atual<\/em><\/a>. Caso seja aprovada pelos\u00a0<a href=\"https:\/\/www.redebrasilatual.com.br\/destaques\/2019\/07\/oposicao-vai-obstruir-votacao-reforma-da-previdencia\/\" target=\"_blank\" rel=\"noopener noreferrer\">deputados<\/a>, a proposta s\u00f3 come\u00e7aria a tramitar, no Senado, ap\u00f3s o fim do recesso, em agosto.<\/p>\n<p>Gra\u00e7a destaca que o governo Bolsonaro vem utilizando a libera\u00e7\u00e3o de verbas de emendas parlamentares para comprar o apoio dos deputados. S\u00f3 nesta segunda-feira (8), o Planalto liberou\u00a0R$ 920,3 milh\u00f5es em 34 portarias para atender a solicita\u00e7\u00f5es dos parlamentares. Em uma dessas portarias, foram R$ 93 milh\u00f5es liberados numa emenda aprovada, na Comiss\u00e3o de Seguridade de C\u00e2mara, que tinha originalmente valor bem menor, de R$ 2 milh\u00f5es.<\/p>\n<p>Sem autoriza\u00e7\u00e3o legislativa para fazer essa altera\u00e7\u00e3o no or\u00e7amento, o governo estaria cometendo\u00a0<a href=\"https:\/\/www.redebrasilatual.com.br\/politica\/2019\/07\/previdencia-psol-bolsonaro-emendas\/\" target=\"_blank\" rel=\"noopener noreferrer\">crime de responsabilidade<\/a>, conforme denunciou a bancada do Psol. O PT tamb\u00e9m entrou com representa\u00e7\u00e3o na Procuradoria-Geral da Rep\u00fablica para que se investigue a \u201ccompra de votos\u201d.\u00a0O pr\u00f3prio ministro da Sa\u00fade, Luiz Henrique Mandetta (DEM-RS), confirmou que a libera\u00e7\u00e3o de recursos, a maior parte concentrada em sua pasta, faz parte de um \u201cesfor\u00e7o\u201d do governo para garantir a aprova\u00e7\u00e3o da \u201creforma\u201d da Previd\u00eancia. \u201cEst\u00e3o fazendo de forma imoral, declarada. S\u00e3o extremamente descarados\u201d, diz Gra\u00e7a.<\/p>\n<h3>Press\u00e3o<\/h3>\n<p>Entre as for\u00e7as de pressionar os deputados contra a aprova\u00e7\u00e3o da medida, a diretora da CUT destacou a ferramenta virtual\u00a0<a href=\"https:\/\/www.redebrasilatual.com.br\/trabalho\/2019\/05\/contra-reforma-da-previdencia-cut-lanca-ferramenta-online-para-pressionar-deputados\/\" target=\"_blank\" rel=\"noopener noreferrer\">Na Press\u00e3o.<\/a>\u00a0Por meio desse dispositivo, o cidad\u00e3o pode enviar mensagens pelo WhatsApp, Facebook, Twitter e por e-mail para parlamentares que se manifestarem a favor da proposta que\u00a0<a class=\"external-link\" title=\"\" href=\"https:\/\/minhaaposentadoria.net.br\/video\/pessoas-se-assustam-ao-calcular-quanto-perdem-com-a-reforma-da-previdencia\/\" target=\"_blank\" rel=\"noopener noreferrer\">eleva o tempo de contribui\u00e7\u00e3o e a idade m\u00ednima<\/a>, al\u00e9m de reduzir os valores das aposentadorias.\u00a0Tamb\u00e9m \u00e9 poss\u00edvel apoiar os deputados contr\u00e1rios a proposta, al\u00e9m de divulgar nas suas pr\u00f3prias redes sociais o posicionamento dos representantes.<\/p>\n<p>Gra\u00e7a tamb\u00e9m destaca a press\u00e3o que a CUT e demais centrais est\u00e3o fazendo a\u00e7\u00f5es nos aeroportos, e tamb\u00e9m nos corredores da C\u00e2mara, para pressionar os parlamentares. Ela lembrou da campanha \u201cQuem vota, n\u00e3o volta\u201d, realizada durante a vota\u00e7\u00e3o da \u201creforma\u201d trabalhista no governo Temer. Cerca de 50% dos parlamentares que apoiaram a medida n\u00e3o se reelegeram nas elei\u00e7\u00f5es de 2018.<\/p>\n<p>Trabalhadores e estudantes, que est\u00e3o reunidos, em Bras\u00edlia, para o 57\u00ba Congresso da Uni\u00e3o Nacional dos Estudantes (UNE), dever\u00e3o realizar uma manifesta\u00e7\u00e3o na pr\u00f3xima sexta-feira (12), pela manh\u00e3, contra os cortes do governo Bolsonaro na educa\u00e7\u00e3o, e tamb\u00e9m contra as mudan\u00e7as pretendidas na Previd\u00eancia.<\/p>\n<p><strong>Fonte: Rede Brasil Atual<\/strong><\/p>\n","protected":false},"excerpt":{"rendered":"<p>A \u201creforma\u201d da Previd\u00eancia est\u00e1 prevista para ser votada, em primeiro turno, na C\u00e2mara dos Deputados, nesta quarta-feira (10). Por se tratar de uma proposta de emenda \u00e0 Constitui\u00e7\u00e3o (PEC), precisa ser aprovada, com tr\u00eas quintos dos votos (308 de um total de 513), em dois turnos, para ent\u00e3o seguir ao Senado. Segundo a secret\u00e1ria [&hellip;]<\/p>\n","protected":false},"author":2,"featured_media":7069,"comment_status":"","ping_status":"","sticky":false,"template":"","format":"standard","meta":{"footnotes":""},"categories":[3],"tags":[],"class_list":["post-7070","post","type-post","status-publish","format-standard","has-post-thumbnail","hentry","category-noticias"],"_links":{"self":[{"href":"https:\/\/hostnetart.com.br\/baixada\/wp-json\/wp\/v2\/posts\/7070","targetHints":{"allow":["GET"]}}],"collection":[{"href":"https:\/\/hostnetart.com.br\/baixada\/wp-json\/wp\/v2\/posts"}],"about":[{"href":"https:\/\/hostnetart.com.br\/baixada\/wp-json\/wp\/v2\/types\/post"}],"author":[{"embeddable":true,"href":"https:\/\/hostnetart.com.br\/baixada\/wp-json\/wp\/v2\/users\/2"}],"replies":[{"embeddable":true,"href":"https:\/\/hostnetart.com.br\/baixada\/wp-json\/wp\/v2\/comments?post=7070"}],"version-history":[{"count":0,"href":"https:\/\/hostnetart.com.br\/baixada\/wp-json\/wp\/v2\/posts\/7070\/revisions"}],"wp:featuredmedia":[{"embeddable":true,"href":"https:\/\/hostnetart.com.br\/baixada\/wp-json\/wp\/v2\/media\/7069"}],"wp:attachment":[{"href":"https:\/\/hostnetart.com.br\/baixada\/wp-json\/wp\/v2\/media?parent=7070"}],"wp:term":[{"taxonomy":"category","embeddable":true,"href":"https:\/\/hostnetart.com.br\/baixada\/wp-json\/wp\/v2\/categories?post=7070"},{"taxonomy":"post_tag","embeddable":true,"href":"https:\/\/hostnetart.com.br\/baixada\/wp-json\/wp\/v2\/tags?post=7070"}],"curies":[{"name":"wp","href":"https:\/\/api.w.org\/{rel}","templated":true}]}}