{"id":7068,"date":"2019-07-10T14:27:18","date_gmt":"2019-07-10T17:27:18","guid":{"rendered":"https:\/\/hostnetart.com.br\/baixada\/jornalista-paulo-henrique-amorim-morre-aos-77-anos\/"},"modified":"2019-07-10T14:27:18","modified_gmt":"2019-07-10T17:27:18","slug":"jornalista-paulo-henrique-amorim-morre-aos-77-anos","status":"publish","type":"post","link":"https:\/\/hostnetart.com.br\/baixada\/jornalista-paulo-henrique-amorim-morre-aos-77-anos\/","title":{"rendered":"Jornalista Paulo Henrique Amorim morre aos 77 anos"},"content":{"rendered":"<p>O jornalista\u00a0<a href=\"https:\/\/www.redebrasilatual.com.br\/tag\/paulo-henrique-amorim\/\" target=\"_blank\" rel=\"noopener noreferrer\"><strong>Paulo Henrique Amorim<\/strong><\/a>\u00a0morreu na manh\u00e3 desta quarta (10), aos 77 anos,\u00a0\u00a0em sua casa no Rio de Janeiro, v\u00edtima de um infarto fulminante.\u00a0\u00a0A informa\u00e7\u00e3o foi confirmada pela TV Record, onde exerceu sua \u00faltima ocupa\u00e7\u00e3o.<\/p>\n<p>Vindo da m\u00eddia impressa, o jornalista teve passagem por diversas emissoras de televis\u00e3o, como Globo, Bandeirantes, Cultura e Record. Nesta \u00faltima, foi apresentador do programa\u00a0<em>Domingo Espetacular,<\/em>\u00a0onde ficou de janeiro de 2006 at\u00e9 junho passado. Cr\u00edtico do governo Bolsonaro, ele havia sido afastado do programa, ap\u00f3s a Record ser pressionada por apoiadores do ministro da Justi\u00e7a, Sergio Moro, e do presidente pela demiss\u00e3o do jornalista.<\/p>\n<p>Paulo Henrique Amorim mantinha o blog\u00a0<em><a href=\"http:\/\/www.conversaafiada.com.br\/\" target=\"_blank\" rel=\"noopener noreferrer\">Conversa Afiada<\/a>,<\/em>\u00a0que se notabilizou pela defesa de uma m\u00eddia democr\u00e1tica e com cr\u00edticas frequentes \u00e0 Opera\u00e7\u00e3o Lava Jato e a Bolsonaro. O jornalista popularizou o termo \u201cPIG\u201d, o Partido da Imprensa Golpista, usado para criticar os meios de comunica\u00e7\u00e3o que apoiaram o golpe contra os governos de Lula e Dilma. O termo foi criado pelo deputado pernambucano Fernando Ferro, em meados da d\u00e9cada passada.<\/p>\n<p>Tamb\u00e9m era conhecido pelo bord\u00e3o com que sempre iniciava suas falas: \u201cOl\u00e1, tudo bem?\u201d. Em 2015, lan\u00e7ou o livro<em>\u00a0O Quarto Poder \u2013\u00a0 uma outra hist\u00f3ria<\/em>, sobre a m\u00eddia.<\/p>\n<p><img fetchpriority=\"high\" decoding=\"async\" class=\"size-medium wp-image-367195 alignleft\" src=\"https:\/\/www.redebrasilatual.com.br\/wp-content\/uploads\/2013\/04\/capaRDB10-223x300.jpg\" sizes=\"(max-width: 223px) 100vw, 223px\" srcset=\"https:\/\/www.redebrasilatual.com.br\/wp-content\/uploads\/2013\/04\/capaRDB10-223x300.jpg 223w, https:\/\/www.redebrasilatual.com.br\/wp-content\/uploads\/2013\/04\/capaRDB10.jpg 371w\" alt=\"\" width=\"223\" height=\"300\" \/><\/p>\n<p><a href=\"https:\/\/www.redebrasilatual.com.br\/revistas\/2013\/04\/paulo-henrique-amorim-midia\/\" target=\"_blank\" rel=\"noopener noreferrer\">Em 2007, entrevista com Paulo Henrique Amorim foi tema principal da edi\u00e7\u00e3o n\u00famero 10 da Revista do Brasil, quando falou sobre o monop\u00f3lio e a partidariza\u00e7\u00e3o da m\u00eddia tradicional brasileira. Confira a \u00edntegra.<\/a><\/p>\n<p><strong>Fonte: Rede Brasil Atual<\/strong><\/p>\n","protected":false},"excerpt":{"rendered":"<p>O jornalista\u00a0Paulo Henrique Amorim\u00a0morreu na manh\u00e3 desta quarta (10), aos 77 anos,\u00a0\u00a0em sua casa no Rio de Janeiro, v\u00edtima de um infarto fulminante.\u00a0\u00a0A informa\u00e7\u00e3o foi confirmada pela TV Record, onde exerceu sua \u00faltima ocupa\u00e7\u00e3o. Vindo da m\u00eddia impressa, o jornalista teve passagem por diversas emissoras de televis\u00e3o, como Globo, Bandeirantes, Cultura e Record. Nesta \u00faltima, [&hellip;]<\/p>\n","protected":false},"author":2,"featured_media":7067,"comment_status":"","ping_status":"","sticky":false,"template":"","format":"standard","meta":{"footnotes":""},"categories":[3],"tags":[],"class_list":["post-7068","post","type-post","status-publish","format-standard","has-post-thumbnail","hentry","category-noticias"],"_links":{"self":[{"href":"https:\/\/hostnetart.com.br\/baixada\/wp-json\/wp\/v2\/posts\/7068","targetHints":{"allow":["GET"]}}],"collection":[{"href":"https:\/\/hostnetart.com.br\/baixada\/wp-json\/wp\/v2\/posts"}],"about":[{"href":"https:\/\/hostnetart.com.br\/baixada\/wp-json\/wp\/v2\/types\/post"}],"author":[{"embeddable":true,"href":"https:\/\/hostnetart.com.br\/baixada\/wp-json\/wp\/v2\/users\/2"}],"replies":[{"embeddable":true,"href":"https:\/\/hostnetart.com.br\/baixada\/wp-json\/wp\/v2\/comments?post=7068"}],"version-history":[{"count":0,"href":"https:\/\/hostnetart.com.br\/baixada\/wp-json\/wp\/v2\/posts\/7068\/revisions"}],"wp:featuredmedia":[{"embeddable":true,"href":"https:\/\/hostnetart.com.br\/baixada\/wp-json\/wp\/v2\/media\/7067"}],"wp:attachment":[{"href":"https:\/\/hostnetart.com.br\/baixada\/wp-json\/wp\/v2\/media?parent=7068"}],"wp:term":[{"taxonomy":"category","embeddable":true,"href":"https:\/\/hostnetart.com.br\/baixada\/wp-json\/wp\/v2\/categories?post=7068"},{"taxonomy":"post_tag","embeddable":true,"href":"https:\/\/hostnetart.com.br\/baixada\/wp-json\/wp\/v2\/tags?post=7068"}],"curies":[{"name":"wp","href":"https:\/\/api.w.org\/{rel}","templated":true}]}}