{"id":7066,"date":"2019-07-09T17:37:42","date_gmt":"2019-07-09T20:37:42","guid":{"rendered":"https:\/\/hostnetart.com.br\/baixada\/oposicao-vai-obstruir-votacao-da-reforma-da-previdencia\/"},"modified":"2019-07-09T17:37:42","modified_gmt":"2019-07-09T20:37:42","slug":"oposicao-vai-obstruir-votacao-da-reforma-da-previdencia","status":"publish","type":"post","link":"https:\/\/hostnetart.com.br\/baixada\/oposicao-vai-obstruir-votacao-da-reforma-da-previdencia\/","title":{"rendered":"Oposi\u00e7\u00e3o vai obstruir vota\u00e7\u00e3o da \u2018reforma\u2019 da Previd\u00eancia"},"content":{"rendered":"<p>Sem chegar a um acordo com o governo em rela\u00e7\u00e3o \u00e0\u00a0<a href=\"https:\/\/www.redebrasilatual.com.br\/tag\/pec-6-2019\/\">Proposta de Emenda \u00e0 Constitui\u00e7\u00e3o (PEC) 6\/2019<\/a>, da \u201creforma\u201d da Previd\u00eancia, partidos de oposi\u00e7\u00e3o anunciaram que v\u00e3o obstruir a vota\u00e7\u00e3o da proposta, prevista para esta ter\u00e7a-feira (9).\u00a0Na reuni\u00e3o de l\u00edderes realizada hoje pela manh\u00e3, o governo prop\u00f4s que a obstru\u00e7\u00e3o fosse retirada para que os parlamentares debatessem o texto, com a vota\u00e7\u00e3o ficando para amanh\u00e3. A pr\u00e1tica da obstru\u00e7\u00e3o consiste em\u00a0um conjunto de procedimentos que incluem requerimentos diversos de adiamento de vota\u00e7\u00e3o, de retirada de pauta e de verifica\u00e7\u00e3o de vota\u00e7\u00e3o.<\/p>\n<p>Segundo a l\u00edder da Minoria, deputada Jandira Feghali (PCdoB-RJ), a tentativa de negocia\u00e7\u00e3o por parte do Planalto \u00e9 uma demonstra\u00e7\u00e3o de que o governo est\u00e1 inseguro sobre o n\u00famero de votos e por isso prop\u00f4s adiar a vota\u00e7\u00e3o para amanh\u00e3. Ela explicou que muitos deputados e deputadas s\u00e3o contr\u00e1rios a pontos como as altera\u00e7\u00f5es na pens\u00e3o por morte. \u201cEles n\u00e3o querem votar uma s\u00e9rie de pontos no texto, que envolvem vi\u00favas, \u00f3rf\u00e3os, porque a pens\u00e3o por morte \u00e9 uma das maiores crueldades, pois coloca a pens\u00e3o por morte abaixo do sal\u00e1rio m\u00ednimo\u201d, criticou.<\/p>\n<p>\u201cO governo hoje n\u00e3o tem os votos. O governo quer ganhar por m\u00e9todos n\u00e3o republicanos e n\u00e3o temos controle sobre isso. Mas o nosso papel de oposi\u00e7\u00e3o vamos cumprir. Vamos tentar os dissidentes dessas legendas, os evang\u00e9licos e todos aqueles que n\u00e3o querem votar contra as mulheres, os professores e os profissionais de seguran\u00e7a\u201d, disse a l\u00edder.<\/p>\n<p>J\u00e1 a l\u00edder do governo no Congresso Nacional, deputada Joice Hasselman (PSL-SP), avaliou que a reforma ser\u00e1 aprovada. Ela aposta que o texto-base ter\u00e1 apoio de 342 votos, incluindo votos de parlamentares de partidos da oposi\u00e7\u00e3o.<\/p>\n<p><em>Com informa\u00e7\u00f5es da\u00a0<a href=\"https:\/\/www2.camara.leg.br\/camaranoticias\/noticias\/TRABALHO-E-PREVIDENCIA\/579770-OPOSICAO-REJEITA-ACORDO-E-VAI-OBSTRUIR-VOTACAO-DA-REFORMA-DA-PREVIDENCIA.html\">Ag\u00eancia C\u00e2mara<\/a><\/em><\/p>\n","protected":false},"excerpt":{"rendered":"<p>Sem chegar a um acordo com o governo em rela\u00e7\u00e3o \u00e0\u00a0Proposta de Emenda \u00e0 Constitui\u00e7\u00e3o (PEC) 6\/2019, da \u201creforma\u201d da Previd\u00eancia, partidos de oposi\u00e7\u00e3o anunciaram que v\u00e3o obstruir a vota\u00e7\u00e3o da proposta, prevista para esta ter\u00e7a-feira (9).\u00a0Na reuni\u00e3o de l\u00edderes realizada hoje pela manh\u00e3, o governo prop\u00f4s que a obstru\u00e7\u00e3o fosse retirada para que os [&hellip;]<\/p>\n","protected":false},"author":2,"featured_media":7065,"comment_status":"","ping_status":"","sticky":false,"template":"","format":"standard","meta":{"footnotes":""},"categories":[3],"tags":[],"class_list":["post-7066","post","type-post","status-publish","format-standard","has-post-thumbnail","hentry","category-noticias"],"_links":{"self":[{"href":"https:\/\/hostnetart.com.br\/baixada\/wp-json\/wp\/v2\/posts\/7066","targetHints":{"allow":["GET"]}}],"collection":[{"href":"https:\/\/hostnetart.com.br\/baixada\/wp-json\/wp\/v2\/posts"}],"about":[{"href":"https:\/\/hostnetart.com.br\/baixada\/wp-json\/wp\/v2\/types\/post"}],"author":[{"embeddable":true,"href":"https:\/\/hostnetart.com.br\/baixada\/wp-json\/wp\/v2\/users\/2"}],"replies":[{"embeddable":true,"href":"https:\/\/hostnetart.com.br\/baixada\/wp-json\/wp\/v2\/comments?post=7066"}],"version-history":[{"count":0,"href":"https:\/\/hostnetart.com.br\/baixada\/wp-json\/wp\/v2\/posts\/7066\/revisions"}],"wp:featuredmedia":[{"embeddable":true,"href":"https:\/\/hostnetart.com.br\/baixada\/wp-json\/wp\/v2\/media\/7065"}],"wp:attachment":[{"href":"https:\/\/hostnetart.com.br\/baixada\/wp-json\/wp\/v2\/media?parent=7066"}],"wp:term":[{"taxonomy":"category","embeddable":true,"href":"https:\/\/hostnetart.com.br\/baixada\/wp-json\/wp\/v2\/categories?post=7066"},{"taxonomy":"post_tag","embeddable":true,"href":"https:\/\/hostnetart.com.br\/baixada\/wp-json\/wp\/v2\/tags?post=7066"}],"curies":[{"name":"wp","href":"https:\/\/api.w.org\/{rel}","templated":true}]}}