{"id":7060,"date":"2019-07-09T17:24:50","date_gmt":"2019-07-09T20:24:50","guid":{"rendered":"https:\/\/hostnetart.com.br\/baixada\/bancarios-devem-votar-nao-ao-trabalho-aos-finais-de-semana\/"},"modified":"2019-07-09T17:24:50","modified_gmt":"2019-07-09T20:24:50","slug":"bancarios-devem-votar-nao-ao-trabalho-aos-finais-de-semana","status":"publish","type":"post","link":"https:\/\/hostnetart.com.br\/baixada\/bancarios-devem-votar-nao-ao-trabalho-aos-finais-de-semana\/","title":{"rendered":"Banc\u00e1rios devem votar n\u00e3o ao trabalho aos finais de semana"},"content":{"rendered":"<p>Os banc\u00e1rios de todo o Brasil devem se mobilizar contra o trabalho aos s\u00e1bados. O site do Senado Federal est\u00e1 fazendo<a href=\"https:\/\/www12.senado.leg.br\/ecidadania\/visualizacaomateria?id=136531\" target=\"_blank\" rel=\"noopener noreferrer\">\u00a0uma pesquisa sobre o apoio da popula\u00e7\u00e3o<\/a>\u00a0\u00e0 Declara\u00e7\u00e3o de Direitos de Liberdade Econ\u00f4mica (<a href=\"http:\/\/www.planalto.gov.br\/ccivil_03\/_ato2019-2022\/2019\/Mpv\/mpv881.htm\">MP 881<\/a>), que permite o trabalho banc\u00e1rio aos finais de semana e acaba com a obrigatoriedade da exist\u00eancia da Comiss\u00e3o Interna de Preven\u00e7\u00e3o de Acidentes (Cipa) em cada unidade com mais de 20 funcion\u00e1rios. A Confedera\u00e7\u00e3o Nacional dos Trabalhadores do Ramo Financeiro (Contraf-CUT) orienta os trabalhadores a entrarem na pesquisa e votarem n\u00e3o.<\/p>\n<p>\u201cEssas mudan\u00e7as colocam em risco a sa\u00fade e a seguran\u00e7a das banc\u00e1rias e dos banc\u00e1rios. Al\u00e9m da luta que j\u00e1 estamos travando para barrar esses absurdos na C\u00e2mara dos Deputados, precisamos que os trabalhadores nos ajudem nessa luta e fa\u00e7a com que essa MP seja reprovada\u201d, afirmou Jeferson Meira, o Jef\u00e3o, secret\u00e1rio de Rela\u00e7\u00f5es do Trabalho da\u00a0<a href=\"https:\/\/contrafcut.com.br\/\" target=\"_blank\" rel=\"noopener noreferrer\">Contraf-CUT<\/a>.<\/p>\n<h3>Ataque \u00e0 classe trabalhadora<\/h3>\n<p>A MP foi promulgada em 30 de abril pelo presidente Jair Bolsonaro. Os ataques do atual governo federal aos direitos dos trabalhadores n\u00e3o param, mesmo sem ter entrado em vigor, o pacote de maldade est\u00e1 sendo ampliado. Est\u00e1 em tramita\u00e7\u00e3o o Projeto de Lei de Convers\u00e3o, que faz aportes \u00e0 MP. Os 18 artigos da MP foram convertidos em 81 artigos do PL de convers\u00e3o. Foram adicionados 63 artigos. A maioria deles desdobrados em dezenas e dezenas de par\u00e1grafos que retira os direitos dos trabalhadores.<\/p>\n<p>Para a\u00a0<a href=\"https:\/\/www.abrat.adv.br\/index.php\/noticias\/8838-projeto-de-lei-de-conversa-o-que-faz-aportes-a-mp-881-2019\">Associa\u00e7\u00e3o Brasileira de Advogados Trabalhistas<\/a>\u00a0(Abrat), as mudan\u00e7as desprezam os princ\u00edpios de solidariedade e de prote\u00e7\u00e3o, de garantias e de afirma\u00e7\u00e3o democr\u00e1tica dos trabalhadores. \u201cEsta providencia, que ter\u00e1\u0301 ou poder\u00e1\u0301 ter caminhos legislativos atalhados, frustra a pr\u00f3pria atividade parlamentar e exclui a sociedade do debate de t\u00e3o significativas altera\u00e7\u00f5es. De notar, que n\u00e3o se pode em nome da \u2018liberdade empresarial\u2019 e da \u2018flexibiliza\u00e7\u00e3o\u2019 das normas empresariais, sua constitui\u00e7\u00e3o, manuten\u00e7\u00e3o e produ\u00e7\u00e3o, pisotear normas internacionais subscritas pelo Brasil, afastar ou dificultar a aplica\u00e7\u00e3o dos princ\u00edpios constitucionais, notadamente de prote\u00e7\u00e3o de ser humano e de sua dignidade e, sobretudo, do valor social do empreendimento, que n\u00e3o pode atender apenas ao empreendedor, mas, sim, por ordem da Constitui\u00e7\u00e3o, ao Pa\u00eds pelo conceito do \u201cvalor social\u201d da empresa\u201d, afirma nota da institui\u00e7\u00e3o.<\/p>\n<p>\u201cEnfim, sombreada com o r\u00f3tulo de \u2018liberdade\u2019 empresarial est\u00e3o abertas mais portas e caminhos que nos levam ou podem nos levar \u00e0 barb\u00e1rie, produzindo uma sociedade \u2018incivilizadamente moderna\u2019, o que n\u00e3o desejamos, mesmo que se reconhe\u00e7a que devam ser facilitadas as regras de constitui\u00e7\u00e3o de empresas\u201d, completa o texto.<\/p>\n<h3>A proibi\u00e7\u00e3o do trabalho aos s\u00e1bados, domingos e feriados \u00e9 uma conquista de 1962<\/h3>\n<p>Os banc\u00e1rios trabalham seis horas por dia de segunda a sexta-feira. Nem todo mundo sabe, mas a jornada reduzida tem uma raz\u00e3o l\u00f3gica. At\u00e9 1933, os banc\u00e1rios tinham uma jornada superior a oito horas. A categoria sofria com altos \u00edndices de adoecimento. As mais comuns eram a tuberculose e a neurose.<\/p>\n<h3>Tuberculose<\/h3>\n<p>Nos bancos os cofres eram dois andares abaixo do piso da ag\u00eancia. Neste ambiente, sem ventila\u00e7\u00e3o adequada, ficavam junto ao dinheiro. As notas, que passavam de m\u00e3o em m\u00e3o, carregavam com elas os bacilos da tuberculose.<\/p>\n<p>Os banc\u00e1rios fizeram uma grande campanha em defesa do hor\u00e1rio higi\u00eanico. O objetivo era o de reduzir o tempo de exposi\u00e7\u00e3o ao dinheiro. M\u00e9dicos sanitaristas fizeram laudos atestando a necessidade da redu\u00e7\u00e3o da exposi\u00e7\u00e3o ao dinheiro.<\/p>\n<p>Amea\u00e7aram entrar em greve geral e, em 1932, o governo Get\u00falio Vargas acabou cedendo e assinou a lei de seis horas. No princ\u00edpio, apenas para os banc\u00e1rios que trabalhavam nas ag\u00eancias. Em 1957, foi para todos os trabalhadores do sistema banc\u00e1rio.<\/p>\n<p>O mesmo fato levou \u00e0 conquista, em 1934, da aposentadoria ap\u00f3s 30 anos de servi\u00e7o, a estabilidade ap\u00f3s dois anos de trabalho e a cria\u00e7\u00e3o do Instituto de Aposentadoria e Pens\u00f5es dos Banc\u00e1rios (IAPB). Foi a primeira experi\u00eancia de instituto de aposentadoria, que resultaria no INPS, o IAPAS e o atual INSS. O IAPB cobria previd\u00eancia e seguridade (aposentadoria, pens\u00f5es e sa\u00fade) e tinha hospitais e sanat\u00f3rios para acolher os banc\u00e1rios adoecidos.<\/p>\n<h3>Transtornos mentais<\/h3>\n<p>As doen\u00e7as mentais persistem na categoria. Esse tipo de adoecimento \u00e9 hoje o campe\u00e3o negativo entre a categoria, superando as LER\/Dorts. Como no passado, elas s\u00e3o ocasionadas devido ao estresse pelo que passa a categoria. Al\u00e9m da obrigatoriedade de cumprimento de metas, abusivas, que n\u00e3o s\u00e3o definidas com a participa\u00e7\u00e3o dos trabalhadores, estudo apontam que, s\u00e3o nas horas finais, quando os trabalhadores est\u00e3o mais cansados, que ocorrem mais erros. E, quando se mexe com dinheiro, qualquer errinho pode significar o preju\u00edzo de milh\u00f5es, que s\u00e3o descontados dos banc\u00e1rios.<\/p>\n<p><strong>Fonte: Contraf-CUT<\/strong><\/p>\n","protected":false},"excerpt":{"rendered":"<p>Os banc\u00e1rios de todo o Brasil devem se mobilizar contra o trabalho aos s\u00e1bados. O site do Senado Federal est\u00e1 fazendo\u00a0uma pesquisa sobre o apoio da popula\u00e7\u00e3o\u00a0\u00e0 Declara\u00e7\u00e3o de Direitos de Liberdade Econ\u00f4mica (MP 881), que permite o trabalho banc\u00e1rio aos finais de semana e acaba com a obrigatoriedade da exist\u00eancia da Comiss\u00e3o Interna de [&hellip;]<\/p>\n","protected":false},"author":2,"featured_media":7059,"comment_status":"","ping_status":"","sticky":false,"template":"","format":"standard","meta":{"footnotes":""},"categories":[3],"tags":[],"class_list":["post-7060","post","type-post","status-publish","format-standard","has-post-thumbnail","hentry","category-noticias"],"_links":{"self":[{"href":"https:\/\/hostnetart.com.br\/baixada\/wp-json\/wp\/v2\/posts\/7060","targetHints":{"allow":["GET"]}}],"collection":[{"href":"https:\/\/hostnetart.com.br\/baixada\/wp-json\/wp\/v2\/posts"}],"about":[{"href":"https:\/\/hostnetart.com.br\/baixada\/wp-json\/wp\/v2\/types\/post"}],"author":[{"embeddable":true,"href":"https:\/\/hostnetart.com.br\/baixada\/wp-json\/wp\/v2\/users\/2"}],"replies":[{"embeddable":true,"href":"https:\/\/hostnetart.com.br\/baixada\/wp-json\/wp\/v2\/comments?post=7060"}],"version-history":[{"count":0,"href":"https:\/\/hostnetart.com.br\/baixada\/wp-json\/wp\/v2\/posts\/7060\/revisions"}],"wp:featuredmedia":[{"embeddable":true,"href":"https:\/\/hostnetart.com.br\/baixada\/wp-json\/wp\/v2\/media\/7059"}],"wp:attachment":[{"href":"https:\/\/hostnetart.com.br\/baixada\/wp-json\/wp\/v2\/media?parent=7060"}],"wp:term":[{"taxonomy":"category","embeddable":true,"href":"https:\/\/hostnetart.com.br\/baixada\/wp-json\/wp\/v2\/categories?post=7060"},{"taxonomy":"post_tag","embeddable":true,"href":"https:\/\/hostnetart.com.br\/baixada\/wp-json\/wp\/v2\/tags?post=7060"}],"curies":[{"name":"wp","href":"https:\/\/api.w.org\/{rel}","templated":true}]}}