{"id":7058,"date":"2019-07-09T12:29:40","date_gmt":"2019-07-09T15:29:40","guid":{"rendered":"https:\/\/hostnetart.com.br\/baixada\/conduta-de-moro-e-considerada-inadequada-por-58-dos-entrevistados\/"},"modified":"2019-07-09T12:29:40","modified_gmt":"2019-07-09T15:29:40","slug":"conduta-de-moro-e-considerada-inadequada-por-58-dos-entrevistados","status":"publish","type":"post","link":"https:\/\/hostnetart.com.br\/baixada\/conduta-de-moro-e-considerada-inadequada-por-58-dos-entrevistados\/","title":{"rendered":"Conduta de Moro \u00e9 considerada inadequada por 58% dos entrevistados"},"content":{"rendered":"<p>Pesquisa Datafolha divulgada hoje (6) mostra que <strong>a maioria dos entrevistados (58%) acredita a postura de Sergio Moro enquanto juiz federal foi inadequada na \u00e2mbito da opera\u00e7\u00e3o Lava Jato<\/strong>. O mesmo percentual defende que as suas decis\u00f5es sejam revistas caso as conversas divulgadas pelo <em>Intercept Brasil<\/em> sejam comprovadas.<\/p>\n<p>Conforme o jornal <a href=\"https:\/\/www1.folha.uol.com.br\/poder\/2019\/07\/maioria-reprova-conduta-de-moro-mas-ve-como-justa-prisao-de-lula-diz-datafolha.shtml\"><em>Folha de S.Paulo<\/em><\/a>, apenas 31% dos entrevistados que ouviram falar sobre as trocas de mensagens entre Moro e procuradores federais, entre eles <strong>Deltan Dallagnol<\/strong>, aprovam a conduta do atual ministro da Justi\u00e7a e Seguran\u00e7a P\u00fablica do governo de Jair Bolsonaro (PSL). N\u00e3o souberam opinar 11% deles.<\/p>\n<p>As conversas que come\u00e7aram a ser divulgadas em 8 de junho pela equipe de jornalistas conduzida por Glenn Greenwald, que ganhou o apoio de outros, como Reinaldo Azevedo, Monica Bergamo e mais recentemente da revista <em>Veja<\/em>, arranharam a imagem do ex-juiz que j\u00e1 foi chamado de \u201cher\u00f3i brasileiro\u201d.<\/p>\n<p>Sua aprova\u00e7\u00e3o caiu de 59% para 52% em rela\u00e7\u00e3o \u00e0 pesquisa mais recente, realizada em abril. Mesmo assim, 54% dos participantes acreditam que as den\u00fancias n\u00e3o s\u00e3o ainda suficientes para que ele deixe o cargo. Os que defendem sua sa\u00edda correspondem a 38%.<\/p>\n<p>Para 54% de entrevistados \u2013 o mesmo percentual da pesquisa anterior \u2013 a pris\u00e3o do ex-presidente Luiz In\u00e1cio Lula da Silva \u00e9 justa\u00a0. E 42% considera injusta. Em abril, a opini\u00e3o foi expressa por 40%.<\/p>\n<p>Consideram justa a pris\u00e3o 51% da parcela mais rica, com rendimento acima de 10 sal\u00e1rios m\u00ednimo.\u00a0 Entre os mais pobres, o percentual \u00e9 de 51%. Dos entrevistados nordestino, 56% condenam a pris\u00e3o de Lula. E 63% dos sulistas a aprovam.<\/p>\n<p>A pesquisa ouviu 2.086 pessoas com mais de 16 anos em 130 cidades brasileiras, nos dias 4 e 5 de julho. A margem de erro \u00e9 de dois pontos percentuais para mais ou menos.<\/p>\n<p>Para a presidenta do PT, deputada federal<a href=\"https:\/\/twitter.com\/gleisi\"><strong> Gleisi Hoffmann<\/strong><\/a>, do Paran\u00e1, a pesquisa reflete <strong>que a maior parte do povo quer um julgamento justo para o ex-presidente<\/strong>. \u201cLula quer julgamento justo, juiz imparcial e observ\u00e2ncia das leis. \u00c9 o que tamb\u00e9m quer a maioria do povo, que reprova conversas com procuradores e acha que as decis\u00f5es de Moro devem ser revistas. E ainda 51% dos mais pobres consideram injusta a pris\u00e3o de Lula\u201d, afirmou, por meio de seu perfil no Twitter.<\/p>\n<p><strong>Fonte: Rede Brasil Atual<\/strong><\/p>\n","protected":false},"excerpt":{"rendered":"<p>Pesquisa Datafolha divulgada hoje (6) mostra que a maioria dos entrevistados (58%) acredita a postura de Sergio Moro enquanto juiz federal foi inadequada na \u00e2mbito da opera\u00e7\u00e3o Lava Jato. O mesmo percentual defende que as suas decis\u00f5es sejam revistas caso as conversas divulgadas pelo Intercept Brasil sejam comprovadas. Conforme o jornal Folha de S.Paulo, apenas [&hellip;]<\/p>\n","protected":false},"author":2,"featured_media":7057,"comment_status":"","ping_status":"","sticky":false,"template":"","format":"standard","meta":{"footnotes":""},"categories":[3],"tags":[],"class_list":["post-7058","post","type-post","status-publish","format-standard","has-post-thumbnail","hentry","category-noticias"],"_links":{"self":[{"href":"https:\/\/hostnetart.com.br\/baixada\/wp-json\/wp\/v2\/posts\/7058","targetHints":{"allow":["GET"]}}],"collection":[{"href":"https:\/\/hostnetart.com.br\/baixada\/wp-json\/wp\/v2\/posts"}],"about":[{"href":"https:\/\/hostnetart.com.br\/baixada\/wp-json\/wp\/v2\/types\/post"}],"author":[{"embeddable":true,"href":"https:\/\/hostnetart.com.br\/baixada\/wp-json\/wp\/v2\/users\/2"}],"replies":[{"embeddable":true,"href":"https:\/\/hostnetart.com.br\/baixada\/wp-json\/wp\/v2\/comments?post=7058"}],"version-history":[{"count":0,"href":"https:\/\/hostnetart.com.br\/baixada\/wp-json\/wp\/v2\/posts\/7058\/revisions"}],"wp:featuredmedia":[{"embeddable":true,"href":"https:\/\/hostnetart.com.br\/baixada\/wp-json\/wp\/v2\/media\/7057"}],"wp:attachment":[{"href":"https:\/\/hostnetart.com.br\/baixada\/wp-json\/wp\/v2\/media?parent=7058"}],"wp:term":[{"taxonomy":"category","embeddable":true,"href":"https:\/\/hostnetart.com.br\/baixada\/wp-json\/wp\/v2\/categories?post=7058"},{"taxonomy":"post_tag","embeddable":true,"href":"https:\/\/hostnetart.com.br\/baixada\/wp-json\/wp\/v2\/tags?post=7058"}],"curies":[{"name":"wp","href":"https:\/\/api.w.org\/{rel}","templated":true}]}}