{"id":7052,"date":"2019-07-09T01:42:16","date_gmt":"2019-07-09T04:42:16","guid":{"rendered":"https:\/\/hostnetart.com.br\/baixada\/12-de-julho-e-dia-nacional-de-mobilizacao-contra-a-reforma-da-previdencia\/"},"modified":"2019-07-09T01:42:16","modified_gmt":"2019-07-09T04:42:16","slug":"12-de-julho-e-dia-nacional-de-mobilizacao-contra-a-reforma-da-previdencia","status":"publish","type":"post","link":"https:\/\/hostnetart.com.br\/baixada\/12-de-julho-e-dia-nacional-de-mobilizacao-contra-a-reforma-da-previdencia\/","title":{"rendered":"12 de Julho \u00e9 Dia Nacional de Mobiliza\u00e7\u00e3o contra a reforma da Previd\u00eancia"},"content":{"rendered":"<div class=\"elementor-element elementor-element-194680ec elementor-widget elementor-widget-theme-post-content\" data-id=\"194680ec\" data-element_type=\"widget\" data-widget_type=\"theme-post-content.default\">\n<div class=\"elementor-widget-container\">\n<p>A Confedera\u00e7\u00e3o Nacional dos Trabalhadores do Ramo Financeiro (Contraf-CUT) junto com a Central \u00danica dos Trabalhadores e demais centrais sindicais realizar\u00e3o no dia 12 de julho um Dia Nacional de Mobiliza\u00e7\u00e3o Contra a Reforma da Previd\u00eancia. Ocorrer\u00e3o atividades em todo o pa\u00eds. <\/p>\n<p>De acordo com as entidades sindicais, o relat\u00f3rio, do deputado Samuel Moreira (PSDB-SP) \u00e0 Proposta de Emenda \u00e0 Constitui\u00e7\u00e3o (PEC) 6\/2019 mant\u00e9m a espinha dorsal da PEC, que prejudica apenas a classe trabalhadora. Aprovado na quarta-feira (3) pela Comiss\u00e3o Especial, o substitutivo do deputado segue para vota\u00e7\u00e3o no plen\u00e1rio da C\u00e2mara dos Deputados. <\/p>\n<p>Para a aprova\u00e7\u00e3o, s\u00e3o necess\u00e1rios os votos favor\u00e1veis de tr\u00eas quintos dos deputados (308) e senadores (49) em duas vota\u00e7\u00f5es em cada casa. Caso seja aprovada, a reforma da Previd\u00eancia tornar\u00e1 o sonho da aposentadoria imposs\u00edvel para os trabalhadores. <\/p>\n<p>De acordo com a dire\u00e7\u00e3o Executiva da CUT, os trabalhadores t\u00eam motivos de sobra para rejeitar a reforma da Previd\u00eancia. \u201cRetira direitos fundamentais da classe trabalhadora\u201d, afirmou em documento. \u201cA luta contra a reforma da Previd\u00eancia continua sendo a\u00e7\u00e3o priorit\u00e1ria da entidade na atual conjuntura\u201d, reiterou a entidade.<\/p>\n<h3>Idade m\u00ednima<\/h3>\n<p> A proposta institui a obrigatoriedade de idade m\u00ednima para aposentadoria de 65 anos para os homens e 62 para mulheres. Al\u00e9m disso, para receber 100% do benef\u00edcio, o trabalhador dever\u00e1 contribuir por 40 anos. O tempo m\u00ednimo de contribui\u00e7\u00e3o ser\u00e1 de 15 anos para mulheres e de 20 anos para homens. Neste caso, receber\u00e3o apenas 60% do benef\u00edcio.<\/p>\n<h3>C\u00e1lculo do benef\u00edcio<\/h3>\n<p> A forma de c\u00e1lculo do benef\u00edcio ser\u00e1 alterada, reduzindo aos valores que ser\u00e3o pagos aos trabalhadores. Atualmente, os valores s\u00e3o calculados levando em conta 80% dos benef\u00edcios. Apenas os maiores valores s\u00e3o utilizados no c\u00e1lculo. Com a reforma da Previd\u00eancia, os valores passam a ser calculados pelo total das contribui\u00e7\u00f5es, mesmo as de menor valor. Isso reduz o valor m\u00e9dio das contribui\u00e7\u00f5es e, com isso, cai o valor a ser pago aos trabalhadores.<\/p>\n<h3>Mobiliza\u00e7\u00e3o em todo o pa\u00eds<\/h3>\n<p> Um grande ato nacional est\u00e1 marcado para acontecer em Bras\u00edlia, no dia 12 de julho. Nas atividades programadas em todo o pa\u00eds, os representantes dos trabalhadores ir\u00e3o dialogar com a popula\u00e7\u00e3o sobre os impactos nefastos que as mudan\u00e7as na Previd\u00eancia podem causar na vida dos trabalhadores. Al\u00e9m disso, ser\u00e1 realizada a coleta de assinaturas para o abaixo-assinado contra a reforma da Previd\u00eancia, que ser\u00e1 entregue ao Congresso Nacional no dia 13 de agosto.<\/p>\n<p><strong>Fonte: Contraf-CUT<\/strong><\/p>\n<\/div>\n<\/div>\n","protected":false},"excerpt":{"rendered":"<p>A Confedera\u00e7\u00e3o Nacional dos Trabalhadores do Ramo Financeiro (Contraf-CUT) junto com a Central \u00danica dos Trabalhadores e demais centrais sindicais realizar\u00e3o no dia 12 de julho um Dia Nacional de Mobiliza\u00e7\u00e3o Contra a Reforma da Previd\u00eancia. Ocorrer\u00e3o atividades em todo o pa\u00eds. De acordo com as entidades sindicais, o relat\u00f3rio, do deputado Samuel Moreira (PSDB-SP) [&hellip;]<\/p>\n","protected":false},"author":2,"featured_media":7051,"comment_status":"","ping_status":"","sticky":false,"template":"","format":"standard","meta":{"footnotes":""},"categories":[3],"tags":[],"class_list":["post-7052","post","type-post","status-publish","format-standard","has-post-thumbnail","hentry","category-noticias"],"_links":{"self":[{"href":"https:\/\/hostnetart.com.br\/baixada\/wp-json\/wp\/v2\/posts\/7052","targetHints":{"allow":["GET"]}}],"collection":[{"href":"https:\/\/hostnetart.com.br\/baixada\/wp-json\/wp\/v2\/posts"}],"about":[{"href":"https:\/\/hostnetart.com.br\/baixada\/wp-json\/wp\/v2\/types\/post"}],"author":[{"embeddable":true,"href":"https:\/\/hostnetart.com.br\/baixada\/wp-json\/wp\/v2\/users\/2"}],"replies":[{"embeddable":true,"href":"https:\/\/hostnetart.com.br\/baixada\/wp-json\/wp\/v2\/comments?post=7052"}],"version-history":[{"count":0,"href":"https:\/\/hostnetart.com.br\/baixada\/wp-json\/wp\/v2\/posts\/7052\/revisions"}],"wp:featuredmedia":[{"embeddable":true,"href":"https:\/\/hostnetart.com.br\/baixada\/wp-json\/wp\/v2\/media\/7051"}],"wp:attachment":[{"href":"https:\/\/hostnetart.com.br\/baixada\/wp-json\/wp\/v2\/media?parent=7052"}],"wp:term":[{"taxonomy":"category","embeddable":true,"href":"https:\/\/hostnetart.com.br\/baixada\/wp-json\/wp\/v2\/categories?post=7052"},{"taxonomy":"post_tag","embeddable":true,"href":"https:\/\/hostnetart.com.br\/baixada\/wp-json\/wp\/v2\/tags?post=7052"}],"curies":[{"name":"wp","href":"https:\/\/api.w.org\/{rel}","templated":true}]}}