{"id":7046,"date":"2019-07-05T14:40:04","date_gmt":"2019-07-05T17:40:04","guid":{"rendered":"https:\/\/hostnetart.com.br\/baixada\/presidente-da-cut-defende-nova-estrutura-sindical-senadora-do-psl-quer-dificultar-contribuicao\/"},"modified":"2019-07-05T14:40:04","modified_gmt":"2019-07-05T17:40:04","slug":"presidente-da-cut-defende-nova-estrutura-sindical-senadora-do-psl-quer-dificultar-contribuicao","status":"publish","type":"post","link":"https:\/\/hostnetart.com.br\/baixada\/presidente-da-cut-defende-nova-estrutura-sindical-senadora-do-psl-quer-dificultar-contribuicao\/","title":{"rendered":"Presidente da CUT defende nova estrutura sindical. Senadora do PSL quer dificultar contribui\u00e7\u00e3o"},"content":{"rendered":"<p>A extin\u00e7\u00e3o da Medida Provis\u00f3ria (MP) 873 representou uma vit\u00f3ria importante, mas o movimento precisa se manter em alerta porque o governo n\u00e3o desistir\u00e1 de atacar os sindicatos, alerta o presidente da CUT, Vagner Freitas, que nesta quarta-feira (3), juntamente com Miguel Torres, l\u00edder da For\u00e7a Sindical, se reuniu com o presidente da C\u00e2mara, deputado Rodrigo Maia (DEM-RJ). Segundo o dirigente, \u00e9 preciso pensar em uma nova estrutura sindical. \u201cA CUT\u00a0sempre prop\u00f4s essa discuss\u00e3o, porque considera importante valorizar a negocia\u00e7\u00e3o coletiva, valorizar a rela\u00e7\u00e3o direta e correla\u00e7\u00e3o de for\u00e7as entre capital e trabalho, sem a presen\u00e7a do Estado\u201d, afirma, <a href=\"https:\/\/www.cut.org.br\/noticias\/para-vagner-cut-e-centrais-devem-discutir-e-propor-uma-nova-estrutura-sindical-ceb1\">informa Vanilda Oliveira, no portal da CUT<\/a>.<\/p>\n<p>\u201cA MP <a href=\"https:\/\/www.redebrasilatual.com.br\/trabalho\/2019\/05\/mp-antissindical-e-inconstitucional-e-traz-grave-intervencao-do-estado\/\" target=\"_blank\" rel=\"noopener noreferrer\">873 caducou<\/a>, por\u00e9m, outras iguais podem vir, n\u00e3o s\u00f3 para enfraquecer os sindicatos, mas para aniquilar toda estrutura sindical. Por isso, temos que construir uma proposta que modernize as rela\u00e7\u00f5es de trabalho no Brasil como a CUT sempre prop\u00f4s e isso n\u00f3s queremos fazer. \u00c9 importante para o futuro dos trabalhadores e das trabalhadoras\u201d, acrescenta Vagner. E \u201coutra igual\u201d efetivamente j\u00e1 apareceu: a senadora Soraya Thronicke (PSL-MS) apresentou o Projeto de Lei (PL) 3.814, propondo que a contribui\u00e7\u00e3o sindical, desde que autorizada, seja feita exclusive \u201cpor meio de boleto banc\u00e1rio ou equivalente eletr\u00f4nico\u201d<\/p>\n<p>Segundo ela, o projeto \u201cvisa manter no ordenamento jur\u00eddico a disciplina trazida pela Medida Provis\u00f3ria (MP) 873, de 1\u00ba de mar\u00e7o de\u00a02019, \u00e0 contribui\u00e7\u00e3o sindical, assim como \u00e0s demais contribui\u00e7\u00f5es previstas em conven\u00e7\u00e3o ou acordo coletivo de trabalho\u201d. De acordo com o Departamento Intersindical de Assessoria Parlamentar (Diap), o PL est\u00e1 na Comiss\u00e3o de Assuntos Sociais, com prazo para apresenta\u00e7\u00e3o de emendas aberto nesta quinta (4), at\u00e9 a pr\u00f3xima quarta-feira (10). Segundo o Diap, a senadora, em seu primeiro mandato, \u00e9 advogada e \u201calinhada com a bancada de seguran\u00e7a\u201d. Sua fam\u00edlia \u00e9 propriet\u00e1ria de mot\u00e9is em Mato Grosso do Sul.<\/p>\n<p>A MP 873 nem sequer foi votada. O Congresso formou uma comiss\u00e3o especial, que n\u00e3o chegou a ser instalada. Vencido o prazo de 120 dias, a medida \u201ccaducou\u201d. \u201cFoi muito importante n\u00f3s termos conseguido barrar a MP 873, que inviabilizava a organiza\u00e7\u00e3o sindical, proibindo os sindicatos, inclusive, de descontar na folha de pagamento dos associados. Conseguimos derrotar o Bolsonaro e o (ministro Paulo) Guedes nisso. Sem sindicatos n\u00e3o tem luta, sem sindicatos fortes um pa\u00eds n\u00e3o \u00e9 verdadeiramente democr\u00e1tico\u201d, diz o presidente da CUT.<\/p>\n<p>Sobre a reuni\u00e3o com Maia, o dirigente afirmou que o deputado \u00e9 favor\u00e1vel a discutir uma nova legisla\u00e7\u00e3o sindical. \u201cNesse debate n\u00f3s vamos entrar. Essa sempre foi uma proposta da CUT, a central surgiu para questionar a estrutura sindical.\u00a0N\u00f3s achamos que a estrutura de hoje n\u00e3o \u00e9 adequada, porque temos de ter sindicatos livres, representativos e constru\u00eddos pelos trabalhadores e trabalhadoras.\u201d<\/p>\n<p>Ele defende que as centrais apresentem uma proposta. Caso contr\u00e1rio, Bolsonaro e Guedes voltar\u00e3o \u00e0 ofensiva \u201cpara acabar com os direitos da negocia\u00e7\u00e3o coletiva e inviabilizar os sindicatos\u201d.<\/p>\n<p><em>Com informa\u00e7\u00f5es da CUT e do Diap<\/em><\/p>\n","protected":false},"excerpt":{"rendered":"<p>A extin\u00e7\u00e3o da Medida Provis\u00f3ria (MP) 873 representou uma vit\u00f3ria importante, mas o movimento precisa se manter em alerta porque o governo n\u00e3o desistir\u00e1 de atacar os sindicatos, alerta o presidente da CUT, Vagner Freitas, que nesta quarta-feira (3), juntamente com Miguel Torres, l\u00edder da For\u00e7a Sindical, se reuniu com o presidente da C\u00e2mara, deputado [&hellip;]<\/p>\n","protected":false},"author":2,"featured_media":7045,"comment_status":"","ping_status":"","sticky":false,"template":"","format":"standard","meta":{"footnotes":""},"categories":[3],"tags":[],"class_list":["post-7046","post","type-post","status-publish","format-standard","has-post-thumbnail","hentry","category-noticias"],"_links":{"self":[{"href":"https:\/\/hostnetart.com.br\/baixada\/wp-json\/wp\/v2\/posts\/7046","targetHints":{"allow":["GET"]}}],"collection":[{"href":"https:\/\/hostnetart.com.br\/baixada\/wp-json\/wp\/v2\/posts"}],"about":[{"href":"https:\/\/hostnetart.com.br\/baixada\/wp-json\/wp\/v2\/types\/post"}],"author":[{"embeddable":true,"href":"https:\/\/hostnetart.com.br\/baixada\/wp-json\/wp\/v2\/users\/2"}],"replies":[{"embeddable":true,"href":"https:\/\/hostnetart.com.br\/baixada\/wp-json\/wp\/v2\/comments?post=7046"}],"version-history":[{"count":0,"href":"https:\/\/hostnetart.com.br\/baixada\/wp-json\/wp\/v2\/posts\/7046\/revisions"}],"wp:featuredmedia":[{"embeddable":true,"href":"https:\/\/hostnetart.com.br\/baixada\/wp-json\/wp\/v2\/media\/7045"}],"wp:attachment":[{"href":"https:\/\/hostnetart.com.br\/baixada\/wp-json\/wp\/v2\/media?parent=7046"}],"wp:term":[{"taxonomy":"category","embeddable":true,"href":"https:\/\/hostnetart.com.br\/baixada\/wp-json\/wp\/v2\/categories?post=7046"},{"taxonomy":"post_tag","embeddable":true,"href":"https:\/\/hostnetart.com.br\/baixada\/wp-json\/wp\/v2\/tags?post=7046"}],"curies":[{"name":"wp","href":"https:\/\/api.w.org\/{rel}","templated":true}]}}