{"id":7044,"date":"2019-07-05T14:38:11","date_gmt":"2019-07-05T17:38:11","guid":{"rendered":"https:\/\/hostnetart.com.br\/baixada\/coletivo-de-advogados-vai-entrar-com-representacao-contra-moro-no-congresso-dos-eua\/"},"modified":"2019-07-05T14:38:11","modified_gmt":"2019-07-05T17:38:11","slug":"coletivo-de-advogados-vai-entrar-com-representacao-contra-moro-no-congresso-dos-eua","status":"publish","type":"post","link":"https:\/\/hostnetart.com.br\/baixada\/coletivo-de-advogados-vai-entrar-com-representacao-contra-moro-no-congresso-dos-eua\/","title":{"rendered":"Coletivo de advogados vai entrar com representa\u00e7\u00e3o contra Moro no Congresso dos EUA"},"content":{"rendered":"<p>O coletivo <a href=\"https:\/\/www.facebook.com\/advogademocracia\/\" target=\"_blank\" rel=\"noopener noreferrer\">Advogados e Advogadas pela Democracia<\/a> vai entrar com uma representa\u00e7\u00e3o no Congresso dos Estados Unidos contra o ministro da Justi\u00e7a, Sergio Moro, pela sua atua\u00e7\u00e3o com juiz na Lava Jato. Segundo o membro do coletivo Adriano Argolo, em entrevista ao jornalista Glauco Faria para o <a href=\"https:\/\/www.youtube.com\/watch?v=afA6wIHd2KI\" target=\"_blank\" rel=\"noopener noreferrer\"><em>Jornal Brasil Atual<\/em><\/a> desta segunda-feira (1\u00ba), <a href=\"https:\/\/www.redebrasilatual.com.br\/politica\/2019\/06\/governadores-do-nordeste-pedem-liberdade-de-lula-e-afastamento-de-moro-e-procuradores\/\" target=\"_blank\" rel=\"noopener noreferrer\">Moro<\/a> n\u00e3o violou apenas o sistema acusat\u00f3rio brasileiro \u2013 como reconhecem os pr\u00f3prios procuradores nas conversas reveladas pelo <em>The Intercept Brasil<\/em> \u2013 mas tamb\u00e9m envolveu institui\u00e7\u00f5es americanas, como universidades e o\u00a0Federal Bureau of Investigation (FBI), induzindo-as ao erro.<\/p>\n<p>Ele diz que as novas revela\u00e7\u00f5es sobre a atua\u00e7\u00e3o de Moro e os procuradores que explicitam a atua\u00e7\u00e3o pol\u00edtico-partid\u00e1ria da Opera\u00e7\u00e3o Lava Jato, com interfer\u00eancia inclusive nas elei\u00e7\u00f5es de 2018, ca\u00edram \u201ccomo uma bomba\u201d entre os parlamentares norte-americanos.<\/p>\n<p>Entre os membros do Minist\u00e9rio P\u00fablico Federal (MPF), existe grande insatisfa\u00e7\u00e3o com a atua\u00e7\u00e3o da Lava Jato, a ponto um dos procuradores que participaram das conversas reveladas na \u00faltima sexta-feira (28) ter confirmado ao jornal <a href=\"https:\/\/www.correiobraziliense.com.br\/app\/noticia\/politica\/2019\/06\/29\/interna_politica,766779\/procuradores-defendem-moro.shtml\" target=\"_blank\" rel=\"noopener noreferrer\"><em>Correio Braziliense<\/em><\/a> a autenticidade das mensagens, contrariando o posicionamento de Moro e de Deltan Dallagnol, que continuam questionando a veracidade do conte\u00fado revelado pelo <em>The Intercept Brasil<\/em>.<\/p>\n<p>\u201cEstamos muito pr\u00f3ximos de revelar a autenticidade dessas conversas\u201d, disse Argolo, para quem\u00a0a revela\u00e7\u00e3o de que os integrantes da Lava Jato s\u00f3 aceitaram a dela\u00e7\u00e3o do empreiteiro da OAS <a href=\"https:\/\/www.redebrasilatual.com.br\/destaques\/2019\/06\/procuradores-so-aceitaram-depoimento-de-empreiteiro-da-oas-quando-lula-foi-incriminado\/\" target=\"_blank\" rel=\"noopener noreferrer\">L\u00e9o Pinheiro<\/a> quando este aceitou incriminar o ex-presidente Luiz In\u00e1cio Lula da Silva representa a confiss\u00e3o de um crime cometido pelos procuradores. Por outro lado, tamb\u00e9m comprova a inoc\u00eancia de Lula no caso.<\/p>\n<p>Na sequ\u00eancia das primeiras divulga\u00e7\u00f5es das conversas que traziam a articula\u00e7\u00e3o indevida entre a acusa\u00e7\u00e3o e o ju\u00edzo, comprovando a parcialidade no julgamento, o coletivo Advogados e Advogadas pela Democracia apresentou ao Superior Tribunal de Justi\u00e7a (STJ) uma <a href=\"https:\/\/www.redebrasilatual.com.br\/politica\/2019\/06\/coletivo-advogados-pede-prisao-preventiva-moro-stj\/\" target=\"_blank\" rel=\"noopener noreferrer\">not\u00edcia-crime<\/a> contra Moro e os procuradores da Lava Jato. O caso est\u00e1 sob relatoria do ministro Herman Benjamin.<\/p>\n<p>\u201cO que essas pessoas cometeram foram crimes de prevarica\u00e7\u00e3o, corrup\u00e7\u00e3o, improbidade administrativa e forma\u00e7\u00e3o de quadrilha. \u00c9 sem d\u00favida o maior esc\u00e2ndalo do poder Judici\u00e1rio da hist\u00f3ria do Brasil. Internacionalmente o caso est\u00e1 tendo repercuss\u00e3o imensa. No mundo Jur\u00eddico, s\u00e3o poucas as pessoas que ainda mant\u00eam o cinismo. Esse cinismo n\u00e3o vai durar muito. Os fatos se sobrep\u00f5em ao discurso.\u201d<\/p>\n<p><strong>Fonte: Rede Brasil Atual<\/strong><\/p>\n","protected":false},"excerpt":{"rendered":"<p>O coletivo Advogados e Advogadas pela Democracia vai entrar com uma representa\u00e7\u00e3o no Congresso dos Estados Unidos contra o ministro da Justi\u00e7a, Sergio Moro, pela sua atua\u00e7\u00e3o com juiz na Lava Jato. Segundo o membro do coletivo Adriano Argolo, em entrevista ao jornalista Glauco Faria para o Jornal Brasil Atual desta segunda-feira (1\u00ba), Moro n\u00e3o [&hellip;]<\/p>\n","protected":false},"author":2,"featured_media":7043,"comment_status":"","ping_status":"","sticky":false,"template":"","format":"standard","meta":{"footnotes":""},"categories":[3],"tags":[],"class_list":["post-7044","post","type-post","status-publish","format-standard","has-post-thumbnail","hentry","category-noticias"],"_links":{"self":[{"href":"https:\/\/hostnetart.com.br\/baixada\/wp-json\/wp\/v2\/posts\/7044","targetHints":{"allow":["GET"]}}],"collection":[{"href":"https:\/\/hostnetart.com.br\/baixada\/wp-json\/wp\/v2\/posts"}],"about":[{"href":"https:\/\/hostnetart.com.br\/baixada\/wp-json\/wp\/v2\/types\/post"}],"author":[{"embeddable":true,"href":"https:\/\/hostnetart.com.br\/baixada\/wp-json\/wp\/v2\/users\/2"}],"replies":[{"embeddable":true,"href":"https:\/\/hostnetart.com.br\/baixada\/wp-json\/wp\/v2\/comments?post=7044"}],"version-history":[{"count":0,"href":"https:\/\/hostnetart.com.br\/baixada\/wp-json\/wp\/v2\/posts\/7044\/revisions"}],"wp:featuredmedia":[{"embeddable":true,"href":"https:\/\/hostnetart.com.br\/baixada\/wp-json\/wp\/v2\/media\/7043"}],"wp:attachment":[{"href":"https:\/\/hostnetart.com.br\/baixada\/wp-json\/wp\/v2\/media?parent=7044"}],"wp:term":[{"taxonomy":"category","embeddable":true,"href":"https:\/\/hostnetart.com.br\/baixada\/wp-json\/wp\/v2\/categories?post=7044"},{"taxonomy":"post_tag","embeddable":true,"href":"https:\/\/hostnetart.com.br\/baixada\/wp-json\/wp\/v2\/tags?post=7044"}],"curies":[{"name":"wp","href":"https:\/\/api.w.org\/{rel}","templated":true}]}}