{"id":7038,"date":"2019-07-04T17:24:08","date_gmt":"2019-07-04T20:24:08","guid":{"rendered":"https:\/\/hostnetart.com.br\/baixada\/texto-da-previdencia-esta-conectado-ao-desmonte-social-feito-pela-reforma-trabalhista\/"},"modified":"2019-07-04T17:24:08","modified_gmt":"2019-07-04T20:24:08","slug":"texto-da-previdencia-esta-conectado-ao-desmonte-social-feito-pela-reforma-trabalhista","status":"publish","type":"post","link":"https:\/\/hostnetart.com.br\/baixada\/texto-da-previdencia-esta-conectado-ao-desmonte-social-feito-pela-reforma-trabalhista\/","title":{"rendered":"Texto da Previd\u00eancia est\u00e1 conectado ao desmonte social feito pela \u2018reforma\u2019 trabalhista"},"content":{"rendered":"<p>A comiss\u00e3o especial que analisa a \u201creforma\u201d da Previd\u00eancia est\u00e1 reunida nesta quinta-feira (4) para dar in\u00edcio \u00e0 vota\u00e7\u00e3o do parecer do relator, deputado Samuel Moreira (PSDB-SP). Como reportado pela\u00a0<strong>RBA<\/strong>, a terceira edi\u00e7\u00e3o do relat\u00f3rio<a href=\"https:\/\/www.redebrasilatual.com.br\/politica\/2019\/07\/governo-tenta-votar-versao-piorada-da-reforma-da-previdencia-nesta-quinta-feira\/\" target=\"_blank\" rel=\"noopener noreferrer\">\u00a0trouxe uma vers\u00e3o \u201cpiorada\u201d<\/a>, considerada um risco aos direitos dos mais pobres para beneficiar os bancos privados.<\/p>\n<p>Coordenadora da Auditoria Cidad\u00e3 da D\u00edvida, Maria Lucia Fatorelli avalia que o parecer comprova que a Proposta de Emenda \u00e0 Constitui\u00e7\u00e3o (PEC) 6\/2019 est\u00e1 sendo \u201cmandada pelo sistema financeiro\u201d e\u00a0<a href=\"https:\/\/www.redebrasilatual.com.br\/destaques\/2019\/07\/reforma-previdencia-contra-aposentadoria\/\" target=\"_blank\" rel=\"noopener noreferrer\">representa um ataque brutal contra os trabalhadores<\/a>. \u201cEla vem conectada com o desmonte que a reforma trabalhista j\u00e1 tratou de fazer. Nenhuma vaga de emprego formal foi criada depois da reforma, s\u00f3 informalidade, porque ela admite coisas absurdas\u201d, afirma Fatorelli aos jornalistas Marilu Caba\u00f1as e Glauco Faria, da\u00a0<strong>R\u00e1dio Brasil Atual<\/strong>. \u201cEssa reforma n\u00e3o pode passar.\u201d<\/p>\n<p>A\u00a0<a href=\"https:\/\/draftable.com\/compare\/XIAoWcbxaVTV\" target=\"_blank\" rel=\"noopener noreferrer\">nova vers\u00e3o do texto<\/a>\u00a0preocupa os parlamentares da oposi\u00e7\u00e3o, mas tamb\u00e9m deixou at\u00f4nitos os que apoiam o governo, que levantaram d\u00favidas quanto \u00e0s mudan\u00e7as. \u201cIsso demonstra que n\u00e3o houve di\u00e1logo sequer entre a pr\u00f3pria base\u201d, avalia a coordenadora. Entre diversos pontos alterados, a manobra pol\u00edtica realizada pela noite desta quarta e madrugada desta quinta permitiu que a al\u00edquota da Contribui\u00e7\u00e3o Social sobre o Lucro L\u00edquido (CSLL), a ser aplicada aos bancos, fosse reduzida de 20% para 15%.<\/p>\n<h3><strong>Mais ataques<\/strong><\/h3>\n<p>Ainda nesta quarta (3), o Congresso aprovou duas altera\u00e7\u00f5es em lei que ir\u00e3o permitir o in\u00edcio de uma nova fase na\u00a0<a href=\"https:\/\/www.redebrasilatual.com.br\/politica\/2019\/06\/senado-aprova-mp-que-cria-novo-pente-fino-no-inss\/\" target=\"_blank\" rel=\"noopener noreferrer\">opera\u00e7\u00e3o \u201cpente-fino\u201d<\/a>\u00a0no Instituto Nacional do Seguro Social (INSS), para rever aposentadorias por invalidez e aux\u00edlio doen\u00e7a. Os peritos poder\u00e3o ter\u00e3o ainda bonifica\u00e7\u00f5es di\u00e1rias. Ao todo, foi autorizado o repasse de R$ 223,8 milh\u00f5es para efetuar esses pagamentos.<\/p>\n<p>\u201cN\u00e3o \u00e9 a\u00ed que est\u00e1 o rombo da Previd\u00eancia\u201d, critica Fatorelli em refer\u00eancia ao argumento do governo que desconsidera o pagamento com a d\u00edvida p\u00fablica. \u201cIsso que foi votado admite que sejam cortados os benef\u00edcios previamente, diante de qualquer ind\u00edcio, e at\u00e9 que se consiga marcar de novo uma per\u00edcia\u2026 Isso atinge principalmente pessoas pobres, que n\u00e3o t\u00eam acesso ao servi\u00e7o de advogado, muitas vezes n\u00e3o s\u00e3o nem sindicalizadas\u201d, contesta a coordenadora, considerando ainda a proposta como um \u201cexterm\u00ednio\u201d. \u201c\u00c9 a\u00a0inten\u00e7\u00e3o. Uma parte da popula\u00e7\u00e3o doente, que n\u00e3o consome, que ganha pouco, essas pessoas n\u00e3o interessam para o mercado. Olha o grau de desumanidade.\u201d<\/p>\n<p><strong>Fonte: Rede Brasil Atual<\/strong><\/p>\n","protected":false},"excerpt":{"rendered":"<p>A comiss\u00e3o especial que analisa a \u201creforma\u201d da Previd\u00eancia est\u00e1 reunida nesta quinta-feira (4) para dar in\u00edcio \u00e0 vota\u00e7\u00e3o do parecer do relator, deputado Samuel Moreira (PSDB-SP). Como reportado pela\u00a0RBA, a terceira edi\u00e7\u00e3o do relat\u00f3rio\u00a0trouxe uma vers\u00e3o \u201cpiorada\u201d, considerada um risco aos direitos dos mais pobres para beneficiar os bancos privados. Coordenadora da Auditoria Cidad\u00e3 [&hellip;]<\/p>\n","protected":false},"author":2,"featured_media":7037,"comment_status":"","ping_status":"","sticky":false,"template":"","format":"standard","meta":{"footnotes":""},"categories":[3],"tags":[],"class_list":["post-7038","post","type-post","status-publish","format-standard","has-post-thumbnail","hentry","category-noticias"],"_links":{"self":[{"href":"https:\/\/hostnetart.com.br\/baixada\/wp-json\/wp\/v2\/posts\/7038","targetHints":{"allow":["GET"]}}],"collection":[{"href":"https:\/\/hostnetart.com.br\/baixada\/wp-json\/wp\/v2\/posts"}],"about":[{"href":"https:\/\/hostnetart.com.br\/baixada\/wp-json\/wp\/v2\/types\/post"}],"author":[{"embeddable":true,"href":"https:\/\/hostnetart.com.br\/baixada\/wp-json\/wp\/v2\/users\/2"}],"replies":[{"embeddable":true,"href":"https:\/\/hostnetart.com.br\/baixada\/wp-json\/wp\/v2\/comments?post=7038"}],"version-history":[{"count":0,"href":"https:\/\/hostnetart.com.br\/baixada\/wp-json\/wp\/v2\/posts\/7038\/revisions"}],"wp:featuredmedia":[{"embeddable":true,"href":"https:\/\/hostnetart.com.br\/baixada\/wp-json\/wp\/v2\/media\/7037"}],"wp:attachment":[{"href":"https:\/\/hostnetart.com.br\/baixada\/wp-json\/wp\/v2\/media?parent=7038"}],"wp:term":[{"taxonomy":"category","embeddable":true,"href":"https:\/\/hostnetart.com.br\/baixada\/wp-json\/wp\/v2\/categories?post=7038"},{"taxonomy":"post_tag","embeddable":true,"href":"https:\/\/hostnetart.com.br\/baixada\/wp-json\/wp\/v2\/tags?post=7038"}],"curies":[{"name":"wp","href":"https:\/\/api.w.org\/{rel}","templated":true}]}}