{"id":7036,"date":"2019-07-04T17:02:21","date_gmt":"2019-07-04T20:02:21","guid":{"rendered":"https:\/\/hostnetart.com.br\/baixada\/papa-francisco-juizes-devem-seguir-exemplo-de-jesus-que-nunca-negocia-a-verdade\/"},"modified":"2019-07-04T17:02:21","modified_gmt":"2019-07-04T20:02:21","slug":"papa-francisco-juizes-devem-seguir-exemplo-de-jesus-que-nunca-negocia-a-verdade","status":"publish","type":"post","link":"https:\/\/hostnetart.com.br\/baixada\/papa-francisco-juizes-devem-seguir-exemplo-de-jesus-que-nunca-negocia-a-verdade\/","title":{"rendered":"Papa Francisco: Ju\u00edzes devem seguir exemplo de Jesus, que nunca negocia a verdade"},"content":{"rendered":"<p>As\u00a0<a href=\"https:\/\/www.redebrasilatual.com.br\/politica\/2019\/06\/mensagens-de-moro-colocam-em-duvida-justica\/\" target=\"_blank\" rel=\"noopener noreferrer\">viola\u00e7\u00f5es por parte de operadores do Direito<\/a>\u00a0foram alvo de cr\u00edticas do Papa Francisco. Em um v\u00eddeo divulgado pelo Vaticano mundialmente nesta quarta-feira (4), o pont\u00edfice cobrou o exerc\u00edcio da independ\u00eancia do Judici\u00e1rio para que \u201ca injusti\u00e7a que atravessa o mundo n\u00e3o tenha a \u00faltima palavra\u201d.<\/p>\n<p>Pelo\u00a0<em>Twitter<\/em>, usu\u00e1rios consideraram a mensagem de inten\u00e7\u00e3o, que integra a iniciativa da Rede Mundial de Ora\u00e7\u00e3o do Papa, um recado ao ministro da Justi\u00e7a e Seguran\u00e7a P\u00fablica, Sergio Moro, que, de acordo com conversas divulgadas pelo site jornal\u00edstico\u00a0<em>The Intercept Brasil<\/em>, teria\u00a0<a href=\"https:\/\/www.redebrasilatual.com.br\/politica\/2019\/07\/conselho-nacional-de-justica-investiga-moro\/\" target=\"_blank\" rel=\"noopener noreferrer\">rompido com o princ\u00edpio de imparcialidade como<\/a>\u00a0juiz, para atuar em conluio com procuradores da opera\u00e7\u00e3o Lava Jato, que<a href=\"https:\/\/www.redebrasilatual.com.br\/?p=366407?p=366407&amp;preview=true\" target=\"_blank\" rel=\"noopener noreferrer\">\u00a0condenou \u00e0 pris\u00e3o<\/a>\u00a0o ex-presidente Luiz In\u00e1cio Lula da Silva.<\/p>\n<p>Frente \u00e0 essa exposi\u00e7\u00e3o e ao risco do ruptura do papel do judici\u00e1rio, o pont\u00edfice ressaltou que os ju\u00edzes devem ser \u201cisentos de favoritismos e de press\u00f5es que possam contaminar as decis\u00f5es que devem tomar\u201d. De acordo com o papa, os magistrados \u201cdevem seguir o exemplo de Jesus, que nunca negocia a verdade\u201d.<\/p>\n<p><strong>Fonte: Rede Brasil Atual<\/strong><\/p>\n","protected":false},"excerpt":{"rendered":"<p>As\u00a0viola\u00e7\u00f5es por parte de operadores do Direito\u00a0foram alvo de cr\u00edticas do Papa Francisco. Em um v\u00eddeo divulgado pelo Vaticano mundialmente nesta quarta-feira (4), o pont\u00edfice cobrou o exerc\u00edcio da independ\u00eancia do Judici\u00e1rio para que \u201ca injusti\u00e7a que atravessa o mundo n\u00e3o tenha a \u00faltima palavra\u201d. Pelo\u00a0Twitter, usu\u00e1rios consideraram a mensagem de inten\u00e7\u00e3o, que integra a [&hellip;]<\/p>\n","protected":false},"author":2,"featured_media":7035,"comment_status":"","ping_status":"","sticky":false,"template":"","format":"standard","meta":{"footnotes":""},"categories":[3],"tags":[],"class_list":["post-7036","post","type-post","status-publish","format-standard","has-post-thumbnail","hentry","category-noticias"],"_links":{"self":[{"href":"https:\/\/hostnetart.com.br\/baixada\/wp-json\/wp\/v2\/posts\/7036","targetHints":{"allow":["GET"]}}],"collection":[{"href":"https:\/\/hostnetart.com.br\/baixada\/wp-json\/wp\/v2\/posts"}],"about":[{"href":"https:\/\/hostnetart.com.br\/baixada\/wp-json\/wp\/v2\/types\/post"}],"author":[{"embeddable":true,"href":"https:\/\/hostnetart.com.br\/baixada\/wp-json\/wp\/v2\/users\/2"}],"replies":[{"embeddable":true,"href":"https:\/\/hostnetart.com.br\/baixada\/wp-json\/wp\/v2\/comments?post=7036"}],"version-history":[{"count":0,"href":"https:\/\/hostnetart.com.br\/baixada\/wp-json\/wp\/v2\/posts\/7036\/revisions"}],"wp:featuredmedia":[{"embeddable":true,"href":"https:\/\/hostnetart.com.br\/baixada\/wp-json\/wp\/v2\/media\/7035"}],"wp:attachment":[{"href":"https:\/\/hostnetart.com.br\/baixada\/wp-json\/wp\/v2\/media?parent=7036"}],"wp:term":[{"taxonomy":"category","embeddable":true,"href":"https:\/\/hostnetart.com.br\/baixada\/wp-json\/wp\/v2\/categories?post=7036"},{"taxonomy":"post_tag","embeddable":true,"href":"https:\/\/hostnetart.com.br\/baixada\/wp-json\/wp\/v2\/tags?post=7036"}],"curies":[{"name":"wp","href":"https:\/\/api.w.org\/{rel}","templated":true}]}}