{"id":7022,"date":"2019-07-03T23:36:55","date_gmt":"2019-07-04T02:36:55","guid":{"rendered":"https:\/\/hostnetart.com.br\/baixada\/moro-volta-a-fugir-de-questoes-e-ataca-the-intercept\/"},"modified":"2019-07-03T23:36:55","modified_gmt":"2019-07-04T02:36:55","slug":"moro-volta-a-fugir-de-questoes-e-ataca-the-intercept","status":"publish","type":"post","link":"https:\/\/hostnetart.com.br\/baixada\/moro-volta-a-fugir-de-questoes-e-ataca-the-intercept\/","title":{"rendered":"Moro volta a fugir de quest\u00f5es e ataca The Intercept"},"content":{"rendered":"<div class=\"elementor-element elementor-element-194680ec elementor-widget elementor-widget-theme-post-content\" data-id=\"194680ec\" data-element_type=\"widget\" data-widget_type=\"theme-post-content.default\">\n<div class=\"elementor-widget-container\">\n<p>O ex-juiz e atual ministro da Justi\u00e7a e Seguran\u00e7a P\u00fablica, Sergio Moro,<a href=\"https:\/\/www.redebrasilatual.com.br\/politica\/2019\/07\/sergio-moro-depoimento-camara\/\"> prestou depoimento na ter\u00e7a-feira (2) a tr\u00eas comiss\u00f5es da C\u00e2mara: de Constitui\u00e7\u00e3o e Justi\u00e7a e de Cidadania (CCJ); de Trabalho, Administra\u00e7\u00e3o e Servi\u00e7o P\u00fablico; e de Direitos Humanos e Minorias, sobre as revela\u00e7\u00f5es do site The Intercept Brasil e sua condu\u00e7\u00e3o dos processos da Opera\u00e7\u00e3o Lava Jato<\/a>. Infelizmente, o ministro se esquivou de todas as perguntas feitas pela oposi\u00e7\u00e3o e se concentrou em atacar o The Intercept, site respons\u00e1vel pelas divulga\u00e7\u00f5es.<\/p>\n<p><a href=\"https:\/\/contrafcut.com.br\/noticias\/moro-mentiu-no-senado-e-deveria-deixar-o-cargo\/\" target=\"_blank\" rel=\"noopener noreferrer\">Assim como j\u00e1 havia feito no Senado<\/a>, Moro afirmou n\u00e3o reconhecer a autenticidade dos di\u00e1logos, mas admitiu que \u201calgumas\u201d (mensagens) podem ser dele, \u201calgumas podem ter sido adulteradas total ou parcialmente\u201d. As mensagens foram divulgadas \u201ccom sensacionalismo\u201d.<\/p>\n<h3>Imparcialidade de Moro em xeque<\/h3>\n<p>No depoimento, o ministro foi questionado sobre v\u00e1rios aspectos que, segundo os deputados, comprometem sua conduta como \u201cjuiz imparcial\u201d na condu\u00e7\u00e3o de processos da opera\u00e7\u00e3o Lava Jato, incluindo o do ex-presidente Luiz In\u00e1cio Lula da Silva. Diversos parlamentares questionaram o ex-juiz a respeito do que ele poderia apontar como realmente falso nas revela\u00e7\u00f5es do site The Intercept Brasil.<\/p>\n<p>\u201cExiste algum dos di\u00e1logos que vossa excel\u00eancia negue?\u00a0 Algo como \u2018esta frase eu n\u00e3o falei?\u2019\u201d, questionou Alessandro Molon (PSB-RJ). \u201cN\u00e3o parece que, ao aconselhar a substitui\u00e7\u00e3o (da procuradora Laura Tessler), sai do papel de juiz e passa para o lado da acusa\u00e7\u00e3o?\u201d Segundo Molon, com essa atitude Moro \u201cperde a imparcialidade e coloca em risco o papel do juiz num processo penal\u201d. \u201cVossa excel\u00eancia n\u00e3o gostaria de ser julgado por um juiz que tenha um lado.\u201d<\/p>\n<p>\u201cJamais aconselhei o Minist\u00e9rio P\u00fablico a fazer qualquer coisa\u201d, respondeu o ministro. Pela terceira vez, afirmou que juristas n\u00e3o \u201cvislumbraram qualquer ilicitude\u201d nas mensagens divulgadas e mencionou nominalmente o ex-presidente do STF Carlos Veloso.<\/p>\n<p>Durante todo o depoimento, <a href=\"https:\/\/www.redebrasilatual.com.br\/destaques\/2019\/07\/juiz-sergio-moro-hackers-mensagens-intercept\/\" target=\"_blank\" rel=\"noopener noreferrer\">Moro insistiu que as mensagens s\u00e3o fruto de hackeamento e obtidas \u201cpor meios criminosos\u201d<\/a>. Repetiu tamb\u00e9m v\u00e1rias vezes que, mesmo tendo dito frases reproduzidas nas reportagens, elas podem \u201cter sido adulteradas, inseridas palavras\u201d.<\/p>\n<p>Por exemplo, no caso da frase \u201cIn Fux we trust\u201d. Em resposta a mensagem de Dallagnol segundo a qual a for\u00e7a-tarefa poderia contar com o ministro Luiz Fux, do Supremo Tribunal Federal (STF), Moro teria respondido: \u201cIn Fux we trust\u201d (\u201cem Fux n\u00f3s confiamos\u201d, em tradu\u00e7\u00e3o livre). \u201cPosso ter dito, n\u00e3o lembro\u201d, disse Moro. \u201cSe existiu, foi uma par\u00f3dia de uma inscri\u00e7\u00e3o do d\u00f3lar norte-americano\u201d, explicou.<\/p>\n<h3>PF investiga Glenn e \u2018Intercept\u2019?<\/h3>\n<p>Conhecido pela defesa da Opera\u00e7\u00e3o Lava Jato e por atacar pol\u00edticos da esquerda brasileira, o site O Antagonista publicou nesta ter\u00e7a-feira (2) a informa\u00e7\u00e3o de que <a href=\"https:\/\/www.redebrasilatual.com.br\/politica\/2019\/07\/moro-nao-responde-se-pf-investigam-glenn-e-intercept-acao-justificaria-afastamento\/\" target=\"_blank\" rel=\"noopener noreferrer\">a Pol\u00edcia Federal pediu ao Conselho de Controle de Atividades Financeiras (Coaf) um relat\u00f3rio das atividades financeiras de Glenn Greenwald, editor do The Intercept<\/a>. Segundo o site, o objetivo seria verificar alguma movimenta\u00e7\u00e3o at\u00edpica relacionada \u00e0 \u201cinvas\u00e3o\u201d dos celulares de integrantes da Lava Jato. \u201cTrata-se de uma a\u00e7\u00e3o de intelig\u00eancia. O advogado americano s\u00f3 ser\u00e1 investigado se houver algum ind\u00edcio de que tenha encomendado o servi\u00e7o criminoso\u201d, finaliza o texto.<\/p>\n<p>O ministro Sergio Moro n\u00e3o negou. A Pol\u00edcia Federal, sob comando de Moro, teria pedido ao Conselho de Controle de Atividades Financeiras (Coaf) um relat\u00f3rio de atividades financeiras do profissional de imprensa. A Justificativa seria entender que Glenn Greenwald estaria sendo investigado dentro do contexto de a\u00e7\u00f5es de hackers, que teriam obtido o material das reportagens.<\/p>\n<p>O ato foi encarado como um atentado contra a liberdade de imprensa. \u201cEles n\u00e3o est\u00e3o nem mesmo escondendo seu abuso de poder para retaliar jornalistas\u201d, disse Glenn.<\/p>\n<p><strong>Fonte: Contraf-CUT<\/strong><\/p>\n<\/div>\n<\/div>\n","protected":false},"excerpt":{"rendered":"<p>O ex-juiz e atual ministro da Justi\u00e7a e Seguran\u00e7a P\u00fablica, Sergio Moro, prestou depoimento na ter\u00e7a-feira (2) a tr\u00eas comiss\u00f5es da C\u00e2mara: de Constitui\u00e7\u00e3o e Justi\u00e7a e de Cidadania (CCJ); de Trabalho, Administra\u00e7\u00e3o e Servi\u00e7o P\u00fablico; e de Direitos Humanos e Minorias, sobre as revela\u00e7\u00f5es do site The Intercept Brasil e sua condu\u00e7\u00e3o dos processos [&hellip;]<\/p>\n","protected":false},"author":2,"featured_media":7021,"comment_status":"","ping_status":"","sticky":false,"template":"","format":"standard","meta":{"footnotes":""},"categories":[3],"tags":[],"class_list":["post-7022","post","type-post","status-publish","format-standard","has-post-thumbnail","hentry","category-noticias"],"_links":{"self":[{"href":"https:\/\/hostnetart.com.br\/baixada\/wp-json\/wp\/v2\/posts\/7022","targetHints":{"allow":["GET"]}}],"collection":[{"href":"https:\/\/hostnetart.com.br\/baixada\/wp-json\/wp\/v2\/posts"}],"about":[{"href":"https:\/\/hostnetart.com.br\/baixada\/wp-json\/wp\/v2\/types\/post"}],"author":[{"embeddable":true,"href":"https:\/\/hostnetart.com.br\/baixada\/wp-json\/wp\/v2\/users\/2"}],"replies":[{"embeddable":true,"href":"https:\/\/hostnetart.com.br\/baixada\/wp-json\/wp\/v2\/comments?post=7022"}],"version-history":[{"count":0,"href":"https:\/\/hostnetart.com.br\/baixada\/wp-json\/wp\/v2\/posts\/7022\/revisions"}],"wp:featuredmedia":[{"embeddable":true,"href":"https:\/\/hostnetart.com.br\/baixada\/wp-json\/wp\/v2\/media\/7021"}],"wp:attachment":[{"href":"https:\/\/hostnetart.com.br\/baixada\/wp-json\/wp\/v2\/media?parent=7022"}],"wp:term":[{"taxonomy":"category","embeddable":true,"href":"https:\/\/hostnetart.com.br\/baixada\/wp-json\/wp\/v2\/categories?post=7022"},{"taxonomy":"post_tag","embeddable":true,"href":"https:\/\/hostnetart.com.br\/baixada\/wp-json\/wp\/v2\/tags?post=7022"}],"curies":[{"name":"wp","href":"https:\/\/api.w.org\/{rel}","templated":true}]}}