{"id":7020,"date":"2019-07-03T23:35:37","date_gmt":"2019-07-04T02:35:37","guid":{"rendered":"https:\/\/hostnetart.com.br\/baixada\/contraf-cut-e-veementemente-contra-a-acao-de-presidente-da-caixa\/"},"modified":"2019-07-03T23:35:37","modified_gmt":"2019-07-04T02:35:37","slug":"contraf-cut-e-veementemente-contra-a-acao-de-presidente-da-caixa","status":"publish","type":"post","link":"https:\/\/hostnetart.com.br\/baixada\/contraf-cut-e-veementemente-contra-a-acao-de-presidente-da-caixa\/","title":{"rendered":"Contraf-CUT \u00e9 veementemente contra a a\u00e7\u00e3o de presidente da Caixa"},"content":{"rendered":"<div class=\"elementor-element elementor-element-194680ec elementor-widget elementor-widget-theme-post-content\" data-id=\"194680ec\" data-element_type=\"widget\" data-widget_type=\"theme-post-content.default\">\n<div class=\"elementor-widget-container\">\n<p>A Confedera\u00e7\u00e3o Nacional dos Trabalhadores do Ramo Financeiro (Contraf-CUT) \u00e9 veementemente contra a a\u00e7\u00e3o movida pelo atual presidente da Caixa, Pedro Guimar\u00e3es, de indeniza\u00e7\u00e3o por danos morais contra Pedro Eugenio Beneduzzi Leite, de acordo com mat\u00e9ria veiculada no site Consultor Jur\u00eddico, na \u00faltima sexta-feira (28).<\/p>\n<p>Pedro Eugenio, empregado aposentado do banco \u00e9 ex-presidente da Fenae. A a\u00e7\u00e3o que tramita na Justi\u00e7a de Bras\u00edlia, em car\u00e1ter sigiloso, se utiliza da t\u00e1tica de cria\u00e7\u00e3o do inimigo interno e da criminaliza\u00e7\u00e3o da pol\u00edtica, configurando-se ainda como um atentado contra a liberdade de express\u00e3o traduzida na organiza\u00e7\u00e3o aut\u00f4noma dos trabalhadores do banco.<\/p>\n<p>A a\u00e7\u00e3o do presidente da Caixa contra Pedro Eugenio \u00e9 mais uma na estrat\u00e9gia de enfraquecimento da institui\u00e7\u00e3o. \u201cCome\u00e7a-se com a censura a um empregado, o lado mais fr\u00e1gil, para depois atacar a sociedade civil organizada e suas entidades representativas. O movimento nacional dos empregados precisa unir-se para defender o banco, resistindo aos retrocessos perpetrados por gestores de plant\u00e3o\u201d, declarou S\u00e9rgio Takemoto, secret\u00e1rio de Finan\u00e7as da Contraf-CUT e empregado da Caixa.<\/p>\n<p>\u201cRecebemos informa\u00e7\u00f5es de que a orienta\u00e7\u00e3o do governo \u00e9 de tamb\u00e9m fazer uso de a\u00e7\u00f5es judiciais para tentar intimidar e censurar aqueles que v\u00eam atuando em defesa da empresa. Mesmo diante dessas amea\u00e7as, n\u00e3o vamos nos calar\u201d, ressaltou Fabiana Uehara, secret\u00e1ria de Cultura da Caixa e representante da Confedera\u00e7\u00e3o nas negocia\u00e7\u00f5es com o banco.<\/p>\n<p>A <a href=\"https:\/\/www.fenae.org.br\/portal\/fenae-portal\/noticias\/por-uma-caixa-publica-social-e-forte-a-fenae-se-solidariza-com-pedro-eugenio.htm\" target=\"_blank\" rel=\"noopener noreferrer\">Fenae tamb\u00e9m emitiu uma nota<\/a> na qual se coloca \u201cao lado dos trabalhadores na constru\u00e7\u00e3o de uma empresa onde haja condi\u00e7\u00f5es dignas de trabalho e onde sejam criadas as situa\u00e7\u00f5es adequadas para que a Caixa cumpra a meta de ser o principal pilar das pol\u00edticas p\u00fablicas implantadas no pa\u00eds. A cr\u00edtica p\u00fablica \u00e9 necess\u00e1ria sempre que um gestor, qualquer que seja, demonstrar descaso pelas diretrizes inerentes da Caixa. Sempre nos posicionamos diante de v\u00e1rias amea\u00e7as \u00e0 fun\u00e7\u00e3o republicana da Caixa e jamais nos silenciaremos diante de tentativas sistem\u00e1ticas de desmoralizar a institui\u00e7\u00e3o e seus trabalhadores.\u201d<\/p>\n<p><strong>Fonte: Contraf-CUT<\/strong><\/p>\n<\/div>\n<\/div>\n","protected":false},"excerpt":{"rendered":"<p>A Confedera\u00e7\u00e3o Nacional dos Trabalhadores do Ramo Financeiro (Contraf-CUT) \u00e9 veementemente contra a a\u00e7\u00e3o movida pelo atual presidente da Caixa, Pedro Guimar\u00e3es, de indeniza\u00e7\u00e3o por danos morais contra Pedro Eugenio Beneduzzi Leite, de acordo com mat\u00e9ria veiculada no site Consultor Jur\u00eddico, na \u00faltima sexta-feira (28). Pedro Eugenio, empregado aposentado do banco \u00e9 ex-presidente da Fenae. [&hellip;]<\/p>\n","protected":false},"author":2,"featured_media":7019,"comment_status":"","ping_status":"","sticky":false,"template":"","format":"standard","meta":{"footnotes":""},"categories":[3],"tags":[],"class_list":["post-7020","post","type-post","status-publish","format-standard","has-post-thumbnail","hentry","category-noticias"],"_links":{"self":[{"href":"https:\/\/hostnetart.com.br\/baixada\/wp-json\/wp\/v2\/posts\/7020","targetHints":{"allow":["GET"]}}],"collection":[{"href":"https:\/\/hostnetart.com.br\/baixada\/wp-json\/wp\/v2\/posts"}],"about":[{"href":"https:\/\/hostnetart.com.br\/baixada\/wp-json\/wp\/v2\/types\/post"}],"author":[{"embeddable":true,"href":"https:\/\/hostnetart.com.br\/baixada\/wp-json\/wp\/v2\/users\/2"}],"replies":[{"embeddable":true,"href":"https:\/\/hostnetart.com.br\/baixada\/wp-json\/wp\/v2\/comments?post=7020"}],"version-history":[{"count":0,"href":"https:\/\/hostnetart.com.br\/baixada\/wp-json\/wp\/v2\/posts\/7020\/revisions"}],"wp:featuredmedia":[{"embeddable":true,"href":"https:\/\/hostnetart.com.br\/baixada\/wp-json\/wp\/v2\/media\/7019"}],"wp:attachment":[{"href":"https:\/\/hostnetart.com.br\/baixada\/wp-json\/wp\/v2\/media?parent=7020"}],"wp:term":[{"taxonomy":"category","embeddable":true,"href":"https:\/\/hostnetart.com.br\/baixada\/wp-json\/wp\/v2\/categories?post=7020"},{"taxonomy":"post_tag","embeddable":true,"href":"https:\/\/hostnetart.com.br\/baixada\/wp-json\/wp\/v2\/tags?post=7020"}],"curies":[{"name":"wp","href":"https:\/\/api.w.org\/{rel}","templated":true}]}}