{"id":7016,"date":"2019-07-02T16:32:16","date_gmt":"2019-07-02T19:32:16","guid":{"rendered":"https:\/\/hostnetart.com.br\/baixada\/lava-jato-ampliou-a-crise-economica-e-o-desemprego-ao-paralisar-a-construcao-civil\/"},"modified":"2019-07-02T16:32:16","modified_gmt":"2019-07-02T19:32:16","slug":"lava-jato-ampliou-a-crise-economica-e-o-desemprego-ao-paralisar-a-construcao-civil","status":"publish","type":"post","link":"https:\/\/hostnetart.com.br\/baixada\/lava-jato-ampliou-a-crise-economica-e-o-desemprego-ao-paralisar-a-construcao-civil\/","title":{"rendered":"Lava Jato ampliou a crise econ\u00f4mica e o desemprego, ao paralisar a constru\u00e7\u00e3o civil"},"content":{"rendered":"<p>Quando a Opera\u00e7\u00e3o Lava Jato come\u00e7ou, em mar\u00e7o de 2014, o Brasil ainda passava ao largo dos efeitos da crise internacional, iniciada seis anos antes, nos Estados Unidos, com a quebra dos bancos Lehman Brothers. No final daquele ano, o pa\u00eds registrava o\u00a0<a href=\"https:\/\/www.redebrasilatual.com.br\/economia\/2015\/01\/desemprego-medido-pelo-ibge-fecha-2014-com-menor-taxa-da-serie-2740\/\" target=\"_blank\" rel=\"noopener noreferrer\">mais baixo \u00edndice<\/a>\u00a0de desemprego da sua hist\u00f3ria, de 4,3% em dezembro de 2014, segundo o IBGE. Menos de dois anos e meio depois, em abril de 2017, o n\u00famero de desempregados chegava a 14,2 milh\u00f5es de pessoas, um recorde, e vem se mantendo em patamares elevados.<\/p>\n<p>Entre 2015 e 2016, a queda acumulada do PIB\u00a0 foi de 6,9%, com lenta recupera\u00e7\u00e3o posterior.\u00a0Segundo as consultorias Tend\u00eancia e GO Associados, a Lava Jato teria contribu\u00eddo negativamente entre 2 e 2,5 pontos percentuais ao ano nas\u00a0quedas de 3,8% e 3,6% nesses dois anos, respectivamente.<\/p>\n<p>Dados divulgados pelo jornal\u00a0<a href=\"https:\/\/www.valor.com.br\/empresas\/6326143\/construtoras-encolhem-85-em-3-anos\" target=\"_blank\" rel=\"noopener noreferrer\"><em>Valor Econ\u00f4mico<\/em><\/a>\u00a0nesta segunda-feira (1\u00ba) indicam que as principais empreiteiras do pa\u00eds envolvidas na investiga\u00e7\u00e3o liderada pelos procuradores de Curitiba e pelo ent\u00e3o juiz S\u00e9rgio Moro perderam 85% da receita\u00a0 l\u00edquida \u2013 passando de\u00a0 71 bilh\u00f5es para R$ 10,6 bilh\u00f5es \u2013 entre 2016 e 2018.\u00a0Segundo o Sindicato Nacional da Ind\u00fastria de Constru\u00e7\u00e3o Pesada e Infraestrutura (Sinicon), o setor registrou perdas de 1 milh\u00e3o de vagas de emprego entre 2014 e 2018. No conjunto da economia, a perda de postos formais chegou a 2,6 milh\u00f5es no mesmo per\u00edodo.<\/p>\n<p>Segundo o economista Andr\u00e9 Calixtre, integrante da Associa\u00e7\u00e3o Brasileira de Economistas pela Democracia (<a href=\"https:\/\/www.redebrasilatual.com.br\/destaques\/2019\/05\/economistas-pela-democracia-e-preciso-enfrentar-o-pensamento-unico-da-midia\/\" target=\"_blank\" rel=\"noopener noreferrer\">Abed<\/a>), se a Lava Jato n\u00e3o pode ser culpada pela crise que atingiu o pa\u00eds, como um todo, \u00e9 ineg\u00e1vel o seu impacto negativo, principalmente no setor da constru\u00e7\u00e3o civil.<\/p>\n<p>\u201cO\u00a0que se pode dizer \u00e9 que, quando a crise estava come\u00e7ando, esse setor teve peso importante na forma\u00e7\u00e3o de expectativas negativas sobre a economia e na desorganiza\u00e7\u00e3o de cadeias estrat\u00e9gicas.\u00a0Estamos falando da constru\u00e7\u00e3o de pontes, rodovias, portos, pr\u00e9dios, casas. Com uma investiga\u00e7\u00e3o que bloqueou os neg\u00f3cios, sem alternativa para garantir o funcionamento das empresas, a consequ\u00eancia foi o aprofundamento de uma crise que era iminente\u201d, diz Calixtre.<\/p>\n<h3>Onda<\/h3>\n<p>\u201c\u00c9 muito dif\u00edcil cravar o total do impacto negativo da Lava Jato na economia\u201d, diz o economista, \u201cMas com toda a certeza, foi muito superior ao valor recuperado.\u201d A opera\u00e7\u00e3o diz ter recuperado R$ 2,6 bilh\u00f5es nos acordos de dela\u00e7\u00e3o firmados com empreiteiros. J\u00e1 os acordos de leni\u00eancia somaram outros R$ 10,8 bilh\u00f5es devolvidos aos cofres da Uni\u00e3o. Contudo, o primeiro desses acordos foi firmado apenas em 2018.<\/p>\n<p>Segundo Calixtre, a demora em reabilitar as empresas envolvidas nos casos de corrup\u00e7\u00e3o fez com que a crise do desemprego se \u201cespraiasse\u201d do setor da constru\u00e7\u00e3o civil para o restante da economia. As demiss\u00f5es em massa das grandes construtoras acabaram impactando na demanda interna, levando a onda de desemprego para o setor de servi\u00e7os, por exemplo, o que mais emprega em todo o pa\u00eds. Outro preju\u00edzo, segundo ele, \u00e9 que a desorganiza\u00e7\u00e3o do setor da constru\u00e7\u00e3o tamb\u00e9m dificulta estrat\u00e9gias de retomada do crescimento.<\/p>\n<p>\u201cTem que ter um grande programa de\u00a0<a href=\"https:\/\/www.redebrasilatual.com.br\/economia\/2018\/06\/sem-investimentos-em-infraestrutura-brasil-voltou-a-idade-da-pedra\/\" target=\"_blank\" rel=\"noopener noreferrer\">investimentos em infraestrutura<\/a>. Para isso, \u00e9 necess\u00e1ria a articula\u00e7\u00e3o entre o investimento p\u00fablico e privado. \u00c9 o investimento p\u00fablico que puxa, mas n\u00e3o adianta nada fazer esse gasto se n\u00e3o tem a empresa de engenharia para tocar essas obras de grande envergadura\u201d. Al\u00e9m disso, sem grandes empreiteiras, a inser\u00e7\u00e3o do Brasil no cen\u00e1rio econ\u00f4mico internacional tamb\u00e9m \u00e9 prejudicada. \u201cAcaba enfraquecendo tamb\u00e9m a capacidade do Brasil de se colocar no resto do mundo. Hoje n\u00e3o \u00e9 s\u00f3 com diplomacia que se faz a inser\u00e7\u00e3o internacional\u201d, afirma o economista da Abed.<\/p>\n<p><strong>Fonte: Rede Brasil Atual<\/strong><\/p>\n","protected":false},"excerpt":{"rendered":"<p>Quando a Opera\u00e7\u00e3o Lava Jato come\u00e7ou, em mar\u00e7o de 2014, o Brasil ainda passava ao largo dos efeitos da crise internacional, iniciada seis anos antes, nos Estados Unidos, com a quebra dos bancos Lehman Brothers. No final daquele ano, o pa\u00eds registrava o\u00a0mais baixo \u00edndice\u00a0de desemprego da sua hist\u00f3ria, de 4,3% em dezembro de 2014, [&hellip;]<\/p>\n","protected":false},"author":2,"featured_media":7015,"comment_status":"","ping_status":"","sticky":false,"template":"","format":"standard","meta":{"footnotes":""},"categories":[3],"tags":[],"class_list":["post-7016","post","type-post","status-publish","format-standard","has-post-thumbnail","hentry","category-noticias"],"_links":{"self":[{"href":"https:\/\/hostnetart.com.br\/baixada\/wp-json\/wp\/v2\/posts\/7016","targetHints":{"allow":["GET"]}}],"collection":[{"href":"https:\/\/hostnetart.com.br\/baixada\/wp-json\/wp\/v2\/posts"}],"about":[{"href":"https:\/\/hostnetart.com.br\/baixada\/wp-json\/wp\/v2\/types\/post"}],"author":[{"embeddable":true,"href":"https:\/\/hostnetart.com.br\/baixada\/wp-json\/wp\/v2\/users\/2"}],"replies":[{"embeddable":true,"href":"https:\/\/hostnetart.com.br\/baixada\/wp-json\/wp\/v2\/comments?post=7016"}],"version-history":[{"count":0,"href":"https:\/\/hostnetart.com.br\/baixada\/wp-json\/wp\/v2\/posts\/7016\/revisions"}],"wp:featuredmedia":[{"embeddable":true,"href":"https:\/\/hostnetart.com.br\/baixada\/wp-json\/wp\/v2\/media\/7015"}],"wp:attachment":[{"href":"https:\/\/hostnetart.com.br\/baixada\/wp-json\/wp\/v2\/media?parent=7016"}],"wp:term":[{"taxonomy":"category","embeddable":true,"href":"https:\/\/hostnetart.com.br\/baixada\/wp-json\/wp\/v2\/categories?post=7016"},{"taxonomy":"post_tag","embeddable":true,"href":"https:\/\/hostnetart.com.br\/baixada\/wp-json\/wp\/v2\/tags?post=7016"}],"curies":[{"name":"wp","href":"https:\/\/api.w.org\/{rel}","templated":true}]}}