{"id":7014,"date":"2019-07-02T16:30:43","date_gmt":"2019-07-02T19:30:43","guid":{"rendered":"https:\/\/hostnetart.com.br\/baixada\/contraf-cut-cobra-o-fim-dos-abusos-da-caixa-no-processo-de-reestruturacao\/"},"modified":"2019-07-02T16:30:43","modified_gmt":"2019-07-02T19:30:43","slug":"contraf-cut-cobra-o-fim-dos-abusos-da-caixa-no-processo-de-reestruturacao","status":"publish","type":"post","link":"https:\/\/hostnetart.com.br\/baixada\/contraf-cut-cobra-o-fim-dos-abusos-da-caixa-no-processo-de-reestruturacao\/","title":{"rendered":"Contraf-CUT cobra o fim dos abusos da Caixa no processo de reestrutura\u00e7\u00e3o"},"content":{"rendered":"<p>A Confedera\u00e7\u00e3o Nacional dos Trabalhadores do Ramo Financeiro (Contraf-CUT) cobrou da Caixa, na \u00faltima sexta-feira (28), a suspens\u00e3o da reestrutura\u00e7\u00e3o promovida pelo banco que afeta mais de mil banc\u00e1rios de \u00e1reas meio em todo o pa\u00eds. A medida foi tomada unilateralmente, sem negocia\u00e7\u00e3o com o movimento sindical, o que fere cl\u00e1usula do Acordo Coletivo de Trabalho.<\/p>\n<p>A Caixa alega que n\u00e3o est\u00e1 descumprindo o ACT, porque n\u00e3o considera uma reestrutura\u00e7\u00e3o. \u201cNa verdade, n\u00e3o \u00e9 uma reestrutura\u00e7\u00e3o. \u00c9 pior. \u00c9 uma desestrutura\u00e7\u00e3o do banco p\u00fablico, pois a dire\u00e7\u00e3o est\u00e1 esvaziando \u00e1reas estrat\u00e9gicas que envolvem conhecimento, e n\u00e3o est\u00e1 suprindo a falta de empregados das ag\u00eancias\u201d, afirma Dion\u00edsio Reis, coordenador da Comiss\u00e3o Executiva dos Empregados (CEE\/Caixa).<\/p>\n<p>Os representantes dos empregados propuseram que antes de promover um processo arbitr\u00e1rio de reestrutura\u00e7\u00e3o, a Caixa abra a possibilidade de os trabalhadores, de forma volunt\u00e1ria, se transferirem para as ag\u00eancias. A Caixa respondeu que tomar\u00e1 essa medida em uma eventual nova reestrutura\u00e7\u00e3o.<\/p>\n<p>A Caixa n\u00e3o se disp\u00f4s a resolver de forma geral os problemas e nem a suspender a reestrutura\u00e7\u00e3o, e se disp\u00f4s a ver de forma pontual os descomissionamentos. Por isso, a confedera\u00e7\u00e3o orienta os empregados da Caixa de todo o Brasil a procurarem seus sindicatos para denunciar poss\u00edveis abusos durante o processo de desestrutura\u00e7\u00e3o do banco.<\/p>\n<h3>Desrespeito continua<\/h3>\n<p>O desrespeito da Caixa com os empregados ficou ainda mais claro nesta segunda-feira (1). O banco n\u00e3o enviou nenhum representante para a media\u00e7\u00e3o com o Minist\u00e9rio P\u00fablico do Trabalho que busca a suspen\u00e7\u00e3o da reestrutura\u00e7\u00e3o.<\/p>\n<p>\u201cEstamos trabalhando em todas as frentes poss\u00edveis para minimizar todo esse ataque feito contra a pr\u00f3pria Caixa, na sua desestrutura\u00e7\u00e3o, e contra os empregados. Buscamos o MPT na tentativa de avan\u00e7armos nas negocia\u00e7\u00f5es e solucionarmos os problemas. Queremos transpar\u00eancia e respeito com os empregados, s\u00e3o vidas sendo alteradas de forma dr\u00e1stica e com preju\u00edzos emocionais e at\u00e9 financeiros. E a Caixa, ao inv\u00e9s de comparecer \u00e0 audi\u00eancia, pede para ser adiada\u201d, declarou Fabiana Uehara Proshcholdt, secret\u00e1ria de Cultura da Contraf-CUT e representante da Confedera\u00e7\u00e3o nas negocia\u00e7\u00f5es com o banco.<\/p>\n<p>Uma nova audi\u00eancia foi marcada para o dia 8 de julho.<\/p>\n<p><strong>Fonte: Contraf-CUT<\/strong><\/p>\n","protected":false},"excerpt":{"rendered":"<p>A Confedera\u00e7\u00e3o Nacional dos Trabalhadores do Ramo Financeiro (Contraf-CUT) cobrou da Caixa, na \u00faltima sexta-feira (28), a suspens\u00e3o da reestrutura\u00e7\u00e3o promovida pelo banco que afeta mais de mil banc\u00e1rios de \u00e1reas meio em todo o pa\u00eds. A medida foi tomada unilateralmente, sem negocia\u00e7\u00e3o com o movimento sindical, o que fere cl\u00e1usula do Acordo Coletivo de [&hellip;]<\/p>\n","protected":false},"author":2,"featured_media":7013,"comment_status":"","ping_status":"","sticky":false,"template":"","format":"standard","meta":{"footnotes":""},"categories":[3],"tags":[],"class_list":["post-7014","post","type-post","status-publish","format-standard","has-post-thumbnail","hentry","category-noticias"],"_links":{"self":[{"href":"https:\/\/hostnetart.com.br\/baixada\/wp-json\/wp\/v2\/posts\/7014","targetHints":{"allow":["GET"]}}],"collection":[{"href":"https:\/\/hostnetart.com.br\/baixada\/wp-json\/wp\/v2\/posts"}],"about":[{"href":"https:\/\/hostnetart.com.br\/baixada\/wp-json\/wp\/v2\/types\/post"}],"author":[{"embeddable":true,"href":"https:\/\/hostnetart.com.br\/baixada\/wp-json\/wp\/v2\/users\/2"}],"replies":[{"embeddable":true,"href":"https:\/\/hostnetart.com.br\/baixada\/wp-json\/wp\/v2\/comments?post=7014"}],"version-history":[{"count":0,"href":"https:\/\/hostnetart.com.br\/baixada\/wp-json\/wp\/v2\/posts\/7014\/revisions"}],"wp:featuredmedia":[{"embeddable":true,"href":"https:\/\/hostnetart.com.br\/baixada\/wp-json\/wp\/v2\/media\/7013"}],"wp:attachment":[{"href":"https:\/\/hostnetart.com.br\/baixada\/wp-json\/wp\/v2\/media?parent=7014"}],"wp:term":[{"taxonomy":"category","embeddable":true,"href":"https:\/\/hostnetart.com.br\/baixada\/wp-json\/wp\/v2\/categories?post=7014"},{"taxonomy":"post_tag","embeddable":true,"href":"https:\/\/hostnetart.com.br\/baixada\/wp-json\/wp\/v2\/tags?post=7014"}],"curies":[{"name":"wp","href":"https:\/\/api.w.org\/{rel}","templated":true}]}}