{"id":7012,"date":"2019-07-02T15:42:36","date_gmt":"2019-07-02T18:42:36","guid":{"rendered":"https:\/\/hostnetart.com.br\/baixada\/se-nada-mudar-em-quatro-a-oito-anos-destruicao-da-floresta-amazonica-sera-irreversivel\/"},"modified":"2019-07-02T15:42:36","modified_gmt":"2019-07-02T18:42:36","slug":"se-nada-mudar-em-quatro-a-oito-anos-destruicao-da-floresta-amazonica-sera-irreversivel","status":"publish","type":"post","link":"https:\/\/hostnetart.com.br\/baixada\/se-nada-mudar-em-quatro-a-oito-anos-destruicao-da-floresta-amazonica-sera-irreversivel\/","title":{"rendered":"Se nada mudar em quatro a oito anos, destrui\u00e7\u00e3o da Floresta Amaz\u00f4nica ser\u00e1 irrevers\u00edvel"},"content":{"rendered":"<p>A press\u00e3o sobre o presidente\u00a0<a href=\"https:\/\/www.redebrasilatual.com.br\/destaques\/2019\/06\/bolsonaro-lidera-ranking-fracasso\/\">Jair Bolsonaro durante o G20<\/a>, o encontro das 19 maiores economias do mundo mais a Uni\u00e3o Europeia, n\u00e3o foi \u00e0 toa. De acordo como o cientista Paulo Artaxo, doutor em f\u00edsica atmosf\u00e9rica pela Universidade de S\u00e3o Paulo (USP) e estudioso da Amaz\u00f4nia desde 1984, a\u00a0<a href=\"https:\/\/www.redebrasilatual.com.br\/ambiente\/2019\/06\/governo-quer-vender-278-milhoes-de-hectares-na-amazonia-com-prejuizo-de-r-118-bilhoes\/\">destrui\u00e7\u00e3o da maior floresta do planeta<\/a>pode ser tornar irrevers\u00edvel em quatro a oito anos.<\/p>\n<p>Isso porque\u00a0<a href=\"https:\/\/www.redebrasilatual.com.br\/ambiente\/2018\/11\/desmatamento-na-amazonia-esta-proximo-de-atingir-estagio-irreversivel\/\">desmatada<\/a>\u00a0uma \u00e1rea de 40% da floresta original, o restante n\u00e3o consegue sustentar o ecossistema de uma floresta tropical chuvosa. A Amaz\u00f4nia j\u00e1 perdeu at\u00e9 agora cerca de 20% da cobertura original.<\/p>\n<p>Artaxo critica a forma como o governo de Jair Bolsonaro e seu\u00a0<a href=\"https:\/\/www.redebrasilatual.com.br\/ambiente\/2019\/04\/especialistas-em-meio-ambiente-criticam-gestao-do-ministro-ricardo-salles\/\">ministro do Meio Ambiente Ricardo Salles<\/a>\u00a0atuam nessa \u00e1rea. \u201cA\u00ed entra, por exemplo, o desmonte do Conama (<em>Conselho Nacional do Meio Ambiente, criado em 1981<\/em>), da estrutura de monitoramento e acompanhamento das mudan\u00e7as clim\u00e1ticas globais, que antes era dividido entre Minist\u00e9rio da Ci\u00eancia e Tecnologia, Minist\u00e9rio do Meio Ambiente e Itamaraty. Se voc\u00ea vai hoje nesses tr\u00eas \u00f3rg\u00e3os e pergunta quem cuida da quest\u00e3o clim\u00e1tica no pa\u00eds, voc\u00ea tem dificuldade de encontrar um interlocutor. Toda a divis\u00e3o de clima do MCTI foi severamente reduzida. \u00c9 um desmonte que, para se refazer toda essa estrutura nos pr\u00f3ximos governos, pode demorar de 10 a 20 anos, realisticamente\u201d, afirma o cientista em entrevista \u00e0\u00a0<em>BBC News<\/em>.<\/p>\n<h3><strong>Vontade pol\u00edtica<\/strong><\/h3>\n<p>O cientista explica que reduzir o desmatamento \u00e9 uma quest\u00e3o absolutamente crucial para a estabilidade do clima do planeta \u2013 assim como reduzir as emiss\u00f5es de combust\u00edveis f\u00f3sseis dos pa\u00edses desenvolvidos.<\/p>\n<p>E avalia que essa\u00a0<a href=\"https:\/\/www.redebrasilatual.com.br\/politica\/2019\/06\/g20-bolsonaro-japao-criticas-heleno\/\">press\u00e3o vinda de outros pa\u00edses<\/a>\u00a0ser\u00e1 um dos principais instrumentos para frear o atual processo de destrui\u00e7\u00e3o. Pra ele, temas econ\u00f4micos serem utilizados como moeda de troca, como no caso do acordo entre Mercosul e Uni\u00e3o Europeia, pode ser uma estrat\u00e9gia eficiente para barrar o desmonte do setor de prote\u00e7\u00e3o ambiental no Brasil.<\/p>\n<p>\u201cN\u00e3o s\u00e3o problemas futuros \u2013 \u00e9 no presente. A quest\u00e3o de agrot\u00f3xicos. Vamos ter algum problema no futuro? N\u00e3o, estamos tendo no presente. S\u00e3o quase 250 novos agrot\u00f3xicos, inclusive que s\u00e3o proibidos em outros pa\u00edses, aprovados nesses seis meses. N\u00e3o \u00e9 no futuro, \u00e9 preju\u00edzo para a popula\u00e7\u00e3o hoje, j\u00e1 est\u00e1 ocorrendo\u201d, avalia Artaxo.<\/p>\n<p>\u201cO Brasil, se quiser zerar o desmatamento, pode fazer isso rapidamente. N\u00e3o falta nenhuma tecnologia para isso, basta vontade pol\u00edtica. (Entre 2004 e 2012) n\u00f3s conseguimos reduzir o desmatamento de 24 mil km\u00b2 por ano para 4 mil km\u00b2. Esses 4 mil km\u00b2 em 2012\/2013 est\u00e3o hoje em 8 mil km\u00b2 e, em 2019, pode ser um n\u00famero pr\u00f3ximo de 10 mil km\u00b2 de floresta desmatada.\u201d<\/p>\n<p><strong><a href=\"https:\/\/www.bbc.com\/portuguese\/brasil-48805675\">Leia a entrevista completa na\u00a0<em>BBC News<\/em>.<\/a><\/strong><\/p>\n","protected":false},"excerpt":{"rendered":"<p>A press\u00e3o sobre o presidente\u00a0Jair Bolsonaro durante o G20, o encontro das 19 maiores economias do mundo mais a Uni\u00e3o Europeia, n\u00e3o foi \u00e0 toa. De acordo como o cientista Paulo Artaxo, doutor em f\u00edsica atmosf\u00e9rica pela Universidade de S\u00e3o Paulo (USP) e estudioso da Amaz\u00f4nia desde 1984, a\u00a0destrui\u00e7\u00e3o da maior floresta do planetapode ser [&hellip;]<\/p>\n","protected":false},"author":2,"featured_media":7011,"comment_status":"","ping_status":"","sticky":false,"template":"","format":"standard","meta":{"footnotes":""},"categories":[3],"tags":[],"class_list":["post-7012","post","type-post","status-publish","format-standard","has-post-thumbnail","hentry","category-noticias"],"_links":{"self":[{"href":"https:\/\/hostnetart.com.br\/baixada\/wp-json\/wp\/v2\/posts\/7012","targetHints":{"allow":["GET"]}}],"collection":[{"href":"https:\/\/hostnetart.com.br\/baixada\/wp-json\/wp\/v2\/posts"}],"about":[{"href":"https:\/\/hostnetart.com.br\/baixada\/wp-json\/wp\/v2\/types\/post"}],"author":[{"embeddable":true,"href":"https:\/\/hostnetart.com.br\/baixada\/wp-json\/wp\/v2\/users\/2"}],"replies":[{"embeddable":true,"href":"https:\/\/hostnetart.com.br\/baixada\/wp-json\/wp\/v2\/comments?post=7012"}],"version-history":[{"count":0,"href":"https:\/\/hostnetart.com.br\/baixada\/wp-json\/wp\/v2\/posts\/7012\/revisions"}],"wp:featuredmedia":[{"embeddable":true,"href":"https:\/\/hostnetart.com.br\/baixada\/wp-json\/wp\/v2\/media\/7011"}],"wp:attachment":[{"href":"https:\/\/hostnetart.com.br\/baixada\/wp-json\/wp\/v2\/media?parent=7012"}],"wp:term":[{"taxonomy":"category","embeddable":true,"href":"https:\/\/hostnetart.com.br\/baixada\/wp-json\/wp\/v2\/categories?post=7012"},{"taxonomy":"post_tag","embeddable":true,"href":"https:\/\/hostnetart.com.br\/baixada\/wp-json\/wp\/v2\/tags?post=7012"}],"curies":[{"name":"wp","href":"https:\/\/api.w.org\/{rel}","templated":true}]}}