{"id":7010,"date":"2019-07-02T14:21:10","date_gmt":"2019-07-02T17:21:10","guid":{"rendered":"https:\/\/hostnetart.com.br\/baixada\/relatorio-da-reforma-da-previdencia-ainda-ataca-direito-a-aposentadoria\/"},"modified":"2019-07-02T14:21:10","modified_gmt":"2019-07-02T17:21:10","slug":"relatorio-da-reforma-da-previdencia-ainda-ataca-direito-a-aposentadoria","status":"publish","type":"post","link":"https:\/\/hostnetart.com.br\/baixada\/relatorio-da-reforma-da-previdencia-ainda-ataca-direito-a-aposentadoria\/","title":{"rendered":"Relat\u00f3rio da \u2018reforma\u2019 da Previd\u00eancia ainda ataca direito a aposentadoria"},"content":{"rendered":"<p>O novo parecer da \u201creforma\u201d da Previd\u00eancia deve ser lido nesta ter\u00e7a-feira (2) na Comiss\u00e3o Especial. De acordo com a\u00a0<a href=\"https:\/\/www2.camara.leg.br\/camaranoticias\/radio\/materias\/RADIOAGENCIA\/579168-SEMANA-NA-CAMARA-COMECA-COM-A-EXPECTATIVA-DE-VOTACAO-DA-REFORMA-DA-PREVIDENCIA.html\" target=\"_blank\" rel=\"noopener noreferrer\">R\u00e1dio C\u00e2mara<\/a>, o relator, deputado Samuel Moreira (PSDB-SP) dever\u00e1 apresentar o texto para que, na quarta-feira (3), o colegiado comece a votar as novas regras de acesso dos brasileiros \u00e0 aposentadoria. Desde que chegou \u00e0 Casa Legislativa j\u00e1 houve algumas mudan\u00e7as na proposta original apresentada pelo presidente Jair Bolsonaro e sua equipe econ\u00f4mica, entre elas, a\u00a0<a href=\"https:\/\/www.redebrasilatual.com.br\/economia\/2019\/06\/reforma-previdencia-capitalizacao\/\" target=\"_blank\" rel=\"noopener noreferrer\">retirada do regime de capitaliza\u00e7\u00e3o\u00a0<\/a>e as mudan\u00e7as na aposentadoria rural e no\u00a0<a href=\"https:\/\/www.redebrasilatual.com.br\/destaques\/2019\/06\/relator-exclui-capitalizacao-e-bpc-da-reforma-da-previdencia\/\" target=\"_blank\" rel=\"noopener noreferrer\">Benef\u00edcio de Presta\u00e7\u00e3o Continuada (BPC\/Loas)<\/a>.<\/p>\n<p>Mas o texto ainda mant\u00e9m em sua ess\u00eancia a reforma a partir do regime geral da previd\u00eancia,\u00a0<a href=\"https:\/\/www.redebrasilatual.com.br\/trabalho\/2019\/06\/reforma-previdencia-centrais-e-dieese-reduzir-danos\/\" target=\"_blank\" rel=\"noopener noreferrer\">retirando direitos dos trabalhadores e trabalhadoras<\/a>\u00a0da\u00a0<a href=\"https:\/\/www.redebrasilatual.com.br\/destaques\/2019\/06\/mudancas-relatorio-reforma-previdencia\/\">prote\u00e7\u00e3o constitucional<\/a>, como ressalta a economista Marilane Teixeira em entrevista ao jornalista Glauco Faria da\u00a0<strong>R\u00e1dio Brasil Atual<\/strong>. \u201cA nossa luta tem que ser pela reprova\u00e7\u00e3o do projeto na \u00edntegra\u201d, destaca a pesquisadora do Centro de Estudos Sindicais e da Economia do Trabalho (Cesit) da Universidade Estadual de Campinas (Unicamp), Marilane cita a altera\u00e7\u00e3o na idade m\u00ednima para homens e mulheres, o aumento no tempo de contribui\u00e7\u00e3o, a desconstitucionaliza\u00e7\u00e3o da Previd\u00eancia e as mudan\u00e7as sobre o regime de pens\u00e3o, com redu\u00e7\u00e3o nos valores.<\/p>\n<p>\u201cSe voc\u00ea decidir manter a aposentadoria, ela (pens\u00e3o) ser\u00e1 calculada numa propor\u00e7\u00e3o, nunca o valor integral, e, evidentemente, que ser\u00e3o as mulheres as mais prejudicadas . Essa talvez uma das reformas mais perversas\u201d, avalia Marilane.<\/p>\n<p>H\u00e1 tamb\u00e9m uma disputa para que o relator inclua estados e munic\u00edpios no texto, e retire as for\u00e7as de seguran\u00e7a da \u201creforma\u201d. Se aprovado na Comiss\u00e3o Especial, o projeto ser\u00e1 levado \u00e0 C\u00e2mara onde, de acordo com a economista, deve se iniciar uma nova batalha. O presidente da Casa, deputado Rodrigo Maia (DEM-RJ) j\u00e1<a href=\"https:\/\/twitter.com\/RodrigoMaia\/status\/1139948992249389056?ref_src=twsrc%5Etfw%7Ctwcamp%5Etweetembed%7Ctwterm%5E1139948992249389056%7Ctwgr%5E393039363b636f6e74726f6c&amp;ref_url=https%3A%2F%2Fveja.abril.com.br%2Feconomia%2Fnada-impede-que-capitalizacao-seja-aprovada-no-2o-semestre-diz-maia%2F\" target=\"_blank\" rel=\"noopener noreferrer\">\u00a0anunciou que pretende aprovar a capitaliza\u00e7\u00e3o<\/a>, que ficou de fora, no segundo semestre.<\/p>\n<p>\u201cTivemos vit\u00f3rias importantes, um reflexo da forma como a sociedade e os movimentos sociais e sindicais reagiram ao texto, mas n\u00f3s temos muito para avan\u00e7ar (\u2026) Todo esse desmonte da seguridade social, essa economia de mais de um trilh\u00e3o, obviamente ela tem o objetivo que \u00e9 financiar esse regime de transi\u00e7\u00e3o para o modelo de capitaliza\u00e7\u00e3o\u201d, alerta Marilane.<\/p>\n<p><strong>Fonte: Rede Brasil Atual<\/strong><\/p>\n","protected":false},"excerpt":{"rendered":"<p>O novo parecer da \u201creforma\u201d da Previd\u00eancia deve ser lido nesta ter\u00e7a-feira (2) na Comiss\u00e3o Especial. De acordo com a\u00a0R\u00e1dio C\u00e2mara, o relator, deputado Samuel Moreira (PSDB-SP) dever\u00e1 apresentar o texto para que, na quarta-feira (3), o colegiado comece a votar as novas regras de acesso dos brasileiros \u00e0 aposentadoria. Desde que chegou \u00e0 Casa [&hellip;]<\/p>\n","protected":false},"author":2,"featured_media":7009,"comment_status":"","ping_status":"","sticky":false,"template":"","format":"standard","meta":{"footnotes":""},"categories":[3],"tags":[],"class_list":["post-7010","post","type-post","status-publish","format-standard","has-post-thumbnail","hentry","category-noticias"],"_links":{"self":[{"href":"https:\/\/hostnetart.com.br\/baixada\/wp-json\/wp\/v2\/posts\/7010","targetHints":{"allow":["GET"]}}],"collection":[{"href":"https:\/\/hostnetart.com.br\/baixada\/wp-json\/wp\/v2\/posts"}],"about":[{"href":"https:\/\/hostnetart.com.br\/baixada\/wp-json\/wp\/v2\/types\/post"}],"author":[{"embeddable":true,"href":"https:\/\/hostnetart.com.br\/baixada\/wp-json\/wp\/v2\/users\/2"}],"replies":[{"embeddable":true,"href":"https:\/\/hostnetart.com.br\/baixada\/wp-json\/wp\/v2\/comments?post=7010"}],"version-history":[{"count":0,"href":"https:\/\/hostnetart.com.br\/baixada\/wp-json\/wp\/v2\/posts\/7010\/revisions"}],"wp:featuredmedia":[{"embeddable":true,"href":"https:\/\/hostnetart.com.br\/baixada\/wp-json\/wp\/v2\/media\/7009"}],"wp:attachment":[{"href":"https:\/\/hostnetart.com.br\/baixada\/wp-json\/wp\/v2\/media?parent=7010"}],"wp:term":[{"taxonomy":"category","embeddable":true,"href":"https:\/\/hostnetart.com.br\/baixada\/wp-json\/wp\/v2\/categories?post=7010"},{"taxonomy":"post_tag","embeddable":true,"href":"https:\/\/hostnetart.com.br\/baixada\/wp-json\/wp\/v2\/tags?post=7010"}],"curies":[{"name":"wp","href":"https:\/\/api.w.org\/{rel}","templated":true}]}}