{"id":701,"date":"2015-03-16T18:05:00","date_gmt":"2015-03-16T21:05:00","guid":{"rendered":"https:\/\/hostnetart.com.br\/baixada\/comissao-paritaria-do-pcs-da-caixa-debate-promocao-por-merito-nesta-terca\/"},"modified":"2015-03-16T18:05:00","modified_gmt":"2015-03-16T21:05:00","slug":"comissao-paritaria-do-pcs-da-caixa-debate-promocao-por-merito-nesta-terca","status":"publish","type":"post","link":"https:\/\/hostnetart.com.br\/baixada\/comissao-paritaria-do-pcs-da-caixa-debate-promocao-por-merito-nesta-terca\/","title":{"rendered":"Comiss\u00e3o parit\u00e1ria do PCS da Caixa debate promo\u00e7\u00e3o por m\u00e9rito nesta ter\u00e7a"},"content":{"rendered":"<p><span style=\"color: #464646;\">A comiss\u00e3o parit\u00e1ria do PCS da Caixa Econ\u00f4mica Federal se re\u00fane nesta ter\u00e7a-feira (17), \u00e0s 16h, em Bras\u00edlia, para dar continuidade ao debate sobre os crit\u00e9rios da promo\u00e7\u00e3o por m\u00e9rito de 2015.\u00a0<\/span><br style=\"color: #464646;\" \/><br style=\"color: #464646;\" \/><span style=\"color: #464646;\">Na reuni\u00e3o anterior, ocorrida em 24 de fevereiro, os empregados da Caixa obtiveram um importante avan\u00e7o. \u00c9 que a empresa, ap\u00f3s press\u00e3o das entidades representativas, concordou em retirar o AV Caixa da proposta de sistem\u00e1tica para o ano-base de 2015. A inclus\u00e3o da medida, como queria a Caixa, era uma forma de atrelar a promo\u00e7\u00e3o por m\u00e9rito ao cumprimento de metas.<\/span><br style=\"color: #464646;\" \/><br style=\"color: #464646;\" \/><span style=\"color: #464646;\">Desde o primeiro encontro neste ano, ocorrido em 28 de janeiro, que o banco defendia a mudan\u00e7a na metodologia da promo\u00e7\u00e3o por merecimento com o objetivo de vincular a avalia\u00e7\u00e3o dos empregados ao cumprimento de metas. A Caixa prop\u00f4s a substitui\u00e7\u00e3o do crit\u00e9rio Avalia\u00e7\u00e3o de M\u00faltiplas Fontes pelo AV Caixa.<\/span><br style=\"color: #464646;\" \/><br style=\"color: #464646;\" \/><span style=\"color: #464646;\">A postura do banco foi contestada pelos dirigentes sindicais, que deixaram claro n\u00e3o abrir m\u00e3o da manuten\u00e7\u00e3o da Avalia\u00e7\u00e3o por M\u00faltiplas Fontes. A suspeita \u00e9 de que o AV Caixa visa, sobretudo, reduzir o n\u00famero de empregados aptos a receber a promo\u00e7\u00e3o por merecimento.\u00a0<\/span><br style=\"color: #464646;\" \/><br style=\"color: #464646;\" \/><span style=\"color: #464646;\">Diferentemente disso, por\u00e9m, a avalia\u00e7\u00e3o por m\u00faltiplas fontes, defendida pelos empregados, faz o trabalhador participar ativamente. Esse mecanismo \u00e9 mais democr\u00e1tico, porque todas as an\u00e1lises possuem o mesmo peso, levando a que os empregados avaliem a si pr\u00f3prios, aos colegas e aos gestores, ao mesmo tempo que s\u00e3o avaliados por eles.<\/span><br style=\"color: #464646;\" \/><br style=\"color: #464646;\" \/><b style=\"color: #464646;\">Representantes dos trabalhadores<\/b><br style=\"color: #464646;\" \/><br style=\"color: #464646;\" \/><span style=\"color: #464646;\">A bancada dos trabalhadores na comiss\u00e3o parit\u00e1ria \u00e9 representada por Gen\u00e9sio Cardoso (Fetec\/PR), Leonardo dos Santos Quadros (Fetec\/SP), Marcelo Lopes de Lima (Feeb\/SP-MS), Vanessa Sobreira Pereira (Sindicato de Bras\u00edlia), Wandeir Souza Severo (Fetec\/Centro-Norte) e Jefferson Tramontini (Sindicato do Cear\u00e1).<\/span><br style=\"color: #464646;\" \/><br style=\"color: #464646;\" \/><br style=\"color: #464646;\" \/><span style=\"color: #464646;\">Fonte: Contraf-CUT com Fenae<\/span><\/p>\n","protected":false},"excerpt":{"rendered":"<p>A comiss\u00e3o parit\u00e1ria do PCS da Caixa Econ\u00f4mica Federal se re\u00fane nesta ter\u00e7a-feira (17), \u00e0s 16h, em Bras\u00edlia, para dar continuidade ao debate sobre os crit\u00e9rios da promo\u00e7\u00e3o por m\u00e9rito de 2015.\u00a0Na reuni\u00e3o anterior, ocorrida em 24 de fevereiro, os empregados da Caixa obtiveram um importante avan\u00e7o. \u00c9 que a empresa, ap\u00f3s press\u00e3o das entidades [&hellip;]<\/p>\n","protected":false},"author":1,"featured_media":0,"comment_status":"","ping_status":"","sticky":false,"template":"","format":"standard","meta":{"footnotes":""},"categories":[3],"tags":[],"class_list":["post-701","post","type-post","status-publish","format-standard","hentry","category-noticias"],"_links":{"self":[{"href":"https:\/\/hostnetart.com.br\/baixada\/wp-json\/wp\/v2\/posts\/701","targetHints":{"allow":["GET"]}}],"collection":[{"href":"https:\/\/hostnetart.com.br\/baixada\/wp-json\/wp\/v2\/posts"}],"about":[{"href":"https:\/\/hostnetart.com.br\/baixada\/wp-json\/wp\/v2\/types\/post"}],"author":[{"embeddable":true,"href":"https:\/\/hostnetart.com.br\/baixada\/wp-json\/wp\/v2\/users\/1"}],"replies":[{"embeddable":true,"href":"https:\/\/hostnetart.com.br\/baixada\/wp-json\/wp\/v2\/comments?post=701"}],"version-history":[{"count":0,"href":"https:\/\/hostnetart.com.br\/baixada\/wp-json\/wp\/v2\/posts\/701\/revisions"}],"wp:attachment":[{"href":"https:\/\/hostnetart.com.br\/baixada\/wp-json\/wp\/v2\/media?parent=701"}],"wp:term":[{"taxonomy":"category","embeddable":true,"href":"https:\/\/hostnetart.com.br\/baixada\/wp-json\/wp\/v2\/categories?post=701"},{"taxonomy":"post_tag","embeddable":true,"href":"https:\/\/hostnetart.com.br\/baixada\/wp-json\/wp\/v2\/tags?post=701"}],"curies":[{"name":"wp","href":"https:\/\/api.w.org\/{rel}","templated":true}]}}