{"id":7006,"date":"2019-07-02T14:18:59","date_gmt":"2019-07-02T17:18:59","guid":{"rendered":"https:\/\/hostnetart.com.br\/baixada\/mundo-levou-nove-anos-para-recuperar-nivel-de-emprego-anterior-a-crise-de-2008\/"},"modified":"2019-07-02T14:18:59","modified_gmt":"2019-07-02T17:18:59","slug":"mundo-levou-nove-anos-para-recuperar-nivel-de-emprego-anterior-a-crise-de-2008","status":"publish","type":"post","link":"https:\/\/hostnetart.com.br\/baixada\/mundo-levou-nove-anos-para-recuperar-nivel-de-emprego-anterior-a-crise-de-2008\/","title":{"rendered":"Mundo levou nove anos para recuperar n\u00edvel de emprego anterior \u00e0 crise de 2008"},"content":{"rendered":"<p><a href=\"https:\/\/fpabramo.org.br\/2019\/07\/01\/mundo-do-trabalho-demorou-9-anos-para-recuperar-niveis-pre-crise-de-2008\/\" target=\"_blank\" rel=\"noopener noreferrer\">FPA<\/a>\u00a0\u2013 O capitalismo mais uma vez tem provado que na \u00e9poca de bonan\u00e7a os benef\u00edcios s\u00e3o apropriados por poucos, mas na \u00e9poca de crise os preju\u00edzos s\u00e3o divididos entre todos. Relat\u00f3rio da Organiza\u00e7\u00e3o Internacional do Trabalho (<a href=\"https:\/\/fpabramo.org.br\/wp-content\/uploads\/2019\/06\/relatorio_oit.pdf\">World Employment Social Outlook 2018\/2019<\/a>) mostra que foi necess\u00e1rio somente um ano para que a taxa de desocupa\u00e7\u00e3o global subisse de 5% em 2008 para 5,6% em 2009, na esteira da crise financeira internacional. Mostra tamb\u00e9m que a recupera\u00e7\u00e3o dos n\u00edveis de desocupa\u00e7\u00e3o para n\u00edveis pr\u00e9-crise demorou um total de nove anos, chegando\u00a0novamente \u00e0 taxa global de 5% somente em 2019.<\/p>\n<p>Segundo dados da institui\u00e7\u00e3o, 172 milh\u00f5es de pessoas em todo o mundo compunham o grupo de desocupados em 2018, que deve aumentar para 173 milh\u00f5es neste ano de 2019 e para 174 milh\u00f5es em 2020, por conta do crescimento populacional. Isso, claro, caso n\u00e3o ocorram grandes mudan\u00e7as no cen\u00e1rio atual.<\/p>\n<p>Um olhar de g\u00eanero, no entanto, mostra que enquanto a taxa global de desocupa\u00e7\u00e3o foi de 5%,\u00a0<a href=\"https:\/\/www.redebrasilatual.com.br\/trabalho\/2018\/11\/desemprego-e-maior-entre-mulheres-negras-e-jovens-aponta-estudo-do-ipea\/\">entre as mulheres<\/a>chegou a 5,4% e, entre os homens, a 4,7%. J\u00e1 os n\u00fameros absolutos de desocupados foram 73 milh\u00f5es entre as mulheres e 99 milh\u00f5es entre os homens, o que \u00e9 explicado pela maior participa\u00e7\u00e3o na for\u00e7a de trabalho entre os homens.<\/p>\n<p>Como mostra a figura abaixo, retirada da publica\u00e7\u00e3o, a for\u00e7a de trabalho potencial alcan\u00e7ou 140 milh\u00f5es de pessoas, o que, somado ao n\u00famero de desocupados (172 milh\u00f5es) leva a 312 milh\u00f5es a quantidade de subutilizados em n\u00edvel global. Isso para nem discutir qual \u00e9 a qualidade da ocupa\u00e7\u00e3o dos 3,3 bilh\u00f5es considerados ocupados hoje no mundo (mas o gr\u00e1fico d\u00e1 uma dica: 61% destes est\u00e3o no\u00a0<a href=\"https:\/\/www.redebrasilatual.com.br\/destaques\/2019\/06\/informalidade-no-mercado-de-trabalho-faz-o-brasil-perder-r-382-bilhoes-em-arrecadacao\/\">mercado informal<\/a>). Enquanto milh\u00f5es padecem, o capitalismo vai bem, obrigado.<\/p>\n<div id=\"attachment_365788\" class=\"wp-caption alignleft\"><img fetchpriority=\"high\" decoding=\"async\" class=\"wp-image-365788 size-full\" src=\"https:\/\/www.redebrasilatual.com.br\/wp-content\/uploads\/2019\/07\/graf-mercado-trabalho-global-oit.png\" sizes=\"(max-width: 780px) 100vw, 780px\" srcset=\"https:\/\/www.redebrasilatual.com.br\/wp-content\/uploads\/2019\/07\/graf-mercado-trabalho-global-oit.png 780w, https:\/\/www.redebrasilatual.com.br\/wp-content\/uploads\/2019\/07\/graf-mercado-trabalho-global-oit-300x188.png 300w, https:\/\/www.redebrasilatual.com.br\/wp-content\/uploads\/2019\/07\/graf-mercado-trabalho-global-oit-768x482.png 768w, https:\/\/www.redebrasilatual.com.br\/wp-content\/uploads\/2019\/07\/graf-mercado-trabalho-global-oit-585x368.png 585w\" alt=\"OIT\" width=\"780\" height=\"490\" \/><\/p>\n<p class=\"wp-caption-text\">Perfil do mercado de trabalho no mundo: trabalho informal \u00e9 predominante e muitos est\u00e3o fora do mercado<\/p>\n<p class=\"wp-caption-text\"><strong>Fonte: Rede Brasil Atual<\/strong><\/p>\n<\/div>\n","protected":false},"excerpt":{"rendered":"<p>FPA\u00a0\u2013 O capitalismo mais uma vez tem provado que na \u00e9poca de bonan\u00e7a os benef\u00edcios s\u00e3o apropriados por poucos, mas na \u00e9poca de crise os preju\u00edzos s\u00e3o divididos entre todos. Relat\u00f3rio da Organiza\u00e7\u00e3o Internacional do Trabalho (World Employment Social Outlook 2018\/2019) mostra que foi necess\u00e1rio somente um ano para que a taxa de desocupa\u00e7\u00e3o global [&hellip;]<\/p>\n","protected":false},"author":2,"featured_media":7005,"comment_status":"","ping_status":"","sticky":false,"template":"","format":"standard","meta":{"footnotes":""},"categories":[3],"tags":[],"class_list":["post-7006","post","type-post","status-publish","format-standard","has-post-thumbnail","hentry","category-noticias"],"_links":{"self":[{"href":"https:\/\/hostnetart.com.br\/baixada\/wp-json\/wp\/v2\/posts\/7006","targetHints":{"allow":["GET"]}}],"collection":[{"href":"https:\/\/hostnetart.com.br\/baixada\/wp-json\/wp\/v2\/posts"}],"about":[{"href":"https:\/\/hostnetart.com.br\/baixada\/wp-json\/wp\/v2\/types\/post"}],"author":[{"embeddable":true,"href":"https:\/\/hostnetart.com.br\/baixada\/wp-json\/wp\/v2\/users\/2"}],"replies":[{"embeddable":true,"href":"https:\/\/hostnetart.com.br\/baixada\/wp-json\/wp\/v2\/comments?post=7006"}],"version-history":[{"count":0,"href":"https:\/\/hostnetart.com.br\/baixada\/wp-json\/wp\/v2\/posts\/7006\/revisions"}],"wp:featuredmedia":[{"embeddable":true,"href":"https:\/\/hostnetart.com.br\/baixada\/wp-json\/wp\/v2\/media\/7005"}],"wp:attachment":[{"href":"https:\/\/hostnetart.com.br\/baixada\/wp-json\/wp\/v2\/media?parent=7006"}],"wp:term":[{"taxonomy":"category","embeddable":true,"href":"https:\/\/hostnetart.com.br\/baixada\/wp-json\/wp\/v2\/categories?post=7006"},{"taxonomy":"post_tag","embeddable":true,"href":"https:\/\/hostnetart.com.br\/baixada\/wp-json\/wp\/v2\/tags?post=7006"}],"curies":[{"name":"wp","href":"https:\/\/api.w.org\/{rel}","templated":true}]}}