{"id":6992,"date":"2019-06-28T14:45:09","date_gmt":"2019-06-28T17:45:09","guid":{"rendered":"https:\/\/hostnetart.com.br\/baixada\/com-mercado-de-trabalho-fragil-numero-de-autonomos-subutilizados-e-desalentados-e-recorde\/"},"modified":"2019-06-28T14:45:09","modified_gmt":"2019-06-28T17:45:09","slug":"com-mercado-de-trabalho-fragil-numero-de-autonomos-subutilizados-e-desalentados-e-recorde","status":"publish","type":"post","link":"https:\/\/hostnetart.com.br\/baixada\/com-mercado-de-trabalho-fragil-numero-de-autonomos-subutilizados-e-desalentados-e-recorde\/","title":{"rendered":"Com mercado de trabalho fr\u00e1gil, n\u00famero de aut\u00f4nomos, subutilizados e desalentados \u00e9 recorde"},"content":{"rendered":"<p>O mercado de trabalho segue acentuadamente fr\u00e1gil. A taxa de desemprego no pa\u00eds manteve-se alta no trimestre encerrado em maio, 12,3%, \u201cestatisticamente est\u00e1vel\u201d tanto em rela\u00e7\u00e3o ao trimestre anteriores como a igual per\u00edodo de 2018, segundo informou hoje (28) o IBGE. O n\u00famero de desempregados \u00e9 estimado em 12,984 milh\u00f5es, praticamente no mesmo n\u00edvel, com menos 206 mil em um ano (-1,6%). Mas os resultados da Pesquisa Nacional por Amostra de Domic\u00edlios (<a href=\"https:\/\/agenciadenoticias.ibge.gov.br\/agencia-noticias\/2012-agencia-de-noticias\/noticias\/24909-desemprego-fica-estavel-mas-populacao-subutilizada-e-a-maior-desde-2012\" target=\"_blank\" rel=\"noopener noreferrer\">Pnad<\/a>) Cont\u00ednua mostraram alguns recordes negativos.<\/p>\n<p>Em 12 meses, s\u00e3o 2,361 milh\u00f5es de ocupados a mais (2,6%). A maior parte continua sendo de trabalhadores por conta pr\u00f3pria, acr\u00e9scimo de 1,170 milh\u00e3o (5,1%), e de empregados sem carteira (372 mil), com crescimento de 3,4%. O ritmo de alta do emprego com carteira no setor privado \u00e9 bem menor, de 1,6% (521 mil). Em rela\u00e7\u00e3o ao trimestre encerrado em fevereiro, s\u00f3 o emprego sem carteira e aut\u00f4nomo cresceu. O total de trabalhadores por conta pr\u00f3pria bateu recorde, atingindo 24,033 milh\u00f5es.<\/p>\n<p>A chamada subutiliza\u00e7\u00e3o da for\u00e7a de trabalho, que inclui pessoas que poderiam estar trabalhando mais, voltou a atingir o recorde de 25%. E o n\u00famero de pessoas nessa situa\u00e7\u00e3o agora soma 28,5 milh\u00f5es, crescimento de 744 mil no trimestre e de 1,066 milh\u00e3o em 12 meses.<\/p>\n<p>Tamb\u00e9m \u00e9 recorde o n\u00famero de pessoas desalentadas: 4,9 milh\u00f5es. A taxa de desalento \u00e9 de 4,4%. Nos dois casos, houve estabilidade em rela\u00e7\u00e3o a per\u00edodos anteriores.<\/p>\n<p>Entre os setores pesquisados, agricultura, <a href=\"https:\/\/www.redebrasilatual.com.br\/economia\/2019\/05\/no-primeiro-pib-de-bolsonaro-economia-brasileira-andou-para-tras\/\" target=\"_blank\" rel=\"noopener noreferrer\">ind\u00fastria<\/a> e administra\u00e7\u00e3o p\u00fablica cresceram no trimestre. Em 12 meses, a pesquisa mostra alta em setores ligados a servi\u00e7os e estabilidade nos demais.<\/p>\n<p>Estimado em R$ 2.289, o rendimento m\u00e9dio caiu 1,5% no trimestre e ficou est\u00e1vel em rela\u00e7\u00e3o a igual per\u00edodo de 2018. J\u00e1 a massa de rendimentos (R$ 207,5 bilh\u00f5es) ficou est\u00e1vel no primeiro per\u00edodo e cresceu 2,4% em 12 meses, devido ao aumento da ocupa\u00e7\u00e3o.<\/p>\n<p><strong>Fonte: Rede Brasil Atual<\/strong><\/p>\n","protected":false},"excerpt":{"rendered":"<p>O mercado de trabalho segue acentuadamente fr\u00e1gil. A taxa de desemprego no pa\u00eds manteve-se alta no trimestre encerrado em maio, 12,3%, \u201cestatisticamente est\u00e1vel\u201d tanto em rela\u00e7\u00e3o ao trimestre anteriores como a igual per\u00edodo de 2018, segundo informou hoje (28) o IBGE. O n\u00famero de desempregados \u00e9 estimado em 12,984 milh\u00f5es, praticamente no mesmo n\u00edvel, com [&hellip;]<\/p>\n","protected":false},"author":2,"featured_media":6991,"comment_status":"","ping_status":"","sticky":false,"template":"","format":"standard","meta":{"footnotes":""},"categories":[3],"tags":[],"class_list":["post-6992","post","type-post","status-publish","format-standard","has-post-thumbnail","hentry","category-noticias"],"_links":{"self":[{"href":"https:\/\/hostnetart.com.br\/baixada\/wp-json\/wp\/v2\/posts\/6992","targetHints":{"allow":["GET"]}}],"collection":[{"href":"https:\/\/hostnetart.com.br\/baixada\/wp-json\/wp\/v2\/posts"}],"about":[{"href":"https:\/\/hostnetart.com.br\/baixada\/wp-json\/wp\/v2\/types\/post"}],"author":[{"embeddable":true,"href":"https:\/\/hostnetart.com.br\/baixada\/wp-json\/wp\/v2\/users\/2"}],"replies":[{"embeddable":true,"href":"https:\/\/hostnetart.com.br\/baixada\/wp-json\/wp\/v2\/comments?post=6992"}],"version-history":[{"count":0,"href":"https:\/\/hostnetart.com.br\/baixada\/wp-json\/wp\/v2\/posts\/6992\/revisions"}],"wp:featuredmedia":[{"embeddable":true,"href":"https:\/\/hostnetart.com.br\/baixada\/wp-json\/wp\/v2\/media\/6991"}],"wp:attachment":[{"href":"https:\/\/hostnetart.com.br\/baixada\/wp-json\/wp\/v2\/media?parent=6992"}],"wp:term":[{"taxonomy":"category","embeddable":true,"href":"https:\/\/hostnetart.com.br\/baixada\/wp-json\/wp\/v2\/categories?post=6992"},{"taxonomy":"post_tag","embeddable":true,"href":"https:\/\/hostnetart.com.br\/baixada\/wp-json\/wp\/v2\/tags?post=6992"}],"curies":[{"name":"wp","href":"https:\/\/api.w.org\/{rel}","templated":true}]}}