{"id":6990,"date":"2019-06-28T14:42:58","date_gmt":"2019-06-28T17:42:58","guid":{"rendered":"https:\/\/hostnetart.com.br\/baixada\/pais-que-entrega-embraer-e-pre-sal-nao-tem-moral-para-falar-em-soberania-diz-amorim\/"},"modified":"2019-06-28T14:42:58","modified_gmt":"2019-06-28T17:42:58","slug":"pais-que-entrega-embraer-e-pre-sal-nao-tem-moral-para-falar-em-soberania-diz-amorim","status":"publish","type":"post","link":"https:\/\/hostnetart.com.br\/baixada\/pais-que-entrega-embraer-e-pre-sal-nao-tem-moral-para-falar-em-soberania-diz-amorim\/","title":{"rendered":"Pa\u00eds que entrega Embraer e pr\u00e9-sal n\u00e3o tem moral para falar em soberania, diz Amorim"},"content":{"rendered":"<p>A soberania do Brasil n\u00e3o est\u00e1 posta em quest\u00e3o pelos cr\u00edticos de Bolsonaro no G20. O que houve, ainda antes do in\u00edcio da reuni\u00e3o, foi uma manifesta\u00e7\u00e3o de\u00a0<a href=\"https:\/\/www.redebrasilatual.com.br\/politica\/2019\/06\/g20-bolsonaro-japao-criticas-heleno\/\" target=\"_blank\" rel=\"noopener noreferrer\">preocupa\u00e7\u00e3o<\/a> da\u00a0chanceler alem\u00e3, Angela Merkel, por conta da guinada na pol\u00edtica ambiental brasileira. Mesma apreens\u00e3o exposta pelo presidente franc\u00eas, Emmanuel Macron, que fala em bloquear acordo comercial entre Uni\u00e3o Europeia e Mercosul, caso o presidente Jair Bolsonaro se retire do Acordo de Paris, como anunciou em campanha. O Acordo de Paris trata de <a href=\"https:\/\/www.redebrasilatual.com.br\/mundo\/2017\/07\/em-documento-final-g20-isola-eua-ao-afirmar-que-acordo-de-paris-e-irreversivel\/\" target=\"_blank\" rel=\"noopener noreferrer\">compromissos para redu\u00e7\u00e3o<\/a> de emiss\u00f5es de gases de efeito estufa no esfor\u00e7o contra o aquecimento global.<\/p>\n<p>Mas o governo Bolsonaro, pela boca do presidente e de seu ministro do Gabinete de Seguran\u00e7a Institucional, responderam como se grosseria diplom\u00e1tica fosse sinal de altivez ou respeito \u00e0 soberania.\u00a0Para o ex-ministro das Rela\u00e7\u00f5es Exteriores Celso Amorim, o desastre marca o contraste entre a atual imagem do Brasil no cen\u00e1rio internacional e o papel de destaque alcan\u00e7ado em per\u00edodo recente.<\/p>\n<p>\u201cAntes todo mundo queria aparecer do lado do Lula. <a href=\"https:\/\/www.redebrasilatual.com.br\/destaques\/2019\/06\/bolsonaro-lidera-ranking-fracasso\/\" target=\"_blank\" rel=\"noopener noreferrer\">Agora \u00e9 o contr\u00e1rio<\/a>. Parece haver um esfor\u00e7o de l\u00edderes mundiais para n\u00e3o aparecerem ao lado do presidente do Brasil nessas reuni\u00f5es\u201d, disse o diplomata em entrevista \u00e0 jornalista Marilu Caba\u00f1as para o <a href=\"https:\/\/www.youtube.com\/watch?v=d9imvt4dDQo\" target=\"_blank\" rel=\"noopener noreferrer\"><em>Jornal Brasil Atual<\/em><\/a> nesta sexta-feira (28), lembrando que o ex-presidente Luis In\u00e1cio Lula da Silva foi um dos principais articuladores do G-20, que viria a substituir o antigo G-7 como principal foro de decis\u00f5es internacionais entre os grandes pa\u00edses.<\/p>\n<p>Ele diz que o respeito do Brasil \u00e0s normas internacionais, posto em xeque com Bolsonaro, come\u00e7aram muito antes do governo do PT, do qual participou. \u201cCome\u00e7ou com Collor, continuou no governo Itamar, e at\u00e9 no governo Fernando Henrique Cardoso.\u201d<\/p>\n<p>A contradi\u00e7\u00e3o, segundo Amorim, \u00e9 que o atual governo finge utilizar conceito de soberania para violar normas internacionais, e ao mesmo tempo viola a nossa soberania, ao entregar o patrim\u00f4nio brasileiro a estrangeiros, como no caso da <a href=\"https:\/\/www.redebrasilatual.com.br\/economia\/2018\/12\/venda-da-embraer-compromete-a-soberania-nacional-segundo-o-dieese\/\" target=\"_blank\" rel=\"noopener noreferrer\">venda da Embraer<\/a> para os norte-americanos da Boeing, ou ainda a entrega do <a href=\"https:\/\/www.redebrasilatual.com.br\/economia\/2018\/09\/exploracao-estrangeira-do-pre-sal-inviabiliza-desenvolvimento-alertam-especialistas\/\" target=\"_blank\" rel=\"noopener noreferrer\">pr\u00e9-sal<\/a> \u00e0s petrol\u00edferas estrangeiras.<\/p>\n<p>Segundo ele, em nenhuma outra \u00e9poca o Brasil teve uma imagem internacional t\u00e3o ruim como agora, talvez compar\u00e1vel apenas ao per\u00edodo da ditadura, quando as den\u00fancias de tortura, morte e desaparecimento de opositores manchavam a imagem do pa\u00eds. O ex-chanceler afirma que o governo brasileiro s\u00f3 n\u00e3o \u00e9 exclu\u00eddo dos encontros internacionais, tornando-se um \u201cp\u00e1ria\u201d, devido \u00e0s suas dimens\u00f5es territoriais, populacionais e econ\u00f4micas.<\/p>\n<p>Amorim diz que essa percep\u00e7\u00e3o negativa traz<a href=\"https:\/\/www.redebrasilatual.com.br\/economia\/2019\/01\/com-muito-agrotoxico-soja-brasileira-pode-deixar-de-ser-comprada-pela-russia\/\" target=\"_blank\" rel=\"noopener noreferrer\"> preju\u00edzos para as empresas brasileiras<\/a> com neg\u00f3cios no exterior. Ele teme tamb\u00e9m que o enfraquecimento do Brasil no cen\u00e1rio internacional leve a fazer concess\u00f5es excessivas em negocia\u00e7\u00f5es comerciais e diplom\u00e1ticas com outros pa\u00edses. No caso do Mercosul, soma-se ainda a fraqueza econ\u00f4mica da Argentina, que voltou a recorrer ao FMI, o que fragiliza ainda mais o poder de negocia\u00e7\u00e3o do bloco.<\/p>\n<h3>Avi\u00e3o de \u201ccarreira\u201d<\/h3>\n<p>Sobre o esc\u00e2ndalo do militar brasileiro preso na Espanha com <a href=\"https:\/\/www.redebrasilatual.com.br\/politica\/2019\/06\/militar-preso-39-quilos-de-cocaina-aviao-fab\/\" target=\"_blank\" rel=\"noopener noreferrer\">39 quilos<\/a> de coca\u00edna, Amorim diz que \u201cnunca viu nada parecido\u201d. Al\u00e9m de ampliar o desgaste da imagem do Brasil no exterior, j\u00e1 que o caso recebeu ampla cobertura da imprensa europeia, o ex-chanceler classifica tamb\u00e9m como uma \u201cfalha grav\u00edssima\u201d de seguran\u00e7a da comitiva do presidente. \u201cE se em vez de coca\u00edna, fosse uma bomba?\u201d, questiona o ex-ministro.<\/p>\n<p><strong>Fonte: Rede Brasil Atual<\/strong><\/p>\n","protected":false},"excerpt":{"rendered":"<p>A soberania do Brasil n\u00e3o est\u00e1 posta em quest\u00e3o pelos cr\u00edticos de Bolsonaro no G20. O que houve, ainda antes do in\u00edcio da reuni\u00e3o, foi uma manifesta\u00e7\u00e3o de\u00a0preocupa\u00e7\u00e3o da\u00a0chanceler alem\u00e3, Angela Merkel, por conta da guinada na pol\u00edtica ambiental brasileira. Mesma apreens\u00e3o exposta pelo presidente franc\u00eas, Emmanuel Macron, que fala em bloquear acordo comercial entre [&hellip;]<\/p>\n","protected":false},"author":2,"featured_media":6989,"comment_status":"","ping_status":"","sticky":false,"template":"","format":"standard","meta":{"footnotes":""},"categories":[3],"tags":[],"class_list":["post-6990","post","type-post","status-publish","format-standard","has-post-thumbnail","hentry","category-noticias"],"_links":{"self":[{"href":"https:\/\/hostnetart.com.br\/baixada\/wp-json\/wp\/v2\/posts\/6990","targetHints":{"allow":["GET"]}}],"collection":[{"href":"https:\/\/hostnetart.com.br\/baixada\/wp-json\/wp\/v2\/posts"}],"about":[{"href":"https:\/\/hostnetart.com.br\/baixada\/wp-json\/wp\/v2\/types\/post"}],"author":[{"embeddable":true,"href":"https:\/\/hostnetart.com.br\/baixada\/wp-json\/wp\/v2\/users\/2"}],"replies":[{"embeddable":true,"href":"https:\/\/hostnetart.com.br\/baixada\/wp-json\/wp\/v2\/comments?post=6990"}],"version-history":[{"count":0,"href":"https:\/\/hostnetart.com.br\/baixada\/wp-json\/wp\/v2\/posts\/6990\/revisions"}],"wp:featuredmedia":[{"embeddable":true,"href":"https:\/\/hostnetart.com.br\/baixada\/wp-json\/wp\/v2\/media\/6989"}],"wp:attachment":[{"href":"https:\/\/hostnetart.com.br\/baixada\/wp-json\/wp\/v2\/media?parent=6990"}],"wp:term":[{"taxonomy":"category","embeddable":true,"href":"https:\/\/hostnetart.com.br\/baixada\/wp-json\/wp\/v2\/categories?post=6990"},{"taxonomy":"post_tag","embeddable":true,"href":"https:\/\/hostnetart.com.br\/baixada\/wp-json\/wp\/v2\/tags?post=6990"}],"curies":[{"name":"wp","href":"https:\/\/api.w.org\/{rel}","templated":true}]}}