{"id":699,"date":"2015-03-16T18:04:00","date_gmt":"2015-03-16T21:04:00","guid":{"rendered":"https:\/\/hostnetart.com.br\/baixada\/100-mil-exigem-em-sao-paulo-mudanca-nos-rumos-da-politica-mas-sem-golpe\/"},"modified":"2015-03-16T18:04:00","modified_gmt":"2015-03-16T21:04:00","slug":"100-mil-exigem-em-sao-paulo-mudanca-nos-rumos-da-politica-mas-sem-golpe","status":"publish","type":"post","link":"https:\/\/hostnetart.com.br\/baixada\/100-mil-exigem-em-sao-paulo-mudanca-nos-rumos-da-politica-mas-sem-golpe\/","title":{"rendered":"100 mil exigem em S\u00e3o Paulo mudan\u00e7a nos rumos da pol\u00edtica, mas sem golpe"},"content":{"rendered":"<div id=\"col-mask\">\n<div id=\"post-6144\" class=\"post-6144 post type-post status-publish format-standard hentry category-noticias post-content\">O presidente nacional da CUT, Vagner Freitas, defendeu para 100 mil manifestantes \u2013 apenas na capital de S\u00e3o Paulo -, na tarde desta sexta-feira (13), a revis\u00e3o da pol\u00edtica econ\u00f4mica em vigor e informou que a Central apresentar\u00e1 uma proposta alternativa que n\u00e3o onere os trabalhadores e trabalhadoras brasileiras.<\/p>\n<div class=\"real-content\">\n<p>\u201cAjuste fiscal e n\u00e3o investimento no mercado interno. Outros pa\u00edses do mundo adotaram essa receita e os trabalhadores perderam seus empregos. N\u00f3s temos uma classe trabalhadora organizada e classe empresarial bastante forte, se n\u00f3s tivermos condi\u00e7\u00e3o de fazer uma pol\u00edtica econ\u00f4mica voltada para o crescimento, ser\u00e1 bom para todo mundo\u201d, destaca Vagner. \u201cE essa turma que est\u00e1 aqui apresentar\u00e1 uma proposta de pol\u00edtica econ\u00f4mica para o Brasil que leve em considera\u00e7\u00e3o o fortalecimento e o crescimento do Estado\u201d, destaca.<\/p>\n<p>Vagner defendeu fortemente os quatro eixos da manifesta\u00e7\u00e3o dos movimentos sociais \u2013 Democracia, Direitos, Reforma Pol\u00edtica e Petrobr\u00e1s \u2013 e frisou que luta pela Democracia \u00e9 tamb\u00e9m uma luta contra intoler\u00e2ncia. Na manifesta\u00e7\u00e3o desta sexta, era poss\u00edvel ver a pluralidade de grupos sociais presentes, que inclu\u00eda mulheres, homens, crian\u00e7as, ind\u00edgenas, negros, brancos, popula\u00e7\u00e3o LGBT, camponeses e movimentos urbanos, entre outros.<\/p>\n<p>A CUT n\u00e3o participar\u00e1 dos atos de domingo (15) e as entidades que organizaram o ato desta sexta apresentar\u00e3o uma plataforma pol\u00edtica de reivindica\u00e7\u00f5es para a presidenta Dilma Rousseff.<\/p>\n<p><b>Defender a Petrobr\u00e1s \u00e9 defender o Brasil<\/b><\/p>\n<p>Jo\u00e3o Antonio de Moraes, diretor da Federa\u00e7\u00e3o \u00danica dos Petroleiros (FUP), lembra que a Petrobr\u00e1s \u00e9 fundamental para a economia brasileira e que os casos de corrup\u00e7\u00e3o n\u00e3o podem ser distorcidos e usados como forma de inviabilizar a estatal e entreg\u00e1-la para multinacionais.<\/p>\n<p>\u201cS\u00e3o cerca de 1,5 milh\u00e3o de empregos que giram em torno da ind\u00fastria de petr\u00f3leo. Entregar o pr\u00e9-sal \u00e9 um crime. O povo n\u00e3o permitir\u00e1 que isso aconte\u00e7a. Para n\u00f3s, est\u00e1 muito claro que, quem cometeu coisa errada, se comprovado, seja punido. Mas paralisar as empresas, principalmente a Petrobr\u00e1s, \u00e9 um crime contra o povo brasileiro. E n\u00e3o permitiremos\u201d, ressalta o direitor.<\/p>\n<p>O discurso de contraposi\u00e7\u00e3o \u00e0s tentativas de enfraquecer a Petrobr\u00e1s tamb\u00e9m \u00e9 forte na fala de Cibele Vieira, coordenadora geral do Sindipetro Unificado SP. \u201cQuerem colocar o \u00f4nus que a burguesia t\u00e1 criando para a classe trabalhadora e n\u00e3o permitiremos isso\u201d, afirma.<\/p>\n<p>\u201cEste n\u00e3o \u00e9 o \u00fanico ato. Querem entregar o que restou da Petrobr\u00e1s para a iniciativa privada, principalmente internacional.\u201d , afirma Adi dos Santos Lima, presidente da CUT-SP. \u201cEsse ato \u00e9 para dizer aos que querem vender a Petrobr\u00e1s que devem desistir\u201d.<\/p>\n<p><b>Funcionalismo p\u00fablico<\/b><\/p>\n<p>Mais de 10 mil professores ligados ao Sindicato dos Professores do Ensino Oficial do Estado de S\u00e3o Paulo (Apeoesp), aprovaram em assembleia uma greve por tempo indeterminado, a come\u00e7ar nesta segunda-feira (16), com pautas como valoriza\u00e7\u00e3o salarial, contrata\u00e7\u00e3o de concursados e plano de cargos e sal\u00e1rios. A presidenta da Apeoesp, Maria Izabel Azevedo Noronha, a Bebel, lembrou que o governador de S\u00e3o Paulo , Geraldo Alckmin, \u00e9 inimigo da Educa\u00e7\u00e3o.<\/p>\n<p>\u201cO governo estadual j\u00e1 fechou mais de 3 mil salas de aula nos \u00faltimos dois anos. Se inviabilizarem a Petrobr\u00e1s, a situa\u00e7\u00e3o s\u00f3 piora. Os professores e professoras precisam ter claro que defender a Petrobr\u00e1s \u00e9 uma luta por Democracia e deve ser encampada por toda a CUT\u201d, destacou.<\/p>\n<p>Reunidos em frente \u00e0 Secretaria da Sa\u00fade do Estado de S\u00e3o Paulo, centenas de trabalhadores e trabalhadoras da sa\u00fade tamb\u00e9m aprovaram por unanimidade a pauta da Campanha Salarial 2O15. Os trabalhadores v\u00e3o protocolar a pauta de reivindica\u00e7\u00f5es e reivindicar um espa\u00e7o de negocia\u00e7\u00e3o. Caso o governo n\u00e3o abra negocia\u00e7\u00f5es, a categoria vai discutir a possibilidade de uma greve.<\/p>\n<p>O governador Geraldo Alckmin, do PSDB (que comanda o Estado h\u00e1 mais de 2O anos), anunciou que n\u00e3o haver\u00e1 aumento para o funcionalismo este ano. Enquanto isso, aprova um decreto que determina aumento real de 18% para todo seu secretariado.<\/p>\n<p>Ap\u00f3s a assembleia geral, que terminou por volta das 14h45, os trabalhadores caminharam em dire\u00e7\u00e3o \u00e0 Avenida Paulista e se juntaram ao restante da milit\u00e2ncia que participa do Dia Nacional de Luta.<\/p>\n<p>\u201cEste ser\u00e1 apenas o in\u00edcio das mobiliza\u00e7\u00f5es. N\u00e3o aceitaremos que grupos da elite e da direita utilizem o processo de investiga\u00e7\u00e3o sobre a corrup\u00e7\u00e3o na Petrobr\u00e1s para justificar uma campanha contra o governo, buscando um terceiro turno\u201d, assinalou Gerv\u00e1sio Foganholi, presidente do Sindicato dos Trabalhadores P\u00fablicos na Sa\u00fade de S\u00e3o Paulo (Sindsa\u00fade\/SP).<\/p>\n<p>Fonte: CUT<\/p>\n<\/div>\n<\/div>\n<\/div>\n","protected":false},"excerpt":{"rendered":"<p>O presidente nacional da CUT, Vagner Freitas, defendeu para 100 mil manifestantes \u2013 apenas na capital de S\u00e3o Paulo -, na tarde desta sexta-feira (13), a revis\u00e3o da pol\u00edtica econ\u00f4mica em vigor e informou que a Central apresentar\u00e1 uma proposta alternativa que n\u00e3o onere os trabalhadores e trabalhadoras brasileiras. \u201cAjuste fiscal e n\u00e3o investimento no [&hellip;]<\/p>\n","protected":false},"author":1,"featured_media":0,"comment_status":"","ping_status":"","sticky":false,"template":"","format":"standard","meta":{"footnotes":""},"categories":[3],"tags":[],"class_list":["post-699","post","type-post","status-publish","format-standard","hentry","category-noticias"],"_links":{"self":[{"href":"https:\/\/hostnetart.com.br\/baixada\/wp-json\/wp\/v2\/posts\/699","targetHints":{"allow":["GET"]}}],"collection":[{"href":"https:\/\/hostnetart.com.br\/baixada\/wp-json\/wp\/v2\/posts"}],"about":[{"href":"https:\/\/hostnetart.com.br\/baixada\/wp-json\/wp\/v2\/types\/post"}],"author":[{"embeddable":true,"href":"https:\/\/hostnetart.com.br\/baixada\/wp-json\/wp\/v2\/users\/1"}],"replies":[{"embeddable":true,"href":"https:\/\/hostnetart.com.br\/baixada\/wp-json\/wp\/v2\/comments?post=699"}],"version-history":[{"count":0,"href":"https:\/\/hostnetart.com.br\/baixada\/wp-json\/wp\/v2\/posts\/699\/revisions"}],"wp:attachment":[{"href":"https:\/\/hostnetart.com.br\/baixada\/wp-json\/wp\/v2\/media?parent=699"}],"wp:term":[{"taxonomy":"category","embeddable":true,"href":"https:\/\/hostnetart.com.br\/baixada\/wp-json\/wp\/v2\/categories?post=699"},{"taxonomy":"post_tag","embeddable":true,"href":"https:\/\/hostnetart.com.br\/baixada\/wp-json\/wp\/v2\/tags?post=699"}],"curies":[{"name":"wp","href":"https:\/\/api.w.org\/{rel}","templated":true}]}}