{"id":6978,"date":"2019-06-27T16:34:33","date_gmt":"2019-06-27T19:34:33","guid":{"rendered":"https:\/\/hostnetart.com.br\/baixada\/brasil-e-um-dos-10-piores-paises-do-mundo-para-trabalhar\/"},"modified":"2019-06-27T16:34:33","modified_gmt":"2019-06-27T19:34:33","slug":"brasil-e-um-dos-10-piores-paises-do-mundo-para-trabalhar","status":"publish","type":"post","link":"https:\/\/hostnetart.com.br\/baixada\/brasil-e-um-dos-10-piores-paises-do-mundo-para-trabalhar\/","title":{"rendered":"Brasil \u00e9 um dos 10 piores pa\u00edses do mundo para trabalhar"},"content":{"rendered":"<p>O Brasil est\u00e1 entre os\u00a0<a href=\"https:\/\/www.redebrasilatual.com.br\/trabalho\/2019\/06\/brasil-um-dos-10-piores-paises-para-trabalhadores-e-continuara-sendo-monitorado-na-oit\/\">10 piores pa\u00edses do mundo para os trabalhadores<\/a>, segundo an\u00e1lise divulgada na 108\u00aa Confer\u00eancia Internacional do Trabalho, realizada em Genebra, na Su\u00ed\u00e7a, nas duas \u00faltimas semanas. Monitorado pela Organiza\u00e7\u00e3o Internacional do Trabalho (OIT) por causa\u00a0<a href=\"https:\/\/contrafcut.com.br\/videos\/tv-contraf-lado-a-lado-ep1-reforma-trabalhista\/\" target=\"_blank\" rel=\"noopener noreferrer\">de sua nova legisla\u00e7\u00e3o<\/a>, \u00e9 a primeira vez que o Brasil aparece entre os 10 piores, em uma rela\u00e7\u00e3o com 145 pa\u00edses, avaliados com base em 97 indicadores.<\/p>\n<p>De acordo com o \u00cdndice Global de Direitos da Confedera\u00e7\u00e3o Sindical Internacional (CSI),\u00a0<a href=\"https:\/\/www.redebrasilatual.com.br\/politica\/2019\/06\/teto-de-gastos-e-reforma-trabalhista-criaram-armadilha-a-favor-da-reforma-da-previdencia\/\" target=\"_blank\" rel=\"noopener noreferrer\">as mudan\u00e7as introduziram no pa\u00eds uma ordena\u00e7\u00e3o legal que incentiva regress\u00e3o nas condi\u00e7\u00f5es de trabalho, em negocia\u00e7\u00f5es, direitos e sal\u00e1rios<\/a>.<\/p>\n<p>Demiss\u00f5es foram facilitadas e muitos direitos flexibilizados. O empregador pode cada vez mais negociar sem que o trabalhador tenha o acompanhamento dos sindicatos, que muitas vezes s\u00e3o afastados das negocia\u00e7\u00f5es.<\/p>\n<p>\u201cEles alteraram o que desde o in\u00edcio da CLT s\u00e3o orienta\u00e7\u00f5es legais para regular o financiamento dos sindicatos. O governo interfere nas negocia\u00e7\u00f5es coletivas. H\u00e1 den\u00fancias de assassinatos de dirigentes ou demiss\u00f5es de dirigentes, afastando-os de sua responsabilidade sindical\u201d, diz o diretor t\u00e9cnico do Dieese,<a href=\"https:\/\/www.redebrasilatual.com.br\/trabalho\/2019\/06\/brasil-pos-golpe-e-um-dos-dez-piores-paises-do-mundo-para-o-trabalho-diz-csi\/\" target=\"_blank\" rel=\"noopener noreferrer\">Clemente Ganz L\u00facio, em entrevista \u00e0 R\u00e1dio Brasil Atual<\/a>.<\/p>\n<p>\u201cNo Brasil, al\u00e9m de n\u00e3o haver mais legisla\u00e7\u00e3o trabalhista, n\u00e3o h\u00e1 democracia. H\u00e1 persegui\u00e7\u00e3o \u00e0s liberdades individuais e ao direito coletivo. E, acima de tudo, h\u00e1 o desrespeito muito grande aos tratados e conven\u00e7\u00f5es internacionais, n\u00e3o apenas no que diz respeito aos direitos trabalhistas, mas tamb\u00e9m aos direitos humanos\u201d, afirmou o presidente da CUT, Vagner Freitas, ao fazer refer\u00eancia a amea\u00e7as do governo brasileiro de sair das Na\u00e7\u00f5es Unidas e da pr\u00f3pria OIT, por discordar de suas decis\u00f5es. \u201cA \u00fanica sa\u00edda que o governo brasileiro prop\u00f5e \u00e9 mais viol\u00eancia. O governo prop\u00f5e armar a popula\u00e7\u00e3o e ignora que o Brasil est\u00e1 entre os dez pa\u00edses onde foram constatados assassinatos de sindicalistas, como aponta o relat\u00f3rio da CSI.\u201d<\/p>\n<h3>Monitoramento continua<\/h3>\n<p>Comiss\u00e3o de Aplica\u00e7\u00e3o de Normas da OIT decidiu que o Brasil deve permanecer sendo monitorado devido a den\u00fancias de que a \u201creforma\u201d trabalhista viola a Conven\u00e7\u00e3o 98 da entidade, sobre direito de organiza\u00e7\u00e3o e \u00e0 negocia\u00e7\u00e3o coletiva. A organiza\u00e7\u00e3o pediu ao governo que fa\u00e7a mudan\u00e7as, se necess\u00e1rio. Embora n\u00e3o considere a decis\u00e3o satisfat\u00f3ria, o secret\u00e1rio de Rela\u00e7\u00f5es Internacionais da CUT, Antonio Lisboa, observou que a recomenda\u00e7\u00e3o \u201crefor\u00e7a o que tanto os trabalhadores como o comit\u00ea de peritos disseram: n\u00e3o houve di\u00e1logo social para aprova\u00e7\u00e3o da lei\u201d.<\/p>\n<p><strong>Fonte:\u00a0Contraf-CUT<\/strong><\/p>\n","protected":false},"excerpt":{"rendered":"<p>O Brasil est\u00e1 entre os\u00a010 piores pa\u00edses do mundo para os trabalhadores, segundo an\u00e1lise divulgada na 108\u00aa Confer\u00eancia Internacional do Trabalho, realizada em Genebra, na Su\u00ed\u00e7a, nas duas \u00faltimas semanas. Monitorado pela Organiza\u00e7\u00e3o Internacional do Trabalho (OIT) por causa\u00a0de sua nova legisla\u00e7\u00e3o, \u00e9 a primeira vez que o Brasil aparece entre os 10 piores, em [&hellip;]<\/p>\n","protected":false},"author":2,"featured_media":6977,"comment_status":"","ping_status":"","sticky":false,"template":"","format":"standard","meta":{"footnotes":""},"categories":[3],"tags":[],"class_list":["post-6978","post","type-post","status-publish","format-standard","has-post-thumbnail","hentry","category-noticias"],"_links":{"self":[{"href":"https:\/\/hostnetart.com.br\/baixada\/wp-json\/wp\/v2\/posts\/6978","targetHints":{"allow":["GET"]}}],"collection":[{"href":"https:\/\/hostnetart.com.br\/baixada\/wp-json\/wp\/v2\/posts"}],"about":[{"href":"https:\/\/hostnetart.com.br\/baixada\/wp-json\/wp\/v2\/types\/post"}],"author":[{"embeddable":true,"href":"https:\/\/hostnetart.com.br\/baixada\/wp-json\/wp\/v2\/users\/2"}],"replies":[{"embeddable":true,"href":"https:\/\/hostnetart.com.br\/baixada\/wp-json\/wp\/v2\/comments?post=6978"}],"version-history":[{"count":0,"href":"https:\/\/hostnetart.com.br\/baixada\/wp-json\/wp\/v2\/posts\/6978\/revisions"}],"wp:featuredmedia":[{"embeddable":true,"href":"https:\/\/hostnetart.com.br\/baixada\/wp-json\/wp\/v2\/media\/6977"}],"wp:attachment":[{"href":"https:\/\/hostnetart.com.br\/baixada\/wp-json\/wp\/v2\/media?parent=6978"}],"wp:term":[{"taxonomy":"category","embeddable":true,"href":"https:\/\/hostnetart.com.br\/baixada\/wp-json\/wp\/v2\/categories?post=6978"},{"taxonomy":"post_tag","embeddable":true,"href":"https:\/\/hostnetart.com.br\/baixada\/wp-json\/wp\/v2\/tags?post=6978"}],"curies":[{"name":"wp","href":"https:\/\/api.w.org\/{rel}","templated":true}]}}