{"id":6970,"date":"2019-06-26T16:41:26","date_gmt":"2019-06-26T19:41:26","guid":{"rendered":"https:\/\/hostnetart.com.br\/baixada\/justica-do-rio-proibe-manifestacoes-artisticas-em-transportes-coletivos\/"},"modified":"2019-06-26T16:41:26","modified_gmt":"2019-06-26T19:41:26","slug":"justica-do-rio-proibe-manifestacoes-artisticas-em-transportes-coletivos","status":"publish","type":"post","link":"https:\/\/hostnetart.com.br\/baixada\/justica-do-rio-proibe-manifestacoes-artisticas-em-transportes-coletivos\/","title":{"rendered":"Justi\u00e7a do Rio pro\u00edbe manifesta\u00e7\u00f5es art\u00edsticas em transportes coletivos"},"content":{"rendered":"<p>O \u00d3rg\u00e3o Especial do Tribunal de Justi\u00e7a do Rio de Janeiro declarou, por maioria, ser inconstitucional a legisla\u00e7\u00e3o que permite apresenta\u00e7\u00f5es art\u00edsticas e culturais em\u00a0<a href=\"https:\/\/www.redebrasilatual.com.br\/cidadania\/2019\/02\/tarifas-do-transporte-publico-aumentam-no-rio-sub-suspeitas-de-corrupcao-e-desvios\/\" target=\"_blank\" rel=\"noopener noreferrer\">barcas e vag\u00f5es de trens e metr\u00f4s<\/a>\u00a0no estado fluminense. A Lei 8.120\/2018, que havia sido sancionada pelo governo estadual em setembro, autorizava a\u00a0<a href=\"https:\/\/www.redebrasilatual.com.br\/politica\/2018\/07\/artistas-de-rua-fazem-esquenta-para-o-festival-lula-livre-no-rio-1\/\" target=\"_blank\" rel=\"noopener noreferrer\">livre manifesta\u00e7\u00e3o<\/a>, mas foi alvo de a\u00e7\u00e3o de inconstitucionalidade movida pelo ent\u00e3o deputado estadual, hoje senador,\u00a0<a href=\"https:\/\/www.redebrasilatual.com.br\/politica\/2019\/05\/familia-bolsonaro-tio-de-michelle-e-preso-em-acao-contra-milicia-flavio-tenta-barrar-mp-pela-3a-vez\/\" target=\"_blank\" rel=\"noopener noreferrer\">Fl\u00e1vio Bolsonaro<\/a>\u00a0(PSL). \u00c0 \u00e9poca, o parlamentar alegou que a legisla\u00e7\u00e3o estabelecia novas obriga\u00e7\u00f5es para as concession\u00e1rias respons\u00e1veis pelo transporte coletivo, al\u00e9m de incomodar o sossego e o conforto dos passageiros.<\/p>\n<p>Para a artista Gl\u00e1ucia da Silva Maciel, integrante da Orquestra de Rua, o entendimento da Justi\u00e7a soa como uma \u201cbarbaridade\u201d, como destaca \u00e0 rep\u00f3rter Adriana Maria, do\u00a0<em>Seu Jornal<\/em>, da\u00a0<strong>TVT<\/strong>.\u00a0\u201cA gente est\u00e1 numa \u00e9poca que as barbaridades est\u00e3o virando comuns, e as pessoas levam isso como se fosse s\u00f3 mais uma coisa. Mas n\u00e3o \u00e9 s\u00f3 mais uma coisa. De certa forma, os sonhos de milhares de pessoas s\u00e3o destru\u00eddos, porque se a gente tira a nossa renda dali, e agora n\u00e3o poderemos mais, ent\u00e3o de onde iremos arrumar recurso para poder continuar na faculdade?\u201d, questiona a artista.<\/p>\n<p>Na decis\u00e3o, o Tribunal de Justi\u00e7a considera que o dispositivo fere direitos e garantias dos passageiros. \u201c\u00c9 balela, porque muita gente gosta. Se uma pessoa fica incomodada \u00e9 s\u00f3 levantar a m\u00e3o. N\u00f3s respeitamos, sa\u00edmos do vag\u00e3o e vamos para outro\u201d, contesta a tamb\u00e9m integrante da Orquestra de Rua Juliane de Souza.<\/p>\n<p>Na Assembleia Legislativa do Rio, houve rea\u00e7\u00e3o contra o parecer da Justi\u00e7a. Segundo o deputado estadual Waldeck Carneiro (PT), o Legislativo deve recorrer na Procuradoria para manter o texto aprovado pelo governo, e\u00a0<a href=\"https:\/\/www.redebrasilatual.com.br\/cultura\/2016\/10\/artistas-de-rua-debatem-luta-pelo-espaco-publico-durante-festival-em-porto-alegre-6921\/\" target=\"_blank\" rel=\"noopener noreferrer\">regulamentar o dispositivo<\/a>, para proteger tamb\u00e9m os passageiros que porventura se sintam incomodados. \u201c\u00c9 preciso fortalecer a arte p\u00fablica, as manifesta\u00e7\u00f5es culturais (\u2026) bastava a regulamenta\u00e7\u00e3o do poder Executivo para disciplinar essas situa\u00e7\u00f5es\u201d, explica Carneiro.<\/p>\n<p><strong>Fonte: Rede Brasil Atual<\/strong><\/p>\n","protected":false},"excerpt":{"rendered":"<p>O \u00d3rg\u00e3o Especial do Tribunal de Justi\u00e7a do Rio de Janeiro declarou, por maioria, ser inconstitucional a legisla\u00e7\u00e3o que permite apresenta\u00e7\u00f5es art\u00edsticas e culturais em\u00a0barcas e vag\u00f5es de trens e metr\u00f4s\u00a0no estado fluminense. A Lei 8.120\/2018, que havia sido sancionada pelo governo estadual em setembro, autorizava a\u00a0livre manifesta\u00e7\u00e3o, mas foi alvo de a\u00e7\u00e3o de inconstitucionalidade [&hellip;]<\/p>\n","protected":false},"author":2,"featured_media":6969,"comment_status":"","ping_status":"","sticky":false,"template":"","format":"standard","meta":{"footnotes":""},"categories":[3],"tags":[],"class_list":["post-6970","post","type-post","status-publish","format-standard","has-post-thumbnail","hentry","category-noticias"],"_links":{"self":[{"href":"https:\/\/hostnetart.com.br\/baixada\/wp-json\/wp\/v2\/posts\/6970","targetHints":{"allow":["GET"]}}],"collection":[{"href":"https:\/\/hostnetart.com.br\/baixada\/wp-json\/wp\/v2\/posts"}],"about":[{"href":"https:\/\/hostnetart.com.br\/baixada\/wp-json\/wp\/v2\/types\/post"}],"author":[{"embeddable":true,"href":"https:\/\/hostnetart.com.br\/baixada\/wp-json\/wp\/v2\/users\/2"}],"replies":[{"embeddable":true,"href":"https:\/\/hostnetart.com.br\/baixada\/wp-json\/wp\/v2\/comments?post=6970"}],"version-history":[{"count":0,"href":"https:\/\/hostnetart.com.br\/baixada\/wp-json\/wp\/v2\/posts\/6970\/revisions"}],"wp:featuredmedia":[{"embeddable":true,"href":"https:\/\/hostnetart.com.br\/baixada\/wp-json\/wp\/v2\/media\/6969"}],"wp:attachment":[{"href":"https:\/\/hostnetart.com.br\/baixada\/wp-json\/wp\/v2\/media?parent=6970"}],"wp:term":[{"taxonomy":"category","embeddable":true,"href":"https:\/\/hostnetart.com.br\/baixada\/wp-json\/wp\/v2\/categories?post=6970"},{"taxonomy":"post_tag","embeddable":true,"href":"https:\/\/hostnetart.com.br\/baixada\/wp-json\/wp\/v2\/tags?post=6970"}],"curies":[{"name":"wp","href":"https:\/\/api.w.org\/{rel}","templated":true}]}}