{"id":696,"date":"2015-03-10T18:03:00","date_gmt":"2015-03-10T21:03:00","guid":{"rendered":"https:\/\/hostnetart.com.br\/baixada\/contraf-cut-retoma-debates-do-forum-de-saude-com-santander-nesta-terca\/"},"modified":"2015-03-10T18:03:00","modified_gmt":"2015-03-10T21:03:00","slug":"contraf-cut-retoma-debates-do-forum-de-saude-com-santander-nesta-terca","status":"publish","type":"post","link":"https:\/\/hostnetart.com.br\/baixada\/contraf-cut-retoma-debates-do-forum-de-saude-com-santander-nesta-terca\/","title":{"rendered":"Contraf-CUT retoma debates do F\u00f3rum de Sa\u00fade com Santander nesta ter\u00e7a"},"content":{"rendered":"<p><span style=\"color: #464646;\">A Contraf-CUT, federa\u00e7\u00f5es e sindicatos retomam nesta ter\u00e7a-feira (10), das 14h \u00e0s 16h, os debates do F\u00f3rum de Sa\u00fade e Condi\u00e7\u00f5es de Trabalho com o Santander, em S\u00e3o Paulo.\u00a0<\/span><br style=\"color: #464646;\" \/><br style=\"color: #464646;\" \/><span style=\"color: #464646;\">Trata-se de um espa\u00e7o de discuss\u00f5es previsto na cl\u00e1usula 24\u00aa do acordo aditivo do Santander \u00e0 conven\u00e7\u00e3o coletiva, assinado com vig\u00eancia de dois anos entre as entidades sindicais e o banco no final do ano passado.<\/span><br style=\"color: #464646;\" \/><br style=\"color: #464646;\" \/><span style=\"color: #464646;\">O Santander far\u00e1 uma exposi\u00e7\u00e3o sobre o Programa Retorne Bem, que trata do retorno ao trabalho para funcion\u00e1rios afastados por motivos de sa\u00fade, que se encontra em funcionamento h\u00e1 cerca de um ano e foi implantado sem nenhuma participa\u00e7\u00e3o do movimento sindical.<\/span><br style=\"color: #464646;\" \/><br style=\"color: #464646;\" \/><span style=\"color: #464646;\">O par\u00e1grafo 3\u00ba da cl\u00e1usula 44\u00aa da Conven\u00e7\u00e3o Coletiva de Trabalho (CCT), firmado entre as entidades sindicais e a Fenaban, diz que \u201co Programa de Reabilita\u00e7\u00e3o Profissional dever\u00e1 ser implementado pela \u00e1rea de Sa\u00fade Ocupacional do Banco e ser\u00e1 discutido com o Sindicato da categoria profissional. A forma de acompanhamento da implementa\u00e7\u00e3o, pelo Sindicato, constar\u00e1 do programa\u201d.<\/span><br style=\"color: #464646;\" \/><br style=\"color: #464646;\" \/><b style=\"color: #464646;\">Comit\u00ea de Rela\u00e7\u00f5es Trabalhistas<\/b><br style=\"color: #464646;\" \/><br style=\"color: #464646;\" \/><span style=\"color: #464646;\">Na quinta-feira (12), das 14h \u00e0s 16h, as entidades sindicais retomam tamb\u00e9m o Comit\u00ea de Rela\u00e7\u00f5es Trabalhistas (CRT) com o Santander.\u00a0<\/span><br style=\"color: #464646;\" \/><br style=\"color: #464646;\" \/><span style=\"color: #464646;\">Trata-se de um f\u00f3rum de negocia\u00e7\u00e3o permanente previsto na cl\u00e1usula 32\u00aa do acordo aditivo do banco \u00e0 conven\u00e7\u00e3o coletiva.<\/span><br style=\"color: #464646;\" \/><br style=\"color: #464646;\" \/><b style=\"color: #464646;\">Reuni\u00f5es da COE do Santander<\/b><br style=\"color: #464646;\" \/><br style=\"color: #464646;\" \/><span style=\"color: #464646;\">No mesmo dia de cada um dos dois encontros, a Contraf-CUT promover\u00e1 reuni\u00f5es da Comiss\u00e3o de Organiza\u00e7\u00e3o dos Empregados (COE) do Santander, \u00e0s 10h, em local a ser definido, a fim de preparar as discuss\u00f5es para os debates com o banco.<\/span><br style=\"color: #464646;\" \/><br style=\"color: #464646;\" \/><br style=\"color: #464646;\" \/><span style=\"color: #464646;\">Fonte: Contraf-CUT<\/span><\/p>\n","protected":false},"excerpt":{"rendered":"<p>A Contraf-CUT, federa\u00e7\u00f5es e sindicatos retomam nesta ter\u00e7a-feira (10), das 14h \u00e0s 16h, os debates do F\u00f3rum de Sa\u00fade e Condi\u00e7\u00f5es de Trabalho com o Santander, em S\u00e3o Paulo.\u00a0Trata-se de um espa\u00e7o de discuss\u00f5es previsto na cl\u00e1usula 24\u00aa do acordo aditivo do Santander \u00e0 conven\u00e7\u00e3o coletiva, assinado com vig\u00eancia de dois anos entre as entidades [&hellip;]<\/p>\n","protected":false},"author":1,"featured_media":0,"comment_status":"","ping_status":"","sticky":false,"template":"","format":"standard","meta":{"footnotes":""},"categories":[3],"tags":[],"class_list":["post-696","post","type-post","status-publish","format-standard","hentry","category-noticias"],"_links":{"self":[{"href":"https:\/\/hostnetart.com.br\/baixada\/wp-json\/wp\/v2\/posts\/696","targetHints":{"allow":["GET"]}}],"collection":[{"href":"https:\/\/hostnetart.com.br\/baixada\/wp-json\/wp\/v2\/posts"}],"about":[{"href":"https:\/\/hostnetart.com.br\/baixada\/wp-json\/wp\/v2\/types\/post"}],"author":[{"embeddable":true,"href":"https:\/\/hostnetart.com.br\/baixada\/wp-json\/wp\/v2\/users\/1"}],"replies":[{"embeddable":true,"href":"https:\/\/hostnetart.com.br\/baixada\/wp-json\/wp\/v2\/comments?post=696"}],"version-history":[{"count":0,"href":"https:\/\/hostnetart.com.br\/baixada\/wp-json\/wp\/v2\/posts\/696\/revisions"}],"wp:attachment":[{"href":"https:\/\/hostnetart.com.br\/baixada\/wp-json\/wp\/v2\/media?parent=696"}],"wp:term":[{"taxonomy":"category","embeddable":true,"href":"https:\/\/hostnetart.com.br\/baixada\/wp-json\/wp\/v2\/categories?post=696"},{"taxonomy":"post_tag","embeddable":true,"href":"https:\/\/hostnetart.com.br\/baixada\/wp-json\/wp\/v2\/tags?post=696"}],"curies":[{"name":"wp","href":"https:\/\/api.w.org\/{rel}","templated":true}]}}