{"id":6952,"date":"2019-06-19T03:08:26","date_gmt":"2019-06-19T06:08:26","guid":{"rendered":"https:\/\/hostnetart.com.br\/baixada\/entrevista-de-glenn-greenwald-na-tvt-nesta-terca-material-explosivo-ainda-nao-saiu\/"},"modified":"2019-06-19T03:08:26","modified_gmt":"2019-06-19T06:08:26","slug":"entrevista-de-glenn-greenwald-na-tvt-nesta-terca-material-explosivo-ainda-nao-saiu","status":"publish","type":"post","link":"https:\/\/hostnetart.com.br\/baixada\/entrevista-de-glenn-greenwald-na-tvt-nesta-terca-material-explosivo-ainda-nao-saiu\/","title":{"rendered":"Entrevista de Glenn Greenwald na TVT nesta ter\u00e7a: \u2018Material explosivo ainda n\u00e3o saiu\u2019"},"content":{"rendered":"<p>O <em>Seu Jornal<\/em>, da <strong>TVT<\/strong>, exibe na edi\u00e7\u00e3o de hoje (18) entrevista com o editor do site <a href=\"https:\/\/www.redebrasilatual.com.br\/politica\/2019\/06\/intercept-crime-nao-e-de-quem-denuncia\/\" target=\"_blank\" rel=\"noopener noreferrer\"><em>The Intercept Brasil<\/em><\/a>, Glenn Greenwald, que revelou di\u00e1logos do ex-juiz Sergio Moro e o procurador Deltan Dallagnol para conduzir de forma ilegal a acusa\u00e7\u00e3o contra o ex-presidente Luiz In\u00e1cio Lula da Silva. \u201cO que estamos fazendo, independentemente da opini\u00e3o sobre o Sergio Moro, Deltan Dallagnol ou sobre o <em>The Intecept,<\/em> \u00e9 jornalismo. \u00c9 mostrar o que as pessoas mais poderosas no pa\u00eds estavam fazendo nas sombras e essa transpar\u00eancia \u00e9 fundamental para qualquer democracia. E \u00e9 isso que est\u00e1 em jogo com as amea\u00e7as que estamos recebendo\u201d, disse Greenwald.<\/p>\n<p>\u201cVoc\u00ea n\u00e3o pode ser um juiz no seu pr\u00f3prio caso, como \u00e9 o que ocorre com o Sergio Moro\u201d, destaca o jornalista. \u201cNos Estados Unidos, h\u00e1 o entendimento que qualquer juiz, mesmo em causas pequenas, que for pego fazendo o que Moro fez no caso do Lula, colaborando em segredo com os procuradores, com certeza vai perder o cargo p\u00fablico imediatamente. Mas no Brasil at\u00e9 agora isso n\u00e3o aconteceu\u201d, lamenta.<\/p>\n<p>Greenwald falou sobre as pr\u00f3ximas publica\u00e7\u00f5es. \u201c\u00c9 dif\u00edcil prometer que o material vai sair em um dia espec\u00edfico, porque \u00e0s vezes no \u00faltimo minuto um advogado ou um editor pergunta alguma coisa, ou queremos fortalecer a parte de reportagem, ent\u00e3o demora mais tempo do que estamos planejando. Mas nossa inten\u00e7\u00e3o com certeza \u00e9 para publicar mais artigos nesta semana e tamb\u00e9m na semana que vem. E provavelmente essa reportagem toda vai durar meses porque \u00e9 um arquivo enorme e na minha opini\u00e3o o material mais importante, e mais explosivo, ainda n\u00e3o foi publicado.\u201d<\/p>\n<p>Confira a entrevista completa e outros destaques do dia no <em>Seu Jornal<\/em> a partir das 19h.<\/p>\n<p>Canal 44.1 \u2013 sinal digital HD aberto Grande S\u00e3o Paulo<br \/> Canal da TVT no <a href=\"https:\/\/www.youtube.com\/redetvt\" target=\"_blank\" rel=\"noopener noreferrer\">YouTube<\/a><br \/> Canal 512 NET HD-ABC<br \/> 513 NET-Mogi<br \/> Canal 12 \u2013 Vivo S\u00e3o Caetano do Sul<br \/> Baixe nosso aplicativo e assista a TVT<br \/> App Store: https:\/\/appsto.re\/br\/cBnzfb.i<br \/> Play Store: <a href=\"https:\/\/play.google.com\/store\/apps\/details?id=br.org.tv\">https:\/\/play.google.com\/store\/apps\/details?id=br.org.tv<\/a><\/p>\n<p><strong>Fonte: Rede Brasil Atual<\/strong><\/p>\n","protected":false},"excerpt":{"rendered":"<p>O Seu Jornal, da TVT, exibe na edi\u00e7\u00e3o de hoje (18) entrevista com o editor do site The Intercept Brasil, Glenn Greenwald, que revelou di\u00e1logos do ex-juiz Sergio Moro e o procurador Deltan Dallagnol para conduzir de forma ilegal a acusa\u00e7\u00e3o contra o ex-presidente Luiz In\u00e1cio Lula da Silva. \u201cO que estamos fazendo, independentemente da [&hellip;]<\/p>\n","protected":false},"author":2,"featured_media":6951,"comment_status":"","ping_status":"","sticky":false,"template":"","format":"standard","meta":{"footnotes":""},"categories":[3],"tags":[],"class_list":["post-6952","post","type-post","status-publish","format-standard","has-post-thumbnail","hentry","category-noticias"],"_links":{"self":[{"href":"https:\/\/hostnetart.com.br\/baixada\/wp-json\/wp\/v2\/posts\/6952","targetHints":{"allow":["GET"]}}],"collection":[{"href":"https:\/\/hostnetart.com.br\/baixada\/wp-json\/wp\/v2\/posts"}],"about":[{"href":"https:\/\/hostnetart.com.br\/baixada\/wp-json\/wp\/v2\/types\/post"}],"author":[{"embeddable":true,"href":"https:\/\/hostnetart.com.br\/baixada\/wp-json\/wp\/v2\/users\/2"}],"replies":[{"embeddable":true,"href":"https:\/\/hostnetart.com.br\/baixada\/wp-json\/wp\/v2\/comments?post=6952"}],"version-history":[{"count":0,"href":"https:\/\/hostnetart.com.br\/baixada\/wp-json\/wp\/v2\/posts\/6952\/revisions"}],"wp:featuredmedia":[{"embeddable":true,"href":"https:\/\/hostnetart.com.br\/baixada\/wp-json\/wp\/v2\/media\/6951"}],"wp:attachment":[{"href":"https:\/\/hostnetart.com.br\/baixada\/wp-json\/wp\/v2\/media?parent=6952"}],"wp:term":[{"taxonomy":"category","embeddable":true,"href":"https:\/\/hostnetart.com.br\/baixada\/wp-json\/wp\/v2\/categories?post=6952"},{"taxonomy":"post_tag","embeddable":true,"href":"https:\/\/hostnetart.com.br\/baixada\/wp-json\/wp\/v2\/tags?post=6952"}],"curies":[{"name":"wp","href":"https:\/\/api.w.org\/{rel}","templated":true}]}}